{"id":59633,"date":"2025-09-28T17:39:44","date_gmt":"2025-09-28T20:39:44","guid":{"rendered":"https:\/\/radiorevelacionfm.cl\/?p=59633"},"modified":"2025-09-28T17:39:44","modified_gmt":"2025-09-28T20:39:44","slug":"juventudes-de-coyhaique-participan-en-jornadas-de-salud-mental-organizadas-por-injuv-aysen","status":"publish","type":"post","link":"https:\/\/radiorevelacionfm.cl\/?p=59633","title":{"rendered":"Juventudes de Coyhaique participan en jornadas de salud mental organizadas por INJUV Ays\u00e9n"},"content":{"rendered":"<div class=\"flex_column av_one_full  flex_column_div av-zero-column-padding first  avia-builder-el-0  el_before_av_one_full  avia-builder-el-first  \" style='border-radius:0px; '><div  class='avia-image-container  av-styling-    avia-builder-el-1  avia-builder-el-no-sibling  avia-align-center '  itemprop=\"image\" itemscope=\"itemscope\" itemtype=\"https:\/\/schema.org\/ImageObject\"  ><div class='avia-image-container-inner'><div class='avia-image-overlay-wrap'><img decoding=\"async\" class='wp-image-59634 avia-img-lazy-loading-not-59634 avia_image' src=\"https:\/\/radiorevelacionfm.cl\/wp-content\/uploads\/2025\/09\/foto-2-colegio-alianza-austral-1_optimized-1.jpg\" alt='' title='foto-2-colegio-alianza-austral-(1)_optimized (1)' height=\"600\" width=\"1058\"  itemprop=\"thumbnailUrl\" srcset=\"https:\/\/radiorevelacionfm.cl\/wp-content\/uploads\/2025\/09\/foto-2-colegio-alianza-austral-1_optimized-1.jpg 1058w, https:\/\/radiorevelacionfm.cl\/wp-content\/uploads\/2025\/09\/foto-2-colegio-alianza-austral-1_optimized-1-300x170.jpg 300w, https:\/\/radiorevelacionfm.cl\/wp-content\/uploads\/2025\/09\/foto-2-colegio-alianza-austral-1_optimized-1-1030x584.jpg 1030w, https:\/\/radiorevelacionfm.cl\/wp-content\/uploads\/2025\/09\/foto-2-colegio-alianza-austral-1_optimized-1-768x436.jpg 768w, https:\/\/radiorevelacionfm.cl\/wp-content\/uploads\/2025\/09\/foto-2-colegio-alianza-austral-1_optimized-1-705x400.jpg 705w, https:\/\/radiorevelacionfm.cl\/wp-content\/uploads\/2025\/09\/foto-2-colegio-alianza-austral-1_optimized-1-450x255.jpg 450w, https:\/\/radiorevelacionfm.cl\/wp-content\/uploads\/2025\/09\/foto-2-colegio-alianza-austral-1_optimized-1-600x340.jpg 600w\" sizes=\"(max-width: 1058px) 100vw, 1058px\" \/><\/div><\/div><\/div><\/div><div class=\"flex_column av_one_full  flex_column_div av-zero-column-padding first  avia-builder-el-2  el_after_av_one_full  el_before_av_one_full  column-top-margin\" style='border-radius:0px; '><section class=\"av_textblock_section \"  itemscope=\"itemscope\" itemtype=\"https:\/\/schema.org\/BlogPosting\" itemprop=\"blogPost\" ><div class='avia_textblock  '   itemprop=\"text\" ><p style=\"text-align: center;\"><span style=\"font-size: 18pt;\"><strong>Juventudes de Coyhaique participan en jornadas de salud mental organizadas por INJUV Ays\u00e9n<\/strong><\/span><\/p>\n<div id=\"gtx-trans\" style=\"position: absolute; left: -50px; top: 4.31534px;\">\n<div class=\"gtx-trans-icon\"><\/div>\n<\/div>\n<\/div><\/section><\/div><div class=\"flex_column av_one_full  flex_column_div av-zero-column-padding first  avia-builder-el-4  el_after_av_one_full  el_before_av_hr  column-top-margin\" style='border-radius:0px; '><section class=\"av_textblock_section \"  itemscope=\"itemscope\" itemtype=\"https:\/\/schema.org\/BlogPosting\" itemprop=\"blogPost\" ><div class='avia_textblock  '   itemprop=\"text\" ><p style=\"text-align: justify;\">Con el objetivo de promover el bienestar f\u00edsico y mental de las juventudes de la regi\u00f3n, el Instituto Nacional de la Juventud (INJUV) desarroll\u00f3 una activaci\u00f3n regional y di\u00e1logo comunitario en el Liceo Bicentenario Altos del Mackay y en el Colegio Alianza Austral, en el marco del programa Hablemos de Todo.<\/p>\n<p style=\"text-align: justify;\">La iniciativa estuvo dirigida a estudiantes de ense\u00f1anza media y fue liderada por el psic\u00f3logo de INJUV Ays\u00e9n, Mauro Finlez Godoy, quien abord\u00f3 tem\u00e1ticas relacionadas con la ansiedad, entregando informaci\u00f3n actualizada y basada en evidencia cient\u00edfica. El prop\u00f3sito fue dotar a las y los j\u00f3venes de herramientas concretas para identificar, comprender y manejar esta problem\u00e1tica de salud mental, cada vez m\u00e1s presente en su entorno.<\/p>\n<p style=\"text-align: justify;\">El director regional de INJUV Ays\u00e9n, Camilo Trivi\u00f1o Urtubia, indic\u00f3 que \u201ccuando hablamos de ansiedad en la adolescencia, no estamos describiendo un concepto abstracto, sino realidades que atraviesan las juventudes todos los d\u00edas. Por eso, como INJUV nos propusimos llegar a las salas de clases y conversar de frente, con evidencia y empat\u00eda, para que sepan que no est\u00e1n solos y que la salud mental tambi\u00e9n se construye en comunidad. Estos espacios nos recuerdan que cuidar lo emocional es tan importante como cuidar lo f\u00edsico, y que cada conversaci\u00f3n puede ser la llave para transformar silencios en apoyo mutuo.\u201d<\/p>\n<p style=\"text-align: justify;\">\u201cEn mi rol de presidenta y representando a todo mi equipo, la verdad estamos profundamente agradecidos con la colaboraci\u00f3n que ha tenido INJUV con nosotros, sobre todo en esta charla, la verdad es que fue sumamente productiva, los estudiantes que participaron est\u00e1n agradecidos de este espacio de di\u00e1logo que se gener\u00f3, permiti\u00f3 generar nuevas herramientas para el manejo de la ansiedad y el estr\u00e9s, sobre todo en \u00e9pocas como estas donde el estr\u00e9s escolar aumenta debido a las evaluaciones, as\u00ed que muy agradecida, muy contenta y esperamos tener otras instancias as\u00ed y como siempre contar con la colaboraci\u00f3n de INJUV\u201d, sostuvo la presidenta del gobierno estudiantil del Colegio Alianza Austral, Sof\u00eda Garc\u00e9s Herrera.<\/p>\n<p style=\"text-align: justify;\">En tanto, Ricardo Mariqueo Legue, joven estudiante del Liceo Bicentenario Altos del Mackay indic\u00f3 que <em>\u201c<\/em><em>la actividad fue muy informativa y entretenida. Me pareci\u00f3 valioso que se generara un espacio para que los j\u00f3venes podamos expresarnos libremente, algo que no siempre ocurre en la sala de clases. Adem\u00e1s, fue muy \u00fatil que se hablara de la ansiedad, porque es una realidad que muchos vivimos y no siempre sabemos c\u00f3mo manejar. Estos encuentros nos ayudan a entender que no estamos solos y que existe apoyo disponible\u201d. <\/em><\/p>\n<p style=\"text-align: justify;\">El programa Hablemos de Todo de INJUV ofrece un servicio gratuito de chat en l\u00ednea gratuito y confidencial, atendido por profesionales de la salud mental. Este canal funciona de lunes a viernes entre las 11:00 y 23:00 horas, y los s\u00e1bados de 12:00 a 18:00 horas, proporcionando orientaci\u00f3n, contenci\u00f3n emocional y derivaci\u00f3n en caso de ser necesario.<\/p>\n<p style=\"text-align: justify;\">Durante el 2025, el programa se ha enfocado en tres ejes priorizados por las juventudes en el Encuentro Territorial realizado el 2024: ansiedad, consumo de alcohol y drogas, e interrupci\u00f3n voluntaria del embarazo, tem\u00e1ticas que han guiado las acciones desarrolladas en la regi\u00f3n de Ays\u00e9n.<\/p>\n<p style=\"text-align: justify;\">Las y los j\u00f3venes interesados pueden obtener m\u00e1s informaci\u00f3n a trav\u00e9s del sitio web <a href=\"http:\/\/hablemosdetodo.injuv.gob.cl\">http:\/\/hablemosdetodo.injuv.gob.cl<\/a>, en redes sociales (@injuvaysen en Instagram, X y Facebook) o de forma presencial en la direcci\u00f3n regional de INJUV Ays\u00e9n, ubicada en Manuel Rodr\u00edguez #239, Coyhaique, de lunes a jueves de 09:00 a 17:00 horas (horario continuado) y viernes hasta las 16:00 horas.<\/p>\n<\/div><\/section><\/div><div  style='height:50px' class='hr hr-invisible   avia-builder-el-6  el_after_av_one_full  el_before_av_social_share '><span class='hr-inner ' ><span class='hr-inner-style'><\/span><\/span><\/div><\/p>\n<div  class='av-social-sharing-box  avia-builder-el-7  el_after_av_hr  el_before_av_hr  '><div class='av-share-box'><h5 class='av-share-link-description av-no-toc '>Compartir esta noticia<\/h5><ul class='av-share-box-list noLightbox'><li class='av-share-link av-social-link-facebook' ><a target=\"_blank\" aria-label=\"Compartir en Facebook\" href='https:\/\/www.facebook.com\/sharer.php?u=https:\/\/radiorevelacionfm.cl\/?p=59633&#038;t=Juventudes%20de%20Coyhaique%20participan%20en%20jornadas%20de%20salud%20mental%20organizadas%20por%20INJUV%20Ays%C3%A9n' aria-hidden='false' data-av_icon='\ue8f3' data-av_iconfont='entypo-fontello' title='' data-avia-related-tooltip='Compartir en Facebook' rel=\"noopener\"><span class='avia_hidden_link_text'>Compartir en Facebook<\/span><\/a><\/li><li class='av-share-link av-social-link-twitter' ><a target=\"_blank\" aria-label=\"Compartir en Twitter\" href='https:\/\/twitter.com\/share?text=Juventudes%20de%20Coyhaique%20participan%20en%20jornadas%20de%20salud%20mental%20organizadas%20por%20INJUV%20Ays%C3%A9n&#038;url=https:\/\/radiorevelacionfm.cl\/?p=59633' aria-hidden='false' data-av_icon='\ue8f1' data-av_iconfont='entypo-fontello' title='' data-avia-related-tooltip='Compartir en Twitter' rel=\"noopener\"><span class='avia_hidden_link_text'>Compartir en Twitter<\/span><\/a><\/li><li class='av-share-link av-social-link-whatsapp' ><a target=\"_blank\" aria-label=\"Compartir en Whatsapp\" href='https:\/\/api.whatsapp.com\/send?text=https:\/\/radiorevelacionfm.cl\/?p=59633' aria-hidden='false' data-av_icon='\uf232' data-av_iconfont='entypo-fontello' title='' data-avia-related-tooltip='Compartir en Whatsapp' rel=\"noopener\"><span class='avia_hidden_link_text'>Compartir en Whatsapp<\/span><\/a><\/li><li class='av-share-link av-social-link-linkedin' ><a target=\"_blank\" aria-label=\"Compartir en LinkedIn\" href='https:\/\/linkedin.com\/shareArticle?mini=true&#038;title=Juventudes%20de%20Coyhaique%20participan%20en%20jornadas%20de%20salud%20mental%20organizadas%20por%20INJUV%20Ays%C3%A9n&#038;url=https:\/\/radiorevelacionfm.cl\/?p=59633' aria-hidden='false' data-av_icon='\ue8fc' data-av_iconfont='entypo-fontello' title='' data-avia-related-tooltip='Compartir en LinkedIn' rel=\"noopener\"><span class='avia_hidden_link_text'>Compartir en LinkedIn<\/span><\/a><\/li><li class='av-share-link av-social-link-mail' ><a  aria-label=\"Compartir por correo\" href='mailto:?subject=Juventudes%20de%20Coyhaique%20participan%20en%20jornadas%20de%20salud%20mental%20organizadas%20por%20INJUV%20Ays%C3%A9n&#038;body=https:\/\/radiorevelacionfm.cl\/?p=59633' aria-hidden='false' data-av_icon='\ue805' data-av_iconfont='entypo-fontello' title='' data-avia-related-tooltip='Compartir por correo'><span class='avia_hidden_link_text'>Compartir por correo<\/span><\/a><\/li><\/ul><\/div><\/div>\n<div  style='height:50px' class='hr hr-invisible   avia-builder-el-8  el_after_av_social_share  el_before_av_comments_list '><span class='hr-inner ' ><span class='hr-inner-style'><\/span><\/span><\/div>\n<div  class='av-buildercomment  av-blog-meta-html-info-disabled av-blog-meta-tag-disabled  '><\/div>\n","protected":false},"excerpt":{"rendered":"","protected":false},"author":1,"featured_media":59634,"comment_status":"closed","ping_status":"closed","sticky":false,"template":"","format":"standard","meta":{"footnotes":""},"categories":[38],"tags":[],"class_list":["post-59633","post","type-post","status-publish","format-standard","has-post-thumbnail","hentry","category-regional"],"jetpack_featured_media_url":"https:\/\/radiorevelacionfm.cl\/wp-content\/uploads\/2025\/09\/foto-2-colegio-alianza-austral-1_optimized-1.jpg","_links":{"self":[{"href":"https:\/\/radiorevelacionfm.cl\/index.php?rest_route=\/wp\/v2\/posts\/59633","targetHints":{"allow":["GET"]}}],"collection":[{"href":"https:\/\/radiorevelacionfm.cl\/index.php?rest_route=\/wp\/v2\/posts"}],"about":[{"href":"https:\/\/radiorevelacionfm.cl\/index.php?rest_route=\/wp\/v2\/types\/post"}],"author":[{"embeddable":true,"href":"https:\/\/radiorevelacionfm.cl\/index.php?rest_route=\/wp\/v2\/users\/1"}],"replies":[{"embeddable":true,"href":"https:\/\/radiorevelacionfm.cl\/index.php?rest_route=%2Fwp%2Fv2%2Fcomments&post=59633"}],"version-history":[{"count":2,"href":"https:\/\/radiorevelacionfm.cl\/index.php?rest_route=\/wp\/v2\/posts\/59633\/revisions"}],"predecessor-version":[{"id":59636,"href":"https:\/\/radiorevelacionfm.cl\/index.php?rest_route=\/wp\/v2\/posts\/59633\/revisions\/59636"}],"wp:featuredmedia":[{"embeddable":true,"href":"https:\/\/radiorevelacionfm.cl\/index.php?rest_route=\/wp\/v2\/media\/59634"}],"wp:attachment":[{"href":"https:\/\/radiorevelacionfm.cl\/index.php?rest_route=%2Fwp%2Fv2%2Fmedia&parent=59633"}],"wp:term":[{"taxonomy":"category","embeddable":true,"href":"https:\/\/radiorevelacionfm.cl\/index.php?rest_route=%2Fwp%2Fv2%2Fcategories&post=59633"},{"taxonomy":"post_tag","embeddable":true,"href":"https:\/\/radiorevelacionfm.cl\/index.php?rest_route=%2Fwp%2Fv2%2Ftags&post=59633"}],"curies":[{"name":"wp","href":"https:\/\/api.w.org\/{rel}","templated":true}]}}