{"id":59628,"date":"2025-09-27T22:05:10","date_gmt":"2025-09-28T01:05:10","guid":{"rendered":"https:\/\/radiorevelacionfm.cl\/?p=59628"},"modified":"2025-09-27T22:05:10","modified_gmt":"2025-09-28T01:05:10","slug":"presentan-avances-de-proyecto-bioaysen-en-el-primer-summit-servicios-ecosistemicos-fsc-latinoamerica","status":"publish","type":"post","link":"https:\/\/radiorevelacionfm.cl\/?p=59628","title":{"rendered":"Presentan avances de proyecto BioAys\u00e9n en el primer Summit Servicios Ecosist\u00e9micos FSC Latinoam\u00e9rica"},"content":{"rendered":"<div class=\"flex_column av_one_full  flex_column_div av-zero-column-padding first  avia-builder-el-0  el_before_av_one_full  avia-builder-el-first  \" style='border-radius:0px; '><div  class='avia-image-container  av-styling-    avia-builder-el-1  avia-builder-el-no-sibling  avia-align-center '  itemprop=\"image\" itemscope=\"itemscope\" itemtype=\"https:\/\/schema.org\/ImageObject\"  ><div class='avia-image-container-inner'><div class='avia-image-overlay-wrap'><img decoding=\"async\" class='wp-image-59630 avia-img-lazy-loading-not-59630 avia_image' src=\"https:\/\/radiorevelacionfm.cl\/wp-content\/uploads\/2025\/09\/irina-reyes-gerenta-tcc_en-primer-summit-fsc-2_optimized.jpeg\" alt='' title='irina-reyes,-gerenta-tcc_en-primer-summit-fsc-(2)_optimized' height=\"600\" width=\"1089\"  itemprop=\"thumbnailUrl\" srcset=\"https:\/\/radiorevelacionfm.cl\/wp-content\/uploads\/2025\/09\/irina-reyes-gerenta-tcc_en-primer-summit-fsc-2_optimized.jpeg 1089w, https:\/\/radiorevelacionfm.cl\/wp-content\/uploads\/2025\/09\/irina-reyes-gerenta-tcc_en-primer-summit-fsc-2_optimized-300x165.jpeg 300w, https:\/\/radiorevelacionfm.cl\/wp-content\/uploads\/2025\/09\/irina-reyes-gerenta-tcc_en-primer-summit-fsc-2_optimized-1030x567.jpeg 1030w, https:\/\/radiorevelacionfm.cl\/wp-content\/uploads\/2025\/09\/irina-reyes-gerenta-tcc_en-primer-summit-fsc-2_optimized-768x423.jpeg 768w, https:\/\/radiorevelacionfm.cl\/wp-content\/uploads\/2025\/09\/irina-reyes-gerenta-tcc_en-primer-summit-fsc-2_optimized-705x388.jpeg 705w, https:\/\/radiorevelacionfm.cl\/wp-content\/uploads\/2025\/09\/irina-reyes-gerenta-tcc_en-primer-summit-fsc-2_optimized-450x248.jpeg 450w, https:\/\/radiorevelacionfm.cl\/wp-content\/uploads\/2025\/09\/irina-reyes-gerenta-tcc_en-primer-summit-fsc-2_optimized-600x331.jpeg 600w\" sizes=\"(max-width: 1089px) 100vw, 1089px\" \/><\/div><\/div><\/div><\/div><div class=\"flex_column av_one_full  flex_column_div av-zero-column-padding first  avia-builder-el-2  el_after_av_one_full  el_before_av_one_full  column-top-margin\" style='border-radius:0px; '><section class=\"av_textblock_section \"  itemscope=\"itemscope\" itemtype=\"https:\/\/schema.org\/BlogPosting\" itemprop=\"blogPost\" ><div class='avia_textblock  '   itemprop=\"text\" ><p style=\"text-align: center;\"><span style=\"font-size: 18pt;\"><strong>Presentan avances de proyecto BioAys\u00e9n en el primer Summit Servicios Ecosist\u00e9micos FSC Latinoam\u00e9rica<\/strong><\/span><\/p>\n<div id=\"gtx-trans\" style=\"position: absolute; left: -50px; top: 4.31534px;\">\n<div class=\"gtx-trans-icon\"><\/div>\n<\/div>\n<\/div><\/section><\/div><div class=\"flex_column av_one_full  flex_column_div av-zero-column-padding first  avia-builder-el-4  el_after_av_one_full  el_before_av_hr  column-top-margin\" style='border-radius:0px; '><section class=\"av_textblock_section \"  itemscope=\"itemscope\" itemtype=\"https:\/\/schema.org\/BlogPosting\" itemprop=\"blogPost\" ><div class='avia_textblock  '   itemprop=\"text\" ><p style=\"text-align: justify;\"><em>En una exitosa jornada de di\u00e1logo p\u00fablico-privado se presentaron cuatro iniciativas \u2014tres chilenas y una boliviana\u2014 de conservaci\u00f3n y restauraci\u00f3n bajo criterios e indicadores verificables de FSC. \u201cEl futuro se juega en medir y verificar\u201d, subray\u00f3 Irina Reyes, gerenta del programa Transforma Cambio Clim\u00e1tico de Corfo, al exponer el Bien P\u00fablico BioAys\u00e9n. Reserva Costera Valdiviana, Tucabaca y la Alianza H\u00eddrica del Maipo mostraron c\u00f3mo la participaci\u00f3n comunitaria, la certificaci\u00f3n FSC y planes maestros territoriales permiten pasar de pilotos a escalas mayores, con indicadores trazables en carbono, agua, suelo y valores culturales.<\/em><\/p>\n<p style=\"text-align: justify;\">Bajo el lema \u201cConservar para Impactar\u201d el 1er Summit de Servicios Ecosist\u00e9micos organizado por FSC Latinoam\u00e9rica, la Unidad de Value Selling de FSC Internacional y FSC Chile, visibiliz\u00f3 en el panel \u201cCondiciones habilitantes y escalamiento de proyectos con verificaci\u00f3n de impacto\u201d los esfuerzos de cuatro organizaciones en materia de valorizaci\u00f3n de la biodiversidad y capital natural.<\/p>\n<p style=\"text-align: justify;\">En dicha instancia, la gerenta del programa Transforma Cambio Clim\u00e1tico de Corfo, Irina Reyes, present\u00f3 el Bien P\u00fablico BioAys\u00e9n Patagonia, que se gesta en la l\u00f3gica de programas estrat\u00e9gicos de largo plazo, de la articulaci\u00f3n p\u00fablico-privada, la alineaci\u00f3n con la Ley Marco de Cambio Clim\u00e1tico y como parte de la agenda de iniciativas para la valorizaci\u00f3n del capital natural en el pa\u00eds.<\/p>\n<p style=\"text-align: justify;\">El proyecto, impulsado por Fundaci\u00f3n Chile Circular\u202fy el\u202fConsejo del Salm\u00f3n, avanza en la valoraci\u00f3n de territorios priorizados, el dise\u00f1o de instrumentos econ\u00f3micos \u2014como bonos de biodiversidad y OMEC\u2014 y su implementaci\u00f3n con gobernanza local y certificaci\u00f3n FSC para asegurar trazabilidad e integridad.<\/p>\n<p style=\"text-align: justify;\">La iniciativa implementar\u00e1 un\u202fmodelo de compensaci\u00f3n econ\u00f3mica\u202fen el que se realicen pagos destinados a la conservaci\u00f3n de la biodiversidad. De esta manera, quienes protegen este valioso ecosistema podr\u00e1n recibir ingresos por su labor. El primer paso ser\u00e1 el desarrollo de una\u202fplataforma digital p\u00fablica\u202fque identifique las especies y los servicios ecosist\u00e9micos en \u00e1reas priorizadas por el proyecto.<\/p>\n<p style=\"text-align: justify;\">Esta herramienta ser\u00e1 de libre acceso para todas las personas interesadas en conocer el ecosistema aisenino y su enorme potencial para enfrentar la crisis clim\u00e1tica y ambiental. Con esta informaci\u00f3n, se dise\u00f1ar\u00e1 un\u202fmodelo de valorizaci\u00f3n del capital natural, que permitir\u00e1 a las empresas realizar pagos por la conservaci\u00f3n de terrenos estrat\u00e9gicos en Ays\u00e9n. Dado que este es un proyecto pionero en Chile, se iniciar\u00e1 un piloto en\u202ftres zonas clave, seleccionadas seg\u00fan su densidad ecosist\u00e9mica y potencial de conservaci\u00f3n.<\/p>\n<p style=\"text-align: justify;\">Una de las tres consultor\u00edas encargadas por el proyecto BioAys\u00e9n ya identific\u00f3 tres zonas a ser valorizadas. Una de ellas es la isla Simpson muy habitada por huemules y otro es el sector cercano al lago Copa que comprende 35.000 hect\u00e1reas de bienes nacionales, y que comprender\u00eda otra medida de conservaci\u00f3n, donde se estudia que el instrumento econ\u00f3mico definido est\u00e9 en l\u00ednea con lo establecido en la nueva Ley 21.600, que crea el Servicio de Biodiversidad y \u00c1reas Protegidas y el Sistema Nacional de \u00c1reas Protegidas y que otorga instrumentos econ\u00f3micos de conservaci\u00f3n de la biodiversidad.<\/p>\n<p style=\"text-align: justify;\">\u201cEntender que valorar los servicios ecosist\u00e9micos significa poner en valor algo que era invisible para los mercados. El suelo, el agua, eran invisibles y solo ve\u00edamos \u00e1rboles y madera. As\u00ed que es poner en valor aquello tambi\u00e9n sin perder el miedo a los mercados, sin demonizar el mercado, porque el desarrollo es productivo y es sostenible; es posible con alianzas como las que hemos ido gestando y con todos los que estamos ac\u00e1, que ya somos conversos, tenemos que salir a convencer a otros\u201d, subray\u00f3.<\/p>\n<p style=\"text-align: justify;\">\u201cEl futuro de la Patagonia, el futuro de los parques, y el futuro del pa\u00eds no se juega solo en los discursos, sino que se juega en medir ese valor y que esa medici\u00f3n pueda ser verificada, le entrega un espacio de seriedad\u201d, opin\u00f3.<\/p>\n<p style=\"text-align: justify;\"><strong>Iniciativas con impacto verificable<\/strong><\/p>\n<p style=\"text-align: justify;\">La sesi\u00f3n fue moderada por Rayen Catrileo, l\u00edder de Cuencas Sostenibles de FSC Chile, quien enmarc\u00f3 el di\u00e1logo en torno a alianzas, m\u00e9tricas verificables y financiamiento como pilares para escalar la conservaci\u00f3n.<\/p>\n<p style=\"text-align: justify;\">Desde Bolivia, Eduardo Quiroga present\u00f3 la experiencia de la Reserva Natural Tucabaca (Gobernaci\u00f3n de Santa Cruz), caracterizada por su gobernanza consolidada \u2014con ley departamental y comit\u00e9 de gesti\u00f3n multisectorial\u2014 y el proceso para certificar el plan de manejo y verificar servicios ecosist\u00e9micos (carbono, agua, suelo, valores culturales y calidad del aire) bajo est\u00e1ndares FSC. Subrayaron alianzas t\u00e9cnicas y patrocinios que permiten pasar de pilotos a escalas territoriales mayores.<\/p>\n<p style=\"text-align: justify;\">\u201cEl sistema FSC ya est\u00e1 comprobad\u00edsimo en la rigidez de sus datos, ahora nos ofrece resultados muy claros (&#8230;) lo cual va a garantizar la conservaci\u00f3n. Las empresas aqu\u00ed, an\u00edmense a patrocinar que van a tener esos resultados volando con datos verificados y confiables, con lo cual van a cumplir sus metas\u201d, dijo Quiroga.<\/p>\n<p style=\"text-align: justify;\">Volviendo a Chile, Tania Correa, directora de Conservaci\u00f3n de The Nature Conservancy (TNC), expuso la Reserva Costera Valdiviana como \u201claboratorio vivo\u201d de innovaci\u00f3n. Detall\u00f3 mecanismos pioneros de financiamiento (cr\u00e9ditos de carbono REDD+ verificados, enfoque CCB, endowment\/PFP) y herramientas jur\u00eddicas (servidumbre de conservaci\u00f3n) que han asegurado permanencia y restauraci\u00f3n ecol\u00f3gica con participaci\u00f3n comunitaria, evidenciando beneficios h\u00eddricos y de biodiversidad.<\/p>\n<p style=\"text-align: justify;\">\u201cLa gran diferencia que tenemos es el trabajo con la comunidad, desarrollo de empleos verdes, que no sea solo una restauraci\u00f3n, sino que la comunidad tenga co-beneficios a largo plazo y desarrollo local. Para esto es clave trabajar con socios como FSC que nos ayudan a buscar inversionistas con impacto para la naturaleza, que vean el valor de lo que estamos haciendo. (&#8230;) Las alianzas multiplican el impacto\u201d, expres\u00f3.<\/p>\n<p style=\"text-align: justify;\">La Alianza H\u00eddrica de la Cuenca del Maipo fue presentada por Cristina Huidobro (Fondo de Agua Santiago-Maipo) y Santiago Flores (Asociaci\u00f3n Parque Cordillera). Quienes frente a la crisis h\u00eddrica estructural de la regi\u00f3n metropolitana, promueven restauraci\u00f3n a escala (reforestaci\u00f3n, infiltraci\u00f3n y paisajes de retenci\u00f3n de agua) y educaci\u00f3n ambiental en 27 mil hect\u00e1reas cordilleranas, apoy\u00e1ndose en la certificaci\u00f3n FSC para sistematizar gesti\u00f3n y resultados. Anunciaron un plan maestro y un piloto demostrativo abiertos a nuevos socios p\u00fablicos y privados.<\/p>\n<p style=\"text-align: justify;\">En los mensajes finales, el panel coincidi\u00f3 en que lo que no se mide no existe: la verificaci\u00f3n independiente entrega credibilidad, legitima el impacto y habilita el financiamiento. Se remarc\u00f3 que las alianzas con comunidades son esenciales para la permanencia, y en Chile central el foco h\u00eddrico es cr\u00edtico y complementario al carbono. Se invit\u00f3 a empresas y actores territoriales a patrocinar iniciativas con datos verificables y a sumarse a modelos de gobernanza que permitan escalar soluciones en biodiversidad y seguridad h\u00eddrica.<\/p>\n<\/div><\/section><\/div><div  style='height:50px' class='hr hr-invisible   avia-builder-el-6  el_after_av_one_full  el_before_av_social_share '><span class='hr-inner ' ><span class='hr-inner-style'><\/span><\/span><\/div><\/p>\n<div  class='av-social-sharing-box  avia-builder-el-7  el_after_av_hr  el_before_av_hr  '><div class='av-share-box'><h5 class='av-share-link-description av-no-toc '>Compartir esta noticia<\/h5><ul class='av-share-box-list noLightbox'><li class='av-share-link av-social-link-facebook' ><a target=\"_blank\" aria-label=\"Compartir en Facebook\" href='https:\/\/www.facebook.com\/sharer.php?u=https:\/\/radiorevelacionfm.cl\/?p=59628&#038;t=Presentan%20avances%20de%20proyecto%20BioAys%C3%A9n%20en%20el%20primer%20Summit%20Servicios%20Ecosist%C3%A9micos%20FSC%20Latinoam%C3%A9rica' aria-hidden='false' data-av_icon='\ue8f3' data-av_iconfont='entypo-fontello' title='' data-avia-related-tooltip='Compartir en Facebook' rel=\"noopener\"><span class='avia_hidden_link_text'>Compartir en Facebook<\/span><\/a><\/li><li class='av-share-link av-social-link-twitter' ><a target=\"_blank\" aria-label=\"Compartir en Twitter\" href='https:\/\/twitter.com\/share?text=Presentan%20avances%20de%20proyecto%20BioAys%C3%A9n%20en%20el%20primer%20Summit%20Servicios%20Ecosist%C3%A9micos%20FSC%20Latinoam%C3%A9rica&#038;url=https:\/\/radiorevelacionfm.cl\/?p=59628' aria-hidden='false' data-av_icon='\ue8f1' data-av_iconfont='entypo-fontello' title='' data-avia-related-tooltip='Compartir en Twitter' rel=\"noopener\"><span class='avia_hidden_link_text'>Compartir en Twitter<\/span><\/a><\/li><li class='av-share-link av-social-link-whatsapp' ><a target=\"_blank\" aria-label=\"Compartir en Whatsapp\" href='https:\/\/api.whatsapp.com\/send?text=https:\/\/radiorevelacionfm.cl\/?p=59628' aria-hidden='false' data-av_icon='\uf232' data-av_iconfont='entypo-fontello' title='' data-avia-related-tooltip='Compartir en Whatsapp' rel=\"noopener\"><span class='avia_hidden_link_text'>Compartir en Whatsapp<\/span><\/a><\/li><li class='av-share-link av-social-link-linkedin' ><a target=\"_blank\" aria-label=\"Compartir en LinkedIn\" href='https:\/\/linkedin.com\/shareArticle?mini=true&#038;title=Presentan%20avances%20de%20proyecto%20BioAys%C3%A9n%20en%20el%20primer%20Summit%20Servicios%20Ecosist%C3%A9micos%20FSC%20Latinoam%C3%A9rica&#038;url=https:\/\/radiorevelacionfm.cl\/?p=59628' aria-hidden='false' data-av_icon='\ue8fc' data-av_iconfont='entypo-fontello' title='' data-avia-related-tooltip='Compartir en LinkedIn' rel=\"noopener\"><span class='avia_hidden_link_text'>Compartir en LinkedIn<\/span><\/a><\/li><li class='av-share-link av-social-link-mail' ><a  aria-label=\"Compartir por correo\" href='mailto:?subject=Presentan%20avances%20de%20proyecto%20BioAys%C3%A9n%20en%20el%20primer%20Summit%20Servicios%20Ecosist%C3%A9micos%20FSC%20Latinoam%C3%A9rica&#038;body=https:\/\/radiorevelacionfm.cl\/?p=59628' aria-hidden='false' data-av_icon='\ue805' data-av_iconfont='entypo-fontello' title='' data-avia-related-tooltip='Compartir por correo'><span class='avia_hidden_link_text'>Compartir por correo<\/span><\/a><\/li><\/ul><\/div><\/div>\n<div  style='height:50px' class='hr hr-invisible   avia-builder-el-8  el_after_av_social_share  el_before_av_comments_list '><span class='hr-inner ' ><span class='hr-inner-style'><\/span><\/span><\/div>\n<div  class='av-buildercomment  av-blog-meta-html-info-disabled av-blog-meta-tag-disabled  '><\/div>\n","protected":false},"excerpt":{"rendered":"","protected":false},"author":1,"featured_media":59630,"comment_status":"closed","ping_status":"closed","sticky":false,"template":"","format":"standard","meta":{"footnotes":""},"categories":[38],"tags":[],"class_list":["post-59628","post","type-post","status-publish","format-standard","has-post-thumbnail","hentry","category-regional"],"jetpack_featured_media_url":"https:\/\/radiorevelacionfm.cl\/wp-content\/uploads\/2025\/09\/irina-reyes-gerenta-tcc_en-primer-summit-fsc-2_optimized.jpeg","_links":{"self":[{"href":"https:\/\/radiorevelacionfm.cl\/index.php?rest_route=\/wp\/v2\/posts\/59628","targetHints":{"allow":["GET"]}}],"collection":[{"href":"https:\/\/radiorevelacionfm.cl\/index.php?rest_route=\/wp\/v2\/posts"}],"about":[{"href":"https:\/\/radiorevelacionfm.cl\/index.php?rest_route=\/wp\/v2\/types\/post"}],"author":[{"embeddable":true,"href":"https:\/\/radiorevelacionfm.cl\/index.php?rest_route=\/wp\/v2\/users\/1"}],"replies":[{"embeddable":true,"href":"https:\/\/radiorevelacionfm.cl\/index.php?rest_route=%2Fwp%2Fv2%2Fcomments&post=59628"}],"version-history":[{"count":2,"href":"https:\/\/radiorevelacionfm.cl\/index.php?rest_route=\/wp\/v2\/posts\/59628\/revisions"}],"predecessor-version":[{"id":59632,"href":"https:\/\/radiorevelacionfm.cl\/index.php?rest_route=\/wp\/v2\/posts\/59628\/revisions\/59632"}],"wp:featuredmedia":[{"embeddable":true,"href":"https:\/\/radiorevelacionfm.cl\/index.php?rest_route=\/wp\/v2\/media\/59630"}],"wp:attachment":[{"href":"https:\/\/radiorevelacionfm.cl\/index.php?rest_route=%2Fwp%2Fv2%2Fmedia&parent=59628"}],"wp:term":[{"taxonomy":"category","embeddable":true,"href":"https:\/\/radiorevelacionfm.cl\/index.php?rest_route=%2Fwp%2Fv2%2Fcategories&post=59628"},{"taxonomy":"post_tag","embeddable":true,"href":"https:\/\/radiorevelacionfm.cl\/index.php?rest_route=%2Fwp%2Fv2%2Ftags&post=59628"}],"curies":[{"name":"wp","href":"https:\/\/api.w.org\/{rel}","templated":true}]}}