{"id":5962,"date":"2021-07-06T10:24:15","date_gmt":"2021-07-06T13:24:15","guid":{"rendered":"https:\/\/radiorevelacionfm.cl\/?p=5962"},"modified":"2021-07-06T10:24:15","modified_gmt":"2021-07-06T13:24:15","slug":"corfo-aprobo-fondos-para-seguir-apoyando-a-las-mipymes-proveedoras-de-servicios-de-la-industria-acuicola-de-aysen","status":"publish","type":"post","link":"https:\/\/radiorevelacionfm.cl\/?p=5962","title":{"rendered":"Corfo aprob\u00f3 fondos para seguir apoyando a las Mipymes proveedoras de servicios de la industria acu\u00edcola de Ays\u00e9n"},"content":{"rendered":"<div class=\"flex_column av_one_full  flex_column_div av-zero-column-padding first  avia-builder-el-0  el_before_av_one_full  avia-builder-el-first  \" style='border-radius:0px; '><div  class='avia-image-container  av-styling-    avia-builder-el-1  avia-builder-el-no-sibling  avia-align-center '  itemprop=\"image\" itemscope=\"itemscope\" itemtype=\"https:\/\/schema.org\/ImageObject\"  ><div class='avia-image-container-inner'><div class='avia-image-overlay-wrap'><img decoding=\"async\" class='wp-image-5963 avia-img-lazy-loading-not-5963 avia_image' src=\"https:\/\/radiorevelacionfm.cl\/wp-content\/uploads\/2021\/07\/01-corfopti-fc-aysen-1_optimized.jpg\" alt='' title='01-corfopti-fc-ays\u00e9n-(1)_optimized' height=\"600\" width=\"1069\"  itemprop=\"thumbnailUrl\" srcset=\"https:\/\/radiorevelacionfm.cl\/wp-content\/uploads\/2021\/07\/01-corfopti-fc-aysen-1_optimized.jpg 1069w, https:\/\/radiorevelacionfm.cl\/wp-content\/uploads\/2021\/07\/01-corfopti-fc-aysen-1_optimized-300x168.jpg 300w, https:\/\/radiorevelacionfm.cl\/wp-content\/uploads\/2021\/07\/01-corfopti-fc-aysen-1_optimized-1030x578.jpg 1030w, https:\/\/radiorevelacionfm.cl\/wp-content\/uploads\/2021\/07\/01-corfopti-fc-aysen-1_optimized-768x431.jpg 768w, https:\/\/radiorevelacionfm.cl\/wp-content\/uploads\/2021\/07\/01-corfopti-fc-aysen-1_optimized-705x396.jpg 705w, https:\/\/radiorevelacionfm.cl\/wp-content\/uploads\/2021\/07\/01-corfopti-fc-aysen-1_optimized-600x337.jpg 600w\" sizes=\"(max-width: 1069px) 100vw, 1069px\" \/><\/div><\/div><\/div><\/div><div class=\"flex_column av_one_full  flex_column_div av-zero-column-padding first  avia-builder-el-2  el_after_av_one_full  el_before_av_one_full  column-top-margin\" style='border-radius:0px; '><section class=\"av_textblock_section \"  itemscope=\"itemscope\" itemtype=\"https:\/\/schema.org\/BlogPosting\" itemprop=\"blogPost\" ><div class='avia_textblock  '   itemprop=\"text\" ><p style=\"text-align: center;\"><strong><span style=\"font-size: 18pt;\">Corfo aprob\u00f3 fondos para seguir apoyando a las Mipymes proveedoras de servicios de la industria acu\u00edcola de Ays\u00e9n<\/span><\/strong><\/p>\n<div id=\"gtx-trans\" style=\"position: absolute; left: -50px; top: 4.31534px;\">\n<div class=\"gtx-trans-icon\"><\/div>\n<\/div>\n<\/div><\/section><\/div><div class=\"flex_column av_one_full  flex_column_div av-zero-column-padding first  avia-builder-el-4  el_after_av_one_full  el_before_av_hr  column-top-margin\" style='border-radius:0px; '><section class=\"av_textblock_section \"  itemscope=\"itemscope\" itemtype=\"https:\/\/schema.org\/BlogPosting\" itemprop=\"blogPost\" ><div class='avia_textblock  '   itemprop=\"text\" ><p style=\"font-weight: 400; text-align: justify;\">Tras haber cumplido la totalidad de las metas definidas para el primer a\u00f1o, Corfo aprob\u00f3 la ejecuci\u00f3n del segundo a\u00f1o del\u00a0<a href=\"http:\/\/www.fiordosycanales.cl\/\" data-saferedirecturl=\"https:\/\/www.google.com\/url?q=http:\/\/www.fiordosycanales.cl\/&amp;source=gmail&amp;ust=1625608909534000&amp;usg=AFQjCNFBk_9cfZnI8YOMLLvgf6tdsUHkLA\">Programa Territorial Integrado Desarrollo Competitivo de Fiordos y Canales de Ays\u00e9n<\/a>\u00a0para continuar el proceso de fortalecimiento y crecimiento de las empresas proveedoras del sector acu\u00edcola de la regi\u00f3n, con el prop\u00f3sito de tener una industria m\u00e1s cercana a las comunidades y que aporte al desarrollo econ\u00f3mico del territorio.<\/p>\n<p style=\"font-weight: 400; text-align: justify;\">As\u00ed lo inform\u00f3, Omar Mu\u00f1oz Sierra, director de Corfo Ays\u00e9n quien indic\u00f3 que la acuicultura es la principal actividad econ\u00f3mica de la regi\u00f3n y que, seg\u00fan datos del Banco Central del a\u00f1o 2019, este sector junto a la pesca contribuye con un 29,6% al producto interno bruto (PIB), raz\u00f3n por la cual es parte de los Ejes Estrat\u00e9gicos de desarrollo regional.\u00a0\u201cEstamos convencidos de que la generaci\u00f3n de valor y riqueza por parte de esta industria depende del grado de competitividad y productividad de todas las empresas que la componen y los proveedores locales de servicios son una parte central en este encadenamiento\u201d.<\/p>\n<p style=\"font-weight: 400; text-align: justify;\">Mu\u00f1oz destac\u00f3 que solo un 17% de lo que gastan las empresas en producir sus salmones, lo hacen contratando a proveedores locales, por lo que se hace urgente aumentar este porcentaje. \u201cEste es un desaf\u00edo permanente para que se generen m\u00e1s y mejores contratos para los proveedores, incrementando los recursos que quedan en la regi\u00f3n a trav\u00e9s de ellos. Lo que buscamos es que el crecimiento de la industria sea m\u00e1s integral y arm\u00f3nico con las comunidades, para que quienes habitan y trabajan en el territorio de Ays\u00e9n se sientan parte de este desarrollo\u201d.<\/p>\n<p style=\"font-weight: 400; text-align: justify;\"><strong>AVANCES PRIMER A\u00d1O<\/strong><\/p>\n<p style=\"font-weight: 400; text-align: justify;\">El gerente del PTI, Ismael Infante explic\u00f3 que, al t\u00e9rmino del primer a\u00f1o, destacan dos logros del programa. La constituci\u00f3n de ACUIPROV AG., la primera Asociaci\u00f3n Gremial de Proveedores de la Industria Acu\u00edcola de Ays\u00e9n, lo que nos habla de c\u00f3mo la asociatividad y el trabajo colaborativo, da fuerza a este sector. Y, en segundo lugar, est\u00e1 el\u00a0<a href=\"http:\/\/www.proaqaysen.cl\/\" data-saferedirecturl=\"https:\/\/www.google.com\/url?q=http:\/\/www.proaqaysen.cl\/&amp;source=gmail&amp;ust=1625608909534000&amp;usg=AFQjCNEj7J25UGFJrHD9_k0xI2VZr9uqZQ\">Cat\u00e1logo de Proveedores<\/a>\u00a0que nos permite conocer, en un solo lugar, los servicios que entregan las mipymes locales y las potencialidades que tienen para trabajar con la industria.<\/p>\n<p style=\"font-weight: 400; text-align: justify;\">Explic\u00f3 que, para este segundo a\u00f1o, se busca profundizar en el mejoramiento de los est\u00e1ndares productivos de las empresas locales, a trav\u00e9s de capacitaciones, rondas de negocios, transferencia de buenas pr\u00e1cticas, entre otros, que permitan fortalecer las relaciones comerciales con las empresas productoras de la regi\u00f3n.<\/p>\n<p style=\"font-weight: 400; text-align: justify;\"><strong>SOCIOS ESTRAT\u00c9GICOS<\/strong><\/p>\n<p style=\"font-weight: 400; text-align: justify;\">Para su ejecuci\u00f3n, el PTI Fiordos y Canales trabaja de manera asociada a SalmonChile, sumando recientemente a dos nuevos asociados, como son el Consejo del Salm\u00f3n y ACUIPROV AG &#8211; Proveedores de la Industria Acu\u00edcola de Ays\u00e9n. Estas tres entidades realizan un aporte valorizado y pecuniario al desarrollo del programa, adhiriendo a los objetivos y el plan de trabajo a ejecutar.<\/p>\n<p style=\"font-weight: 400; text-align: justify;\">Gonzalo Silva, director regional del\u00a0<a href=\"https:\/\/www.consejodelsalmon.cl\/\" data-saferedirecturl=\"https:\/\/www.google.com\/url?q=https:\/\/www.consejodelsalmon.cl\/&amp;source=gmail&amp;ust=1625608909534000&amp;usg=AFQjCNG4j_2eH_XnRBNW0ZrFYhGR9apZQA\">Consejo del Salm\u00f3n<\/a>, indic\u00f3 que la decisi\u00f3n de sumarse al PTI Fiordos y Canales de Ays\u00e9n se tom\u00f3 porque es una iniciativa que tiene un gran potencial para contribuir a crear emprendimientos, proveedores, prestadores de servicios, aportar al fortalecimiento de toda la cadena productiva del salm\u00f3n y al desarrollo de una regi\u00f3n tan relevante para la salmonicultura.<\/p>\n<p style=\"font-weight: 400; text-align: justify;\">Por su parte, Hern\u00e1n Rebolledo, representante de\u00a0<a href=\"https:\/\/www.salmonchile.cl\/\" data-saferedirecturl=\"https:\/\/www.google.com\/url?q=https:\/\/www.salmonchile.cl\/&amp;source=gmail&amp;ust=1625608909534000&amp;usg=AFQjCNFMth4Rs-M8J_frpPox5YRC6-YGCA\">SalmonChile<\/a>\u00a0en la regi\u00f3n, indic\u00f3 que \u201cCorfo ha cumplido una labor extraordinaria en potenciar este programa y tambi\u00e9n todas las empresas productoras de este gremio y otros, que han aportado y se han sumado. El PTI ser\u00e1 una de las herramientas importantes para este a\u00f1o, teniendo indicadores de crecimiento tambi\u00e9n por parte de los proveedores, lo que es fundamental pues no hay que perder de vista el objetivo m\u00e1s importante que es potenciar a los prestadores de servicios, los que a su vez van a dinamizar la econom\u00eda local de todo nuestro litoral y de toda nuestra regi\u00f3n\u201d.<\/p>\n<p style=\"font-weight: 400; text-align: justify;\">Finalmente, Miguel Barrientos de ACUIPROVV AG, indic\u00f3 que los diecisiete socios que conforman ACUIPROV A.G. respaldan y valoran las instancias de cooperaci\u00f3n y el trabajo formativo que ha realizado el programa desde un inicio y \u201cesperamos en este segundo a\u00f1o de gesti\u00f3n que, quienes conformamos el Directorio del PTI, logremos concretar oportunidades reales de asistencia a los emprendedores y proveedores de la industria acu\u00edcola local.\u00a0 Creemos en el acuerdo firmado el a\u00f1o 2019 por nuestras autoridades y ejecutivos de la industria salmonera\u201d.<\/p>\n<p style=\"font-weight: 400; text-align: justify;\"><strong>INVERSI\u00d3N PRODUCTIVA<\/strong><\/p>\n<p style=\"font-weight: 400; text-align: justify;\">Finalmente, reafirmando el compromiso de\u00a0<a href=\"https:\/\/www.corfo.cl\/sites\/cpp\/homecorfo\" data-saferedirecturl=\"https:\/\/www.google.com\/url?q=https:\/\/www.corfo.cl\/sites\/cpp\/homecorfo&amp;source=gmail&amp;ust=1625608909534000&amp;usg=AFQjCNEgJzppwPpfMur8Dpy44gVqqthItw\">Corfo<\/a>\u00a0con este sector productivo, Omar Mu\u00f1oz inform\u00f3 que en las pr\u00f3ximas semanas se lanzar\u00e1 una convocatoria para apoyar la inversi\u00f3n productiva de las micro, peque\u00f1as y medianas empresas proveedoras de la industria acu\u00edcola de la Regi\u00f3n de Ays\u00e9n, con un presupuesto sectorial de $250 millones de pesos. \u201cDebemos invertir en capital humano, pero tambi\u00e9n debemos apoyar en inversi\u00f3n productiva ya sea en tecnolog\u00eda, equipos, herramientas u otros\u201d. Esta l\u00ednea de apoyo denominada \u201cActiva Inversi\u00f3n\u201d, forma parte del instrumento \u201cActiva Reimpulsa\u201d que tiene como prop\u00f3sito cofinanciar la adquisici\u00f3n de activo fijo, recuperaci\u00f3n o construcci\u00f3n de nueva infraestructura productiva y\/o para destinar a capital de trabajo.<\/p>\n<\/div><\/section><\/div><div  style='height:50px' class='hr hr-invisible   avia-builder-el-6  el_after_av_one_full  el_before_av_social_share '><span class='hr-inner ' ><span class='hr-inner-style'><\/span><\/span><\/div><\/p>\n<div  class='av-social-sharing-box  avia-builder-el-7  el_after_av_hr  el_before_av_hr  '><div class='av-share-box'><h5 class='av-share-link-description av-no-toc '>Compartir esta noticia<\/h5><ul class='av-share-box-list noLightbox'><li class='av-share-link av-social-link-facebook' ><a target=\"_blank\" aria-label=\"Compartir en Facebook\" href='https:\/\/www.facebook.com\/sharer.php?u=https:\/\/radiorevelacionfm.cl\/?p=5962&#038;t=Corfo%20aprob%C3%B3%20fondos%20para%20seguir%20apoyando%20a%20las%20Mipymes%20proveedoras%20de%20servicios%20de%20la%20industria%20acu%C3%ADcola%20de%20Ays%C3%A9n' aria-hidden='false' data-av_icon='\ue8f3' data-av_iconfont='entypo-fontello' title='' data-avia-related-tooltip='Compartir en Facebook' rel=\"noopener\"><span class='avia_hidden_link_text'>Compartir en Facebook<\/span><\/a><\/li><li class='av-share-link av-social-link-twitter' ><a target=\"_blank\" aria-label=\"Compartir en Twitter\" href='https:\/\/twitter.com\/share?text=Corfo%20aprob%C3%B3%20fondos%20para%20seguir%20apoyando%20a%20las%20Mipymes%20proveedoras%20de%20servicios%20de%20la%20industria%20acu%C3%ADcola%20de%20Ays%C3%A9n&#038;url=https:\/\/radiorevelacionfm.cl\/?p=5962' aria-hidden='false' data-av_icon='\ue8f1' data-av_iconfont='entypo-fontello' title='' data-avia-related-tooltip='Compartir en Twitter' rel=\"noopener\"><span class='avia_hidden_link_text'>Compartir en Twitter<\/span><\/a><\/li><li class='av-share-link av-social-link-whatsapp' ><a target=\"_blank\" aria-label=\"Compartir en Whatsapp\" href='https:\/\/api.whatsapp.com\/send?text=https:\/\/radiorevelacionfm.cl\/?p=5962' aria-hidden='false' data-av_icon='\uf232' data-av_iconfont='entypo-fontello' title='' data-avia-related-tooltip='Compartir en Whatsapp' rel=\"noopener\"><span class='avia_hidden_link_text'>Compartir en Whatsapp<\/span><\/a><\/li><li class='av-share-link av-social-link-linkedin' ><a target=\"_blank\" aria-label=\"Compartir en LinkedIn\" href='https:\/\/linkedin.com\/shareArticle?mini=true&#038;title=Corfo%20aprob%C3%B3%20fondos%20para%20seguir%20apoyando%20a%20las%20Mipymes%20proveedoras%20de%20servicios%20de%20la%20industria%20acu%C3%ADcola%20de%20Ays%C3%A9n&#038;url=https:\/\/radiorevelacionfm.cl\/?p=5962' aria-hidden='false' data-av_icon='\ue8fc' data-av_iconfont='entypo-fontello' title='' data-avia-related-tooltip='Compartir en LinkedIn' rel=\"noopener\"><span class='avia_hidden_link_text'>Compartir en LinkedIn<\/span><\/a><\/li><li class='av-share-link av-social-link-mail' ><a  aria-label=\"Compartir por correo\" href='mailto:?subject=Corfo%20aprob%C3%B3%20fondos%20para%20seguir%20apoyando%20a%20las%20Mipymes%20proveedoras%20de%20servicios%20de%20la%20industria%20acu%C3%ADcola%20de%20Ays%C3%A9n&#038;body=https:\/\/radiorevelacionfm.cl\/?p=5962' aria-hidden='false' data-av_icon='\ue805' data-av_iconfont='entypo-fontello' title='' data-avia-related-tooltip='Compartir por correo'><span class='avia_hidden_link_text'>Compartir por correo<\/span><\/a><\/li><\/ul><\/div><\/div>\n<div  style='height:50px' class='hr hr-invisible   avia-builder-el-8  el_after_av_social_share  el_before_av_comments_list '><span class='hr-inner ' ><span class='hr-inner-style'><\/span><\/span><\/div>\n<div  class='av-buildercomment  av-blog-meta-html-info-disabled av-blog-meta-tag-disabled  '><\/div>\n","protected":false},"excerpt":{"rendered":"","protected":false},"author":1,"featured_media":5963,"comment_status":"open","ping_status":"open","sticky":false,"template":"","format":"standard","meta":{"footnotes":""},"categories":[37],"tags":[],"class_list":["post-5962","post","type-post","status-publish","format-standard","has-post-thumbnail","hentry","category-economia"],"jetpack_featured_media_url":"https:\/\/radiorevelacionfm.cl\/wp-content\/uploads\/2021\/07\/01-corfopti-fc-aysen-1_optimized.jpg","_links":{"self":[{"href":"https:\/\/radiorevelacionfm.cl\/index.php?rest_route=\/wp\/v2\/posts\/5962","targetHints":{"allow":["GET"]}}],"collection":[{"href":"https:\/\/radiorevelacionfm.cl\/index.php?rest_route=\/wp\/v2\/posts"}],"about":[{"href":"https:\/\/radiorevelacionfm.cl\/index.php?rest_route=\/wp\/v2\/types\/post"}],"author":[{"embeddable":true,"href":"https:\/\/radiorevelacionfm.cl\/index.php?rest_route=\/wp\/v2\/users\/1"}],"replies":[{"embeddable":true,"href":"https:\/\/radiorevelacionfm.cl\/index.php?rest_route=%2Fwp%2Fv2%2Fcomments&post=5962"}],"version-history":[{"count":1,"href":"https:\/\/radiorevelacionfm.cl\/index.php?rest_route=\/wp\/v2\/posts\/5962\/revisions"}],"predecessor-version":[{"id":5964,"href":"https:\/\/radiorevelacionfm.cl\/index.php?rest_route=\/wp\/v2\/posts\/5962\/revisions\/5964"}],"wp:featuredmedia":[{"embeddable":true,"href":"https:\/\/radiorevelacionfm.cl\/index.php?rest_route=\/wp\/v2\/media\/5963"}],"wp:attachment":[{"href":"https:\/\/radiorevelacionfm.cl\/index.php?rest_route=%2Fwp%2Fv2%2Fmedia&parent=5962"}],"wp:term":[{"taxonomy":"category","embeddable":true,"href":"https:\/\/radiorevelacionfm.cl\/index.php?rest_route=%2Fwp%2Fv2%2Fcategories&post=5962"},{"taxonomy":"post_tag","embeddable":true,"href":"https:\/\/radiorevelacionfm.cl\/index.php?rest_route=%2Fwp%2Fv2%2Ftags&post=5962"}],"curies":[{"name":"wp","href":"https:\/\/api.w.org\/{rel}","templated":true}]}}