{"id":59615,"date":"2025-09-27T13:08:16","date_gmt":"2025-09-27T16:08:16","guid":{"rendered":"https:\/\/radiorevelacionfm.cl\/?p=59615"},"modified":"2025-09-27T13:08:16","modified_gmt":"2025-09-27T16:08:16","slug":"anuncian-acciones-ante-cambios-a-programa-ds27-que-limita-acceso-a-revestimiento-termico-para-viviendas","status":"publish","type":"post","link":"https:\/\/radiorevelacionfm.cl\/?p=59615","title":{"rendered":"Anuncian acciones ante cambios a programa DS27 que limita acceso a revestimiento t\u00e9rmico para viviendas"},"content":{"rendered":"<div class=\"flex_column av_one_full  flex_column_div av-zero-column-padding first  avia-builder-el-0  el_before_av_one_full  avia-builder-el-first  \" style='border-radius:0px; '><div  class='avia-image-container  av-styling-    avia-builder-el-1  avia-builder-el-no-sibling  avia-align-center '  itemprop=\"image\" itemscope=\"itemscope\" itemtype=\"https:\/\/schema.org\/ImageObject\"  ><div class='avia-image-container-inner'><div class='avia-image-overlay-wrap'><img decoding=\"async\" class='wp-image-59616 avia-img-lazy-loading-not-59616 avia_image' src=\"https:\/\/radiorevelacionfm.cl\/wp-content\/uploads\/2025\/09\/punto-en-gore-1_optimized.jpeg\" alt='' title='punto-en-gore-(1)_optimized' height=\"600\" width=\"812\"  itemprop=\"thumbnailUrl\" srcset=\"https:\/\/radiorevelacionfm.cl\/wp-content\/uploads\/2025\/09\/punto-en-gore-1_optimized.jpeg 812w, https:\/\/radiorevelacionfm.cl\/wp-content\/uploads\/2025\/09\/punto-en-gore-1_optimized-300x222.jpeg 300w, https:\/\/radiorevelacionfm.cl\/wp-content\/uploads\/2025\/09\/punto-en-gore-1_optimized-768x567.jpeg 768w, https:\/\/radiorevelacionfm.cl\/wp-content\/uploads\/2025\/09\/punto-en-gore-1_optimized-705x521.jpeg 705w, https:\/\/radiorevelacionfm.cl\/wp-content\/uploads\/2025\/09\/punto-en-gore-1_optimized-450x333.jpeg 450w, https:\/\/radiorevelacionfm.cl\/wp-content\/uploads\/2025\/09\/punto-en-gore-1_optimized-600x443.jpeg 600w\" sizes=\"(max-width: 812px) 100vw, 812px\" \/><\/div><\/div><\/div><\/div>\n<div class=\"flex_column av_one_full  flex_column_div av-zero-column-padding first  avia-builder-el-2  el_after_av_one_full  el_before_av_one_full  column-top-margin\" style='border-radius:0px; '><section class=\"av_textblock_section \"  itemscope=\"itemscope\" itemtype=\"https:\/\/schema.org\/BlogPosting\" itemprop=\"blogPost\" ><div class='avia_textblock  '   itemprop=\"text\" ><p style=\"text-align: center;\"><strong><span style=\"font-size: 18pt;\">Anuncian acciones ante cambios a programa DS27 que limita acceso a revestimiento t\u00e9rmico para viviendas<\/span><\/strong><\/p>\n<div id=\"gtx-trans\" style=\"position: absolute; left: -50px; top: 4.31534px;\">\n<div class=\"gtx-trans-icon\"><\/div>\n<\/div>\n<\/div><\/section><\/div><div class=\"flex_column av_one_full  flex_column_div av-zero-column-padding first  avia-builder-el-4  el_after_av_one_full  el_before_av_hr  column-top-margin\" style='border-radius:0px; '><section class=\"av_textblock_section \"  itemscope=\"itemscope\" itemtype=\"https:\/\/schema.org\/BlogPosting\" itemprop=\"blogPost\" ><div class='avia_textblock  '   itemprop=\"text\" ><p style=\"font-weight: 400; text-align: justify;\"><em>De la sesi\u00f3n realizada en el Consejo Regional tambi\u00e9n participaron dirigentes sociales y vecinos de las comunas de Coyhaique y Ays\u00e9n.<\/em><\/p>\n<p style=\"font-weight: 400; text-align: justify;\">En sesi\u00f3n de la Comisi\u00f3n de Vivienda del Consejo Regional de Ays\u00e9n se present\u00f3 por parte del Ministerio de Vivienda y Urbanismo lo que ser\u00e1 el pr\u00f3ximo llamado del programa DS27 que permite acceder a revestir t\u00e9rmicamente las viviendas. Sin embargo, los cambios realizados por el gobierno desde nivel central que implican una disminuci\u00f3n de recursos, la eliminaci\u00f3n de requisitos e incorporaci\u00f3n de otros, generaron incertidumbre en el cuerpo colegiado, representantes de comit\u00e9s de viviendas y entidades patrocinantes, adem\u00e1s de la diputada, Marcia Raphael, quienes fueron parte de dicha instancia.<\/p>\n<p style=\"font-weight: 400; text-align: justify;\">Tras la sesi\u00f3n de la Comisi\u00f3n de Vivienda del CORE, el presidente de la Asociaci\u00f3n de Entidades Patrocinantes, Rosamel Vera, expres\u00f3 que \u201cpara nosotros es tremendamente preocupante porque corroboramos los que ya sab\u00edamos,\u00a0que estas nuevas condiciones van a dejar a muchos\u00a0adultos\u00a0mayores\u00a0sin beneficio, van a dejar a muchas\u00a0Entidad Patrocinantes\u00a0sin el financiamiento adecuado.\u00a0De hecho, varias Entidades han manifestado que ya no contin\u00faan en el \u00e1rea, va a haber gente que va ya sin trabajo,\u00a0porque esto est\u00e1 afectando a cerca del 60% de los proyectos que ten\u00edamos por presentar.<\/p>\n<p style=\"font-weight: 400; text-align: justify;\">\u201cEn esa l\u00ednea, agradecemos a\u00a0la Comisi\u00f3n de Vivienda\u00a0del\u00a0Gobierno Regional, porque todos concuerdan con nosotros que es un tema que debemos abordar como regi\u00f3n, transversalmente,\u00a0este es un tema que deber\u00edan abordar con\u00a0voluntad todos los diputados y senadores de la regi\u00f3n y tratar de buscar una soluci\u00f3n.\u00a0Para nosotros el principal problema es la mirada centralista y que las pol\u00edticas p\u00fablicas se hagan siempre desde\u00a0Santiago,\u00a0ignorando las necesidades que tenemos como regi\u00f3n\u201d, agreg\u00f3 Vera.<\/p>\n<p style=\"font-weight: 400; text-align: justify;\">Por su parte, la diputada e integrante de la Comisi\u00f3n de Vivienda en la C\u00e1mara Baja, Marcia Raphael, expres\u00f3 que \u201cnosotros estuvimos en la comisi\u00f3n de vivienda\u00a0en el Congreso poniendo este tema, tambi\u00e9n oficiamos al Ministerio de Vivienda, la verdad que es una tremenda preocupaci\u00f3n, no s\u00f3lo para las EP, que ya les\u00a0significa tambi\u00e9n menores\u00a0honorarios\u00a0en el caso de que este programa se ejecute, pero adem\u00e1s,\u00a0esto tiene que ver tambi\u00e9n con las expectativas de la gente\u201d.<\/p>\n<p style=\"font-weight: 400; text-align: justify;\">\u201cLo anterior, nosotros lo hemos visto en muchas familias que est\u00e1n esperanzadas\u00a0porque ya tienen\u00a0listas\u00a0sus\u00a0carpetas, est\u00e1n trabajando con alguna EP\u00a0y estiman que\u00a0van\u00a0a tener el subsidio\u00a0t\u00e9rmico. Y lamentablemente, hoy d\u00eda nos informan que no todos van a poder acceder,\u00a0los adultos mayores son los m\u00e1s afectados\u00a0y las\u00a0poblaciones m\u00e1s antiguas porque son casas de autocontrucci\u00f3n.\u00a0Esto, porque\u00a0no tienen regularizaci\u00f3n y hoy d\u00eda tampoco este programa se los va a permitir. En el anterior, si se les permit\u00eda, exist\u00eda una cierta cantidad de UF para regularizar, seg\u00fan lo presentado hoy esto ya no ser\u00e1 parte del programa\u201d, agreg\u00f3 Raphael.<\/p>\n<p style=\"font-weight: 400; text-align: justify;\">\u201cVamos a pelear por modificaciones, creemos que eso es\u00a0sumamente importante, independiente de que la meta del PDA se haya cumplido. Este es una herramienta, un programa muy relevante\u00a0para continuar mejorando la calidad de d\u00eda a todos los ayseninos\u201d, dijo a su vez la parlamentaria.<\/p>\n<p style=\"font-weight: 400; text-align: justify;\">Desde el Consejo Regional, la presidenta de la Comisi\u00f3n de Vivienda, Marisol Mart\u00ednez, enfatiz\u00f3 que \u201chemos manifestado en forma un\u00e1nime nuestro desencanto con las medidas que se han tomado,\u00a0que justamente van contrario a lo que nosotros queremos como regi\u00f3n, nosotros queremos m\u00e1s descentralizaci\u00f3n\u00a0y\u00a0medidas que reconozcan las diferencias que tenemos.\u00a0Siempre los subsidios t\u00e9rmicos y el PDA han sido subsidios exitosos en la regi\u00f3n que han sido muy bien utilizados porque permiten mejorar la calidad de vida de todas las personas\u201d.<\/p>\n<p style=\"font-weight: 400; text-align: justify;\">\u201cHemos visto que con las decisiones que se han tomado y\u00a0los cambios de las reglas del juego en este llamado, la\u00a0postulaci\u00f3n\u00a0justamente va en sentido contrario,\u00a0estandarizando los requisitos,\u00a0y por lo tanto,\u00a0perjudicando a una regi\u00f3n como la nuestra\u201d, a\u00f1adi\u00f3 la Consejera Regional.<\/p>\n<p style=\"font-weight: 400; text-align: justify;\"><strong>PREOCUPACI\u00d3N DESDE LAS PROVINCIAS<\/strong><\/p>\n<p style=\"font-weight: 400; text-align: justify;\">Desde las provincias que tambi\u00e9n est\u00e1n vi\u00e9ndose afectadas por la contaminaci\u00f3n como es el caso de Ays\u00e9n, Capit\u00e1n Prat y Coyhaique, los Consejeros Regionales coincidieron en la falta de un criterio regionalizado como ocurre en a\u00f1os anteriores con el programa DS27 y que las dem\u00e1s comunas contin\u00faan siendo desplazadas en esta materia.<\/p>\n<p style=\"font-weight: 400; text-align: justify;\">Desde la provincia de Capit\u00e1n Prat, la consejera regional, Ana Mar\u00eda Mora, expuso que \u00a0\u201clamentablemente esto disminuye la participaci\u00f3n y las posibilidades de los vecinos de las distintas comunas de la regi\u00f3n como el caso de Cochrane. Nosotros esperamos que se pueda revertir esta situaci\u00f3n y que efectivamente lleguen recursos desde el Ministerio de Vivienda, sabemos que una vivienda aislada herm\u00e9ticamente, sin duda, permite consumir menos combustible y con ello disminuir las emisiones contaminantes\u201d.<\/p>\n<p style=\"font-weight: 400; text-align: justify;\">En tanto, desde la provincia de Ays\u00e9n, Ximena Novoa complement\u00f3 a su par indicando que \u201cnos preocupa la disminuci\u00f3n de los subsidios destinados a la comuna, es un 50% menos que llamados anteriores y la demanda est\u00e1 creciendo, puesto que tambi\u00e9n estamos en ocasiones con niveles cr\u00edticos de contaminaci\u00f3n y nuestra gente tambi\u00e9n tiene el derecho a ser parte de este beneficio del Estado que es el m\u00e1s exitoso en esta materia, nos hemos sumado a este cuestionamiento y solicitamos que se revierta el criterio que viene desde Santiago\u201d.<\/p>\n<p style=\"font-weight: 400; text-align: justify;\">Finalmente, el consejero regional, Pablo Guglielmi concluy\u00f3 que \u201ctras analizar la exposici\u00f3n que realiz\u00f3 el MINVU y SERVIU nos gener\u00f3 una alerta el cambio de criterios que se han establecido en este llamado y que dejar\u00eda al 60% de los postulantes fuera, por eso hemos levantado un acuerdo y se logr\u00f3 de manera un\u00e1nime para que se haga presente nuestra preocupaci\u00f3n, oficiemos y nos reunamos con el Ministerio en Santiago, ya que este es un programa que ha funcionado y que las familias esperan, adem\u00e1s se estar\u00eda afectando a la actividad econ\u00f3mica que se genera a trav\u00e9s de las Entidades Patrocinantes y la generaci\u00f3n de empleos\u201d.<\/p>\n<\/div><\/section><\/div><\/p>\n<div  style='height:50px' class='hr hr-invisible   avia-builder-el-6  el_after_av_one_full  el_before_av_social_share '><span class='hr-inner ' ><span class='hr-inner-style'><\/span><\/span><\/div>\n<div  class='av-social-sharing-box  avia-builder-el-7  el_after_av_hr  el_before_av_hr  '><div class='av-share-box'><h5 class='av-share-link-description av-no-toc '>Compartir esta noticia<\/h5><ul class='av-share-box-list noLightbox'><li class='av-share-link av-social-link-facebook' ><a target=\"_blank\" aria-label=\"Compartir en Facebook\" href='https:\/\/www.facebook.com\/sharer.php?u=https:\/\/radiorevelacionfm.cl\/?p=59615&#038;t=Anuncian%20acciones%20ante%20cambios%20a%20programa%20DS27%20que%20limita%20acceso%20a%20revestimiento%20t%C3%A9rmico%20para%20viviendas' aria-hidden='false' data-av_icon='\ue8f3' data-av_iconfont='entypo-fontello' title='' data-avia-related-tooltip='Compartir en Facebook' rel=\"noopener\"><span class='avia_hidden_link_text'>Compartir en Facebook<\/span><\/a><\/li><li class='av-share-link av-social-link-twitter' ><a target=\"_blank\" aria-label=\"Compartir en Twitter\" href='https:\/\/twitter.com\/share?text=Anuncian%20acciones%20ante%20cambios%20a%20programa%20DS27%20que%20limita%20acceso%20a%20revestimiento%20t%C3%A9rmico%20para%20viviendas&#038;url=https:\/\/radiorevelacionfm.cl\/?p=59615' aria-hidden='false' data-av_icon='\ue8f1' data-av_iconfont='entypo-fontello' title='' data-avia-related-tooltip='Compartir en Twitter' rel=\"noopener\"><span class='avia_hidden_link_text'>Compartir en Twitter<\/span><\/a><\/li><li class='av-share-link av-social-link-whatsapp' ><a target=\"_blank\" aria-label=\"Compartir en Whatsapp\" href='https:\/\/api.whatsapp.com\/send?text=https:\/\/radiorevelacionfm.cl\/?p=59615' aria-hidden='false' data-av_icon='\uf232' data-av_iconfont='entypo-fontello' title='' data-avia-related-tooltip='Compartir en Whatsapp' rel=\"noopener\"><span class='avia_hidden_link_text'>Compartir en Whatsapp<\/span><\/a><\/li><li class='av-share-link av-social-link-linkedin' ><a target=\"_blank\" aria-label=\"Compartir en LinkedIn\" href='https:\/\/linkedin.com\/shareArticle?mini=true&#038;title=Anuncian%20acciones%20ante%20cambios%20a%20programa%20DS27%20que%20limita%20acceso%20a%20revestimiento%20t%C3%A9rmico%20para%20viviendas&#038;url=https:\/\/radiorevelacionfm.cl\/?p=59615' aria-hidden='false' data-av_icon='\ue8fc' data-av_iconfont='entypo-fontello' title='' data-avia-related-tooltip='Compartir en LinkedIn' rel=\"noopener\"><span class='avia_hidden_link_text'>Compartir en LinkedIn<\/span><\/a><\/li><li class='av-share-link av-social-link-mail' ><a  aria-label=\"Compartir por correo\" href='mailto:?subject=Anuncian%20acciones%20ante%20cambios%20a%20programa%20DS27%20que%20limita%20acceso%20a%20revestimiento%20t%C3%A9rmico%20para%20viviendas&#038;body=https:\/\/radiorevelacionfm.cl\/?p=59615' aria-hidden='false' data-av_icon='\ue805' data-av_iconfont='entypo-fontello' title='' data-avia-related-tooltip='Compartir por correo'><span class='avia_hidden_link_text'>Compartir por correo<\/span><\/a><\/li><\/ul><\/div><\/div>\n<div  style='height:50px' class='hr hr-invisible   avia-builder-el-8  el_after_av_social_share  el_before_av_comments_list '><span class='hr-inner ' ><span class='hr-inner-style'><\/span><\/span><\/div>\n<div  class='av-buildercomment  av-blog-meta-html-info-disabled av-blog-meta-tag-disabled  '><\/div>\n","protected":false},"excerpt":{"rendered":"","protected":false},"author":1,"featured_media":59616,"comment_status":"closed","ping_status":"closed","sticky":false,"template":"","format":"standard","meta":{"footnotes":""},"categories":[38],"tags":[],"class_list":["post-59615","post","type-post","status-publish","format-standard","has-post-thumbnail","hentry","category-regional"],"jetpack_featured_media_url":"https:\/\/radiorevelacionfm.cl\/wp-content\/uploads\/2025\/09\/punto-en-gore-1_optimized.jpeg","_links":{"self":[{"href":"https:\/\/radiorevelacionfm.cl\/index.php?rest_route=\/wp\/v2\/posts\/59615","targetHints":{"allow":["GET"]}}],"collection":[{"href":"https:\/\/radiorevelacionfm.cl\/index.php?rest_route=\/wp\/v2\/posts"}],"about":[{"href":"https:\/\/radiorevelacionfm.cl\/index.php?rest_route=\/wp\/v2\/types\/post"}],"author":[{"embeddable":true,"href":"https:\/\/radiorevelacionfm.cl\/index.php?rest_route=\/wp\/v2\/users\/1"}],"replies":[{"embeddable":true,"href":"https:\/\/radiorevelacionfm.cl\/index.php?rest_route=%2Fwp%2Fv2%2Fcomments&post=59615"}],"version-history":[{"count":3,"href":"https:\/\/radiorevelacionfm.cl\/index.php?rest_route=\/wp\/v2\/posts\/59615\/revisions"}],"predecessor-version":[{"id":59627,"href":"https:\/\/radiorevelacionfm.cl\/index.php?rest_route=\/wp\/v2\/posts\/59615\/revisions\/59627"}],"wp:featuredmedia":[{"embeddable":true,"href":"https:\/\/radiorevelacionfm.cl\/index.php?rest_route=\/wp\/v2\/media\/59616"}],"wp:attachment":[{"href":"https:\/\/radiorevelacionfm.cl\/index.php?rest_route=%2Fwp%2Fv2%2Fmedia&parent=59615"}],"wp:term":[{"taxonomy":"category","embeddable":true,"href":"https:\/\/radiorevelacionfm.cl\/index.php?rest_route=%2Fwp%2Fv2%2Fcategories&post=59615"},{"taxonomy":"post_tag","embeddable":true,"href":"https:\/\/radiorevelacionfm.cl\/index.php?rest_route=%2Fwp%2Fv2%2Ftags&post=59615"}],"curies":[{"name":"wp","href":"https:\/\/api.w.org\/{rel}","templated":true}]}}