{"id":59609,"date":"2025-09-27T12:24:32","date_gmt":"2025-09-27T15:24:32","guid":{"rendered":"https:\/\/radiorevelacionfm.cl\/?p=59609"},"modified":"2025-09-27T12:24:32","modified_gmt":"2025-09-27T15:24:32","slug":"artistas-de-la-region-de-aysen-llevaran-propuesta-escenica-y-musical-a-expo-osaka-2025","status":"publish","type":"post","link":"https:\/\/radiorevelacionfm.cl\/?p=59609","title":{"rendered":"Artistas de la regi\u00f3n de Ays\u00e9n llevar\u00e1n propuesta esc\u00e9nica y musical a Expo Osaka 2025"},"content":{"rendered":"<div class=\"flex_column av_one_full  flex_column_div av-zero-column-padding first  avia-builder-el-0  el_before_av_one_full  avia-builder-el-first  \" style='border-radius:0px; '><div  class='avia-image-container  av-styling-    avia-builder-el-1  avia-builder-el-no-sibling  avia-align-center '  itemprop=\"image\" itemscope=\"itemscope\" itemtype=\"https:\/\/schema.org\/ImageObject\"  ><div class='avia-image-container-inner'><div class='avia-image-overlay-wrap'><img decoding=\"async\" class='wp-image-59610 avia-img-lazy-loading-not-59610 avia_image' src=\"https:\/\/radiorevelacionfm.cl\/wp-content\/uploads\/2025\/09\/chile-en-expo-osaka-1_optimized-1.jpg\" alt='' title='chile-en-expo-osaka-(1)_optimized (1)' height=\"600\" width=\"901\"  itemprop=\"thumbnailUrl\" srcset=\"https:\/\/radiorevelacionfm.cl\/wp-content\/uploads\/2025\/09\/chile-en-expo-osaka-1_optimized-1.jpg 901w, https:\/\/radiorevelacionfm.cl\/wp-content\/uploads\/2025\/09\/chile-en-expo-osaka-1_optimized-1-300x200.jpg 300w, https:\/\/radiorevelacionfm.cl\/wp-content\/uploads\/2025\/09\/chile-en-expo-osaka-1_optimized-1-768x511.jpg 768w, https:\/\/radiorevelacionfm.cl\/wp-content\/uploads\/2025\/09\/chile-en-expo-osaka-1_optimized-1-705x469.jpg 705w, https:\/\/radiorevelacionfm.cl\/wp-content\/uploads\/2025\/09\/chile-en-expo-osaka-1_optimized-1-450x300.jpg 450w, https:\/\/radiorevelacionfm.cl\/wp-content\/uploads\/2025\/09\/chile-en-expo-osaka-1_optimized-1-600x400.jpg 600w\" sizes=\"(max-width: 901px) 100vw, 901px\" \/><\/div><\/div><\/div><\/div><div class=\"flex_column av_one_full  flex_column_div av-zero-column-padding first  avia-builder-el-2  el_after_av_one_full  el_before_av_one_full  column-top-margin\" style='border-radius:0px; '><section class=\"av_textblock_section \"  itemscope=\"itemscope\" itemtype=\"https:\/\/schema.org\/BlogPosting\" itemprop=\"blogPost\" ><div class='avia_textblock  '   itemprop=\"text\" ><p style=\"text-align: center;\"><strong><span style=\"font-size: 18pt;\">Artistas de la regi\u00f3n de Ays\u00e9n llevar\u00e1n propuesta esc\u00e9nica y musical a Expo Osaka 2025<\/span><\/strong><\/p>\n<div id=\"gtx-trans\" style=\"position: absolute; left: -50px; top: 4.31534px;\">\n<div class=\"gtx-trans-icon\"><\/div>\n<\/div>\n<\/div><\/section><\/div><div class=\"flex_column av_one_full  flex_column_div av-zero-column-padding first  avia-builder-el-4  el_after_av_one_full  el_before_av_hr  column-top-margin\" style='border-radius:0px; '><section class=\"av_textblock_section \"  itemscope=\"itemscope\" itemtype=\"https:\/\/schema.org\/BlogPosting\" itemprop=\"blogPost\" ><div class='avia_textblock  '   itemprop=\"text\" ><p style=\"text-align: justify;\"><em>En la semana de las Industrias Creativas, Patagonia Ays\u00e9n tendr\u00e1 una de las tres representaciones en el pabell\u00f3n de Chile, que mostrar\u00e1n parte de la creatividad nacional en la exposici\u00f3n internacional de Jap\u00f3n.<\/em><\/p>\n<p style=\"text-align: justify;\">La Regi\u00f3n de Ays\u00e9n tendr\u00e1 una destacada participaci\u00f3n en la semana de industrias creativas que Chile realizar\u00e1 en Expo Osaka 2025, donde artistas de la regi\u00f3n presentar\u00e1n una exposici\u00f3n de parte del sector creativo regional, representada a trav\u00e9s de estatuas humanas, artista marote y un m\u00fasico local, en el exterior del pabell\u00f3n nacional. Con un cofinanciamiento entre ProChile y el Gobierno Regional de Ays\u00e9n, mediante el actual convenio FNDR, la delegaci\u00f3n aysenina forma parte de un enfoque regional que busca promocionar y relevar, c\u00f3mo la creatividad chilena florece desde diferentes territorios del pa\u00eds, destacando las particularidades \u00fanicas de la Patagonia. En una propuesta, que busca tambi\u00e9n promocionar parte de los licores producidos en la regi\u00f3n, en una barra que, por un d\u00eda, ser\u00e1 solo de Ays\u00e9n.<\/p>\n<p style=\"text-align: justify;\">Entre el 27 de septiembre al 3 de octubre, el pabell\u00f3n de Chile se transformar\u00e1 en un espacio que visibilizar\u00e1 la riqueza cultural y creativa de las diferentes regiones del pa\u00eds, combinando exhibiciones, talleres y espect\u00e1culos en vivo con representantes de asociaciones gremiales, artistas y sectores como m\u00fasica, audiovisual, videojuegos, narrativa gr\u00e1fica y artes visuales y esc\u00e9nicas.<\/p>\n<p style=\"text-align: justify;\">Desde la Regi\u00f3n de Ays\u00e9n, realizar\u00e1n la propuesta esc\u00e9nica y musical, el m\u00fasico acordeonista Juan Pablo Aguilera, el marionetista Cristi\u00e1n Lira, con su personaje don Eustaquio, Amelia Osorio, con su estatua humana, tejedora de juncos de Puerto Ays\u00e9n y Mar\u00eda Jos\u00e9 Vivero, estatua humana, hierbatera de Melinka, estas \u00faltimas actrices y l\u00edderes de Teatro Austral, compa\u00f1\u00eda regional. La propuesta art\u00edstica se logr\u00f3 gracias a un equipo local compuesto por Dami\u00e1n Antiguez en la direcci\u00f3n, Manuela Millar y Cecilia Barril encargadas del dise\u00f1o y confecci\u00f3n del vestuario, adem\u00e1s de Sabrina Porcel y Claudia Molina, encargadas de las comunicaciones.<\/p>\n<p style=\"text-align: justify;\">\u201cEs fundamental para nuestra regi\u00f3n poder mostrar al mundo lo que somos, m\u00e1s all\u00e1 de las maravillas naturales, o de ser un territorio \u00fanico y particular, con altas potencialidades en turismo, contamos tambi\u00e9n con un sector creativo creciente, din\u00e1mico y pr\u00f3spero, con subsectores como la m\u00fasica, artes visuales, editorial, artes esc\u00e9nicas o narrativa gr\u00e1fica. ProChile ha apoyado constantemente a las industrias creativas en su proceso de internacionalizaci\u00f3n en conjunto con el sector p\u00fablico y privado y queremos potenciar que m\u00e1s personas conozcan que, desde el fin del mundo, hay talentos que pueden atraer audiencias globales y colaborar con el posicionamiento de la marca pa\u00eds en eventos como Expo Osaka 2025&#8243;, indic\u00f3 el director regional de ProChile en Ays\u00e9n, Jaime Poblete.<\/p>\n<p style=\"text-align: justify;\">En 2024, las exportaciones de servicios chilenos ligados a la industria creativa ascendieron a US$98 millones, destacando los subsectores de animaci\u00f3n, audiovisual, editoriales y videojuegos, seg\u00fan datos de ProChile basados en el Servicio Nacional de Aduanas.<\/p>\n<p style=\"text-align: justify;\">Zonas tem\u00e1ticas, talleres y espect\u00e1culos en vivo<\/p>\n<p style=\"text-align: justify;\">La delegaci\u00f3n nacional incluye destacados nombres de la industria nacional, como el ganador del primer \u00d3scar para Chile, Gabriel Osorio, director de \u00abHistoria de un Oso\u201d, Christell y \u201cEl Mundo de Christell\u00bb, artista nacional viral en el pa\u00eds nip\u00f3n, tambi\u00e9n VG Chile, Ludichile, Francisco Inostroza de la Cooperativa de Narrativa Gr\u00e1fica Chilena, y la compa\u00f1\u00eda OANI con el teatro Lambe Lambe, junto a la Fundaci\u00f3n Teatro a Mil.<\/p>\n<p style=\"text-align: justify;\">Para esta semana, el pabell\u00f3n de Chile se acondicionar\u00e1 con zonas tem\u00e1ticas que permitir\u00e1n a los visitantes explorar la creatividad chilena a trav\u00e9s de diversas experiencias interactivas.<\/p>\n<p style=\"text-align: justify;\">Dentro de las actividades programadas habr\u00e1 talleres de juegos de mesa chilenos organizados con LudiChile junto a Fractal Juegos, la exhibici\u00f3n del cortometraje animado \u00abHistoria de un Oso\u00bb, charlas sobre bandas sonoras para videojuegos desde Chile, conversatorios sobre el estado de la industria de los videojuegos en Chile y Jap\u00f3n, y el lanzamiento del kickstarter del videojuego \u00abBruma\u00bb en Jap\u00f3n de la empresa 4HA Games.<\/p>\n<p style=\"text-align: justify;\">En el exterior del pabell\u00f3n, estar\u00e1 presente la propuesta regional aysenina, el caricaturista Abel Elizondo, un meet and greet con Christell y las presentaciones de OANI teatro con su teatro miniatura Lambe Lambe.<\/p>\n<p style=\"text-align: justify;\">Adem\u00e1s, \u00abEl Mundo de Christell\u00bb y el grupo de jazz \u00abAntonio Monasterio Ensamble\u00bb se presentar\u00e1n en el escenario pop-up del recinto de Expo Osaka los d\u00edas 27 y 28 de septiembre.<\/p>\n<\/div><\/section><\/div><div  style='height:50px' class='hr hr-invisible   avia-builder-el-6  el_after_av_one_full  el_before_av_social_share '><span class='hr-inner ' ><span class='hr-inner-style'><\/span><\/span><\/div><\/p>\n<div  class='av-social-sharing-box  avia-builder-el-7  el_after_av_hr  el_before_av_hr  '><div class='av-share-box'><h5 class='av-share-link-description av-no-toc '>Compartir esta noticia<\/h5><ul class='av-share-box-list noLightbox'><li class='av-share-link av-social-link-facebook' ><a target=\"_blank\" aria-label=\"Compartir en Facebook\" href='https:\/\/www.facebook.com\/sharer.php?u=https:\/\/radiorevelacionfm.cl\/?p=59609&#038;t=Artistas%20de%20la%20regi%C3%B3n%20de%20Ays%C3%A9n%20llevar%C3%A1n%20propuesta%20esc%C3%A9nica%20y%20musical%20a%20Expo%20Osaka%202025' aria-hidden='false' data-av_icon='\ue8f3' data-av_iconfont='entypo-fontello' title='' data-avia-related-tooltip='Compartir en Facebook' rel=\"noopener\"><span class='avia_hidden_link_text'>Compartir en Facebook<\/span><\/a><\/li><li class='av-share-link av-social-link-twitter' ><a target=\"_blank\" aria-label=\"Compartir en Twitter\" href='https:\/\/twitter.com\/share?text=Artistas%20de%20la%20regi%C3%B3n%20de%20Ays%C3%A9n%20llevar%C3%A1n%20propuesta%20esc%C3%A9nica%20y%20musical%20a%20Expo%20Osaka%202025&#038;url=https:\/\/radiorevelacionfm.cl\/?p=59609' aria-hidden='false' data-av_icon='\ue8f1' data-av_iconfont='entypo-fontello' title='' data-avia-related-tooltip='Compartir en Twitter' rel=\"noopener\"><span class='avia_hidden_link_text'>Compartir en Twitter<\/span><\/a><\/li><li class='av-share-link av-social-link-whatsapp' ><a target=\"_blank\" aria-label=\"Compartir en Whatsapp\" href='https:\/\/api.whatsapp.com\/send?text=https:\/\/radiorevelacionfm.cl\/?p=59609' aria-hidden='false' data-av_icon='\uf232' data-av_iconfont='entypo-fontello' title='' data-avia-related-tooltip='Compartir en Whatsapp' rel=\"noopener\"><span class='avia_hidden_link_text'>Compartir en Whatsapp<\/span><\/a><\/li><li class='av-share-link av-social-link-linkedin' ><a target=\"_blank\" aria-label=\"Compartir en LinkedIn\" href='https:\/\/linkedin.com\/shareArticle?mini=true&#038;title=Artistas%20de%20la%20regi%C3%B3n%20de%20Ays%C3%A9n%20llevar%C3%A1n%20propuesta%20esc%C3%A9nica%20y%20musical%20a%20Expo%20Osaka%202025&#038;url=https:\/\/radiorevelacionfm.cl\/?p=59609' aria-hidden='false' data-av_icon='\ue8fc' data-av_iconfont='entypo-fontello' title='' data-avia-related-tooltip='Compartir en LinkedIn' rel=\"noopener\"><span class='avia_hidden_link_text'>Compartir en LinkedIn<\/span><\/a><\/li><li class='av-share-link av-social-link-mail' ><a  aria-label=\"Compartir por correo\" href='mailto:?subject=Artistas%20de%20la%20regi%C3%B3n%20de%20Ays%C3%A9n%20llevar%C3%A1n%20propuesta%20esc%C3%A9nica%20y%20musical%20a%20Expo%20Osaka%202025&#038;body=https:\/\/radiorevelacionfm.cl\/?p=59609' aria-hidden='false' data-av_icon='\ue805' data-av_iconfont='entypo-fontello' title='' data-avia-related-tooltip='Compartir por correo'><span class='avia_hidden_link_text'>Compartir por correo<\/span><\/a><\/li><\/ul><\/div><\/div>\n<div  style='height:50px' class='hr hr-invisible   avia-builder-el-8  el_after_av_social_share  el_before_av_comments_list '><span class='hr-inner ' ><span class='hr-inner-style'><\/span><\/span><\/div>\n<div  class='av-buildercomment  av-blog-meta-html-info-disabled av-blog-meta-tag-disabled  '><\/div>\n","protected":false},"excerpt":{"rendered":"","protected":false},"author":1,"featured_media":59610,"comment_status":"closed","ping_status":"closed","sticky":false,"template":"","format":"standard","meta":{"footnotes":""},"categories":[38],"tags":[],"class_list":["post-59609","post","type-post","status-publish","format-standard","has-post-thumbnail","hentry","category-regional"],"jetpack_featured_media_url":"https:\/\/radiorevelacionfm.cl\/wp-content\/uploads\/2025\/09\/chile-en-expo-osaka-1_optimized-1.jpg","_links":{"self":[{"href":"https:\/\/radiorevelacionfm.cl\/index.php?rest_route=\/wp\/v2\/posts\/59609","targetHints":{"allow":["GET"]}}],"collection":[{"href":"https:\/\/radiorevelacionfm.cl\/index.php?rest_route=\/wp\/v2\/posts"}],"about":[{"href":"https:\/\/radiorevelacionfm.cl\/index.php?rest_route=\/wp\/v2\/types\/post"}],"author":[{"embeddable":true,"href":"https:\/\/radiorevelacionfm.cl\/index.php?rest_route=\/wp\/v2\/users\/1"}],"replies":[{"embeddable":true,"href":"https:\/\/radiorevelacionfm.cl\/index.php?rest_route=%2Fwp%2Fv2%2Fcomments&post=59609"}],"version-history":[{"count":2,"href":"https:\/\/radiorevelacionfm.cl\/index.php?rest_route=\/wp\/v2\/posts\/59609\/revisions"}],"predecessor-version":[{"id":59625,"href":"https:\/\/radiorevelacionfm.cl\/index.php?rest_route=\/wp\/v2\/posts\/59609\/revisions\/59625"}],"wp:featuredmedia":[{"embeddable":true,"href":"https:\/\/radiorevelacionfm.cl\/index.php?rest_route=\/wp\/v2\/media\/59610"}],"wp:attachment":[{"href":"https:\/\/radiorevelacionfm.cl\/index.php?rest_route=%2Fwp%2Fv2%2Fmedia&parent=59609"}],"wp:term":[{"taxonomy":"category","embeddable":true,"href":"https:\/\/radiorevelacionfm.cl\/index.php?rest_route=%2Fwp%2Fv2%2Fcategories&post=59609"},{"taxonomy":"post_tag","embeddable":true,"href":"https:\/\/radiorevelacionfm.cl\/index.php?rest_route=%2Fwp%2Fv2%2Ftags&post=59609"}],"curies":[{"name":"wp","href":"https:\/\/api.w.org\/{rel}","templated":true}]}}