{"id":59601,"date":"2025-09-26T18:15:13","date_gmt":"2025-09-26T21:15:13","guid":{"rendered":"https:\/\/radiorevelacionfm.cl\/?p=59601"},"modified":"2025-09-26T18:15:13","modified_gmt":"2025-09-26T21:15:13","slug":"cochrane-se-proyecta-como-destino-turistico-todo-el-ano-en-el-dia-mundial-del-turismo","status":"publish","type":"post","link":"https:\/\/radiorevelacionfm.cl\/?p=59601","title":{"rendered":"Cochrane se proyecta como destino tur\u00edstico todo el a\u00f1o en el D\u00eda Mundial del Turismo"},"content":{"rendered":"<div class=\"flex_column av_one_full  flex_column_div av-zero-column-padding first  avia-builder-el-0  el_before_av_one_full  avia-builder-el-first  \" style='border-radius:0px; '><div  class='avia-image-container  av-styling-    avia-builder-el-1  avia-builder-el-no-sibling  avia-align-center '  itemprop=\"image\" itemscope=\"itemscope\" itemtype=\"https:\/\/schema.org\/ImageObject\"  ><div class='avia-image-container-inner'><div class='avia-image-overlay-wrap'><img decoding=\"async\" class='wp-image-59602 avia-img-lazy-loading-not-59602 avia_image' src=\"https:\/\/radiorevelacionfm.cl\/wp-content\/uploads\/2025\/09\/cochrane-destino-todo-el-ano-7-1-1.jpg\" alt='' title='cochrane destino todo el a\u00f1o (7) (1) (1)' height=\"600\" width=\"913\"  itemprop=\"thumbnailUrl\" srcset=\"https:\/\/radiorevelacionfm.cl\/wp-content\/uploads\/2025\/09\/cochrane-destino-todo-el-ano-7-1-1.jpg 913w, https:\/\/radiorevelacionfm.cl\/wp-content\/uploads\/2025\/09\/cochrane-destino-todo-el-ano-7-1-1-300x197.jpg 300w, https:\/\/radiorevelacionfm.cl\/wp-content\/uploads\/2025\/09\/cochrane-destino-todo-el-ano-7-1-1-768x505.jpg 768w, https:\/\/radiorevelacionfm.cl\/wp-content\/uploads\/2025\/09\/cochrane-destino-todo-el-ano-7-1-1-705x463.jpg 705w, https:\/\/radiorevelacionfm.cl\/wp-content\/uploads\/2025\/09\/cochrane-destino-todo-el-ano-7-1-1-450x296.jpg 450w, https:\/\/radiorevelacionfm.cl\/wp-content\/uploads\/2025\/09\/cochrane-destino-todo-el-ano-7-1-1-600x394.jpg 600w\" sizes=\"(max-width: 913px) 100vw, 913px\" \/><\/div><\/div><\/div><\/div><div class=\"flex_column av_one_full  flex_column_div av-zero-column-padding first  avia-builder-el-2  el_after_av_one_full  el_before_av_one_full  column-top-margin\" style='border-radius:0px; '><section class=\"av_textblock_section \"  itemscope=\"itemscope\" itemtype=\"https:\/\/schema.org\/BlogPosting\" itemprop=\"blogPost\" ><div class='avia_textblock  '   itemprop=\"text\" ><p style=\"text-align: center;\"><span style=\"font-size: 18pt;\"><b>Cochrane se proyecta como destino tur\u00edstico todo el a\u00f1o en el D\u00eda Mundial del Turismo<\/b><\/span><\/p>\n<div id=\"gtx-trans\" style=\"position: absolute; left: -50px; top: 4.31534px;\">\n<div class=\"gtx-trans-icon\"><\/div>\n<\/div>\n<\/div><\/section><\/div><div class=\"flex_column av_one_full  flex_column_div av-zero-column-padding first  avia-builder-el-4  el_after_av_one_full  el_before_av_hr  column-top-margin\" style='border-radius:0px; '><section class=\"av_textblock_section \"  itemscope=\"itemscope\" itemtype=\"https:\/\/schema.org\/BlogPosting\" itemprop=\"blogPost\" ><div class='avia_textblock  '   itemprop=\"text\" ><p style=\"text-align: justify;\">En el marco de la conmemoraci\u00f3n del D\u00eda Mundial del Turismo, este s\u00e1bado 27 de septiembre la Municipalidad de Cochrane levantar\u00e1 un hito comunicacional hist\u00f3rico, con una transmisi\u00f3n digital que comienza a las 07:00 de la ma\u00f1ana y se extender\u00e1 hasta la medianoche, compartiendo im\u00e1genes, videos y relatos de las bellezas naturales, culturales y humanas de la comuna a trav\u00e9s de las redes sociales institucionales del municipio.<\/p>\n<p style=\"text-align: justify;\">El objetivo es claro: posicionar a Cochrane como un destino abierto los 365 d\u00edas del a\u00f1o, capital del turismo regional y orgullo de la provincia Capit\u00e1n Prat.<\/p>\n<p style=\"text-align: justify;\">El alcalde de Cochrane, Patricio Ulloa Georgia, enfatiz\u00f3 el potencial tur\u00edstico de la comuna y extendi\u00f3 una invitaci\u00f3n a quienes visiten la regi\u00f3n de Ays\u00e9n: \u201cPara nosotros, el turismo son los 365 d\u00edas del a\u00f1o. Cochrane tiene bellezas naturales impresionantes: glaciares, r\u00edos, monta\u00f1as, naturaleza viva, adem\u00e1s de servicios, nuestra gente y los emprendedores, siempre dispuestos a recibir a los turistas que llegan desde la regi\u00f3n, desde todo Chile y el mundo. Estamos apostando fuertemente a posicionarnos como la capital del turismo regional en Ays\u00e9n, porque contamos con todo lo necesario para recibir a quienes nos visitan\u201d.<\/p>\n<p style=\"text-align: justify;\">La presidenta de la C\u00e1mara de Comercio, Servicios y Turismo de Cochrane, Stephanie Rossel, reforz\u00f3 la invitaci\u00f3n, destacando que la comuna ofrece no solo paisajes \u00fanicos, sino tambi\u00e9n una red de servicios que hacen de Cochrane un destino preparado para todo tipo de visitantes: \u201cHoy les quiero hacer una invitaci\u00f3n en este D\u00eda del Turismo a que vengan a conocer Cochrane. Somos la capital de la provincia Capit\u00e1n Prat y contamos con todos los servicios que pueda necesitar para recorrer la zona o continuar su viaje. Estamos a pasos del Parque Patagonia, tenemos el r\u00edo Cochrane y muchos otros atractivos cercanos. Adem\u00e1s, ofrecemos una variada gastronom\u00eda: desde carnes de la zona hasta platos \u00fanicos como morillas o dig\u00fce\u00f1es, junto con opciones para veganos y vegetarianos. Tambi\u00e9n hay alojamiento para todos los gustos y bolsillos: caba\u00f1as, hostales, campings. Y si hablamos de servicios, Cochrane es una parada obligatoria: contamos con estaci\u00f3n de servicio, mec\u00e1nicos, banco, farmacia y hospital. Aqu\u00ed est\u00e1 todo lo que necesita el turista, y lo m\u00e1s importante, una comunidad que los recibe con los brazos abiertos\u201d.<\/p>\n<p style=\"text-align: justify;\">Desde la mirada de quienes acompa\u00f1an a los visitantes en su aventura, Jimmy Vald\u00e9s, presidente de la Agrupaci\u00f3n de Gu\u00edas de Turismo de Cochrane, recalc\u00f3 que la comuna ofrece experiencias \u00fanicas y guiadas por profesionales certificados: \u201cQuiero invitar a todos nuestros visitantes a que disfruten de nuestros senderos, paisajes y actividades. Contamos con gu\u00edas certificados que los acompa\u00f1ar\u00e1n en experiencias inolvidables: cabalgatas, navegaci\u00f3n, caminatas en hielo, monta\u00f1ismo, ba\u00f1os de bosque, avistamiento de aves, entre muchas otras. En Cochrane encontrar\u00e1n naturaleza viva y turismo local de calidad. Vengan a disfrutar y apoyen a nuestros gu\u00edas y emprendedores\u201d.<\/p>\n<p style=\"text-align: justify;\">Finalmente, el encargado de Turismo de la Municipalidad de Cochrane, Javier Mu\u00f1oz Maldonado, destac\u00f3 que Cochrane combina una amplia oferta deportiva, cultural y natural que la consolida como un destino integral: \u201cAl visitar Cochrane, encontramos una gran oferta de actividades deportivas outdoor como el Cochrane Patagonia Trail, la Carrera Aventura San Lorenzo, el Ascenso Invernal al Cord\u00f3n Esmeralda y el Encuentro Invernal del Monte San Lorenzo. Pero tambi\u00e9n tenemos una gama amplia de actividades culturales, como el Encuentro Costumbrista \u2014el m\u00e1s antiguo de Ays\u00e9n\u2014, el D\u00eda de la Ovejer\u00eda, el Festival de Jineteadas y el Aniversario de Cochrane en marzo. Adem\u00e1s, contamos con atractivos naturales de nivel mundial: el Lago Cochrane, uno de los m\u00e1s transparentes del planeta; el r\u00edo Baker, el m\u00e1s caudaloso de Chile; el Glaciar Calluqueo, a solo 50 km con acceso expedito; el Monte San Lorenzo, segunda cumbre m\u00e1s alta de la regi\u00f3n; y el Parque Patagonia, con m\u00e1s de 200 km de senderos. Todo esto convierte a Cochrane en un destino tur\u00edstico abierto y vivo los 365 d\u00edas del a\u00f1o\u201d.<\/p>\n<p style=\"text-align: justify;\">A fin de relevar la importancia del turismo para la comuna de Cochrane, el alcalde Patricio Ulloa Georgia anunci\u00f3 que se invertir\u00e1 un total de $1.926.193.000, con cargo al Fondo Nacional de Desarrollo Regional (FNDR), para la ejecuci\u00f3n del Programa de Turismo y Fomento Productivo durante los pr\u00f3ximos tres a\u00f1os. Esta hist\u00f3rica inversi\u00f3n permitir\u00e1 consolidar a Cochrane como un destino de proyecci\u00f3n regional, nacional e internacional, dando un fuerte impulso a la actividad tur\u00edstica y econ\u00f3mica local.<\/p>\n<\/div><\/section><\/div><div  style='height:50px' class='hr hr-invisible   avia-builder-el-6  el_after_av_one_full  el_before_av_social_share '><span class='hr-inner ' ><span class='hr-inner-style'><\/span><\/span><\/div><\/p>\n<div  class='av-social-sharing-box  avia-builder-el-7  el_after_av_hr  el_before_av_hr  '><div class='av-share-box'><h5 class='av-share-link-description av-no-toc '>Compartir esta noticia<\/h5><ul class='av-share-box-list noLightbox'><li class='av-share-link av-social-link-facebook' ><a target=\"_blank\" aria-label=\"Compartir en Facebook\" href='https:\/\/www.facebook.com\/sharer.php?u=https:\/\/radiorevelacionfm.cl\/?p=59601&#038;t=Cochrane%20se%20proyecta%20como%20destino%20tur%C3%ADstico%20todo%20el%20a%C3%B1o%20en%20el%20D%C3%ADa%20Mundial%20del%20Turismo' aria-hidden='false' data-av_icon='\ue8f3' data-av_iconfont='entypo-fontello' title='' data-avia-related-tooltip='Compartir en Facebook' rel=\"noopener\"><span class='avia_hidden_link_text'>Compartir en Facebook<\/span><\/a><\/li><li class='av-share-link av-social-link-twitter' ><a target=\"_blank\" aria-label=\"Compartir en Twitter\" href='https:\/\/twitter.com\/share?text=Cochrane%20se%20proyecta%20como%20destino%20tur%C3%ADstico%20todo%20el%20a%C3%B1o%20en%20el%20D%C3%ADa%20Mundial%20del%20Turismo&#038;url=https:\/\/radiorevelacionfm.cl\/?p=59601' aria-hidden='false' data-av_icon='\ue8f1' data-av_iconfont='entypo-fontello' title='' data-avia-related-tooltip='Compartir en Twitter' rel=\"noopener\"><span class='avia_hidden_link_text'>Compartir en Twitter<\/span><\/a><\/li><li class='av-share-link av-social-link-whatsapp' ><a target=\"_blank\" aria-label=\"Compartir en Whatsapp\" href='https:\/\/api.whatsapp.com\/send?text=https:\/\/radiorevelacionfm.cl\/?p=59601' aria-hidden='false' data-av_icon='\uf232' data-av_iconfont='entypo-fontello' title='' data-avia-related-tooltip='Compartir en Whatsapp' rel=\"noopener\"><span class='avia_hidden_link_text'>Compartir en Whatsapp<\/span><\/a><\/li><li class='av-share-link av-social-link-linkedin' ><a target=\"_blank\" aria-label=\"Compartir en LinkedIn\" href='https:\/\/linkedin.com\/shareArticle?mini=true&#038;title=Cochrane%20se%20proyecta%20como%20destino%20tur%C3%ADstico%20todo%20el%20a%C3%B1o%20en%20el%20D%C3%ADa%20Mundial%20del%20Turismo&#038;url=https:\/\/radiorevelacionfm.cl\/?p=59601' aria-hidden='false' data-av_icon='\ue8fc' data-av_iconfont='entypo-fontello' title='' data-avia-related-tooltip='Compartir en LinkedIn' rel=\"noopener\"><span class='avia_hidden_link_text'>Compartir en LinkedIn<\/span><\/a><\/li><li class='av-share-link av-social-link-mail' ><a  aria-label=\"Compartir por correo\" href='mailto:?subject=Cochrane%20se%20proyecta%20como%20destino%20tur%C3%ADstico%20todo%20el%20a%C3%B1o%20en%20el%20D%C3%ADa%20Mundial%20del%20Turismo&#038;body=https:\/\/radiorevelacionfm.cl\/?p=59601' aria-hidden='false' data-av_icon='\ue805' data-av_iconfont='entypo-fontello' title='' data-avia-related-tooltip='Compartir por correo'><span class='avia_hidden_link_text'>Compartir por correo<\/span><\/a><\/li><\/ul><\/div><\/div>\n<div  style='height:50px' class='hr hr-invisible   avia-builder-el-8  el_after_av_social_share  el_before_av_comments_list '><span class='hr-inner ' ><span class='hr-inner-style'><\/span><\/span><\/div>\n<div  class='av-buildercomment  av-blog-meta-html-info-disabled av-blog-meta-tag-disabled  '><\/div>\n","protected":false},"excerpt":{"rendered":"","protected":false},"author":1,"featured_media":59602,"comment_status":"closed","ping_status":"closed","sticky":false,"template":"","format":"standard","meta":{"footnotes":""},"categories":[54],"tags":[],"class_list":["post-59601","post","type-post","status-publish","format-standard","has-post-thumbnail","hentry","category-turismo"],"jetpack_featured_media_url":"https:\/\/radiorevelacionfm.cl\/wp-content\/uploads\/2025\/09\/cochrane-destino-todo-el-ano-7-1-1.jpg","_links":{"self":[{"href":"https:\/\/radiorevelacionfm.cl\/index.php?rest_route=\/wp\/v2\/posts\/59601","targetHints":{"allow":["GET"]}}],"collection":[{"href":"https:\/\/radiorevelacionfm.cl\/index.php?rest_route=\/wp\/v2\/posts"}],"about":[{"href":"https:\/\/radiorevelacionfm.cl\/index.php?rest_route=\/wp\/v2\/types\/post"}],"author":[{"embeddable":true,"href":"https:\/\/radiorevelacionfm.cl\/index.php?rest_route=\/wp\/v2\/users\/1"}],"replies":[{"embeddable":true,"href":"https:\/\/radiorevelacionfm.cl\/index.php?rest_route=%2Fwp%2Fv2%2Fcomments&post=59601"}],"version-history":[{"count":2,"href":"https:\/\/radiorevelacionfm.cl\/index.php?rest_route=\/wp\/v2\/posts\/59601\/revisions"}],"predecessor-version":[{"id":59604,"href":"https:\/\/radiorevelacionfm.cl\/index.php?rest_route=\/wp\/v2\/posts\/59601\/revisions\/59604"}],"wp:featuredmedia":[{"embeddable":true,"href":"https:\/\/radiorevelacionfm.cl\/index.php?rest_route=\/wp\/v2\/media\/59602"}],"wp:attachment":[{"href":"https:\/\/radiorevelacionfm.cl\/index.php?rest_route=%2Fwp%2Fv2%2Fmedia&parent=59601"}],"wp:term":[{"taxonomy":"category","embeddable":true,"href":"https:\/\/radiorevelacionfm.cl\/index.php?rest_route=%2Fwp%2Fv2%2Fcategories&post=59601"},{"taxonomy":"post_tag","embeddable":true,"href":"https:\/\/radiorevelacionfm.cl\/index.php?rest_route=%2Fwp%2Fv2%2Ftags&post=59601"}],"curies":[{"name":"wp","href":"https:\/\/api.w.org\/{rel}","templated":true}]}}