{"id":59597,"date":"2025-09-26T18:01:13","date_gmt":"2025-09-26T21:01:13","guid":{"rendered":"https:\/\/radiorevelacionfm.cl\/?p=59597"},"modified":"2025-09-26T18:01:13","modified_gmt":"2025-09-26T21:01:13","slug":"avances-en-salud-juvenil-disminuye-el-embarazo-adolescente-en-puerto-aysen","status":"publish","type":"post","link":"https:\/\/radiorevelacionfm.cl\/?p=59597","title":{"rendered":"Avances en salud juvenil: disminuye el embarazo adolescente en Puerto Ays\u00e9n"},"content":{"rendered":"<div class=\"flex_column av_one_full  flex_column_div av-zero-column-padding first  avia-builder-el-0  el_before_av_one_full  avia-builder-el-first  \" style='border-radius:0px; '><div  class='avia-image-container  av-styling-    avia-builder-el-1  avia-builder-el-no-sibling  avia-align-center '  itemprop=\"image\" itemscope=\"itemscope\" itemtype=\"https:\/\/schema.org\/ImageObject\"  ><div class='avia-image-container-inner'><div class='avia-image-overlay-wrap'><img decoding=\"async\" class='wp-image-59598 avia-img-lazy-loading-not-59598 avia_image' src=\"https:\/\/radiorevelacionfm.cl\/wp-content\/uploads\/2025\/09\/foto-contexto-2-1-1.jpeg\" alt='' title='foto contexto 2 (1) (1)' height=\"600\" width=\"834\"  itemprop=\"thumbnailUrl\" srcset=\"https:\/\/radiorevelacionfm.cl\/wp-content\/uploads\/2025\/09\/foto-contexto-2-1-1.jpeg 834w, https:\/\/radiorevelacionfm.cl\/wp-content\/uploads\/2025\/09\/foto-contexto-2-1-1-300x216.jpeg 300w, https:\/\/radiorevelacionfm.cl\/wp-content\/uploads\/2025\/09\/foto-contexto-2-1-1-768x553.jpeg 768w, https:\/\/radiorevelacionfm.cl\/wp-content\/uploads\/2025\/09\/foto-contexto-2-1-1-705x507.jpeg 705w, https:\/\/radiorevelacionfm.cl\/wp-content\/uploads\/2025\/09\/foto-contexto-2-1-1-450x324.jpeg 450w, https:\/\/radiorevelacionfm.cl\/wp-content\/uploads\/2025\/09\/foto-contexto-2-1-1-600x432.jpeg 600w\" sizes=\"(max-width: 834px) 100vw, 834px\" \/><\/div><\/div><\/div><\/div><div class=\"flex_column av_one_full  flex_column_div av-zero-column-padding first  avia-builder-el-2  el_after_av_one_full  el_before_av_one_full  column-top-margin\" style='border-radius:0px; '><section class=\"av_textblock_section \"  itemscope=\"itemscope\" itemtype=\"https:\/\/schema.org\/BlogPosting\" itemprop=\"blogPost\" ><div class='avia_textblock  '   itemprop=\"text\" ><p style=\"text-align: center;\"><span style=\"font-size: 18pt;\"><b><span lang=\"ES-TRAD\">Avances en salud juvenil: disminuye el embarazo adolescente en Puerto Ays\u00e9n<\/span><\/b><\/span><\/p>\n<div id=\"gtx-trans\" style=\"position: absolute; left: -50px; top: 4.31534px;\">\n<div class=\"gtx-trans-icon\"><\/div>\n<\/div>\n<\/div><\/section><\/div><div class=\"flex_column av_one_full  flex_column_div av-zero-column-padding first  avia-builder-el-4  el_after_av_one_full  el_before_av_hr  column-top-margin\" style='border-radius:0px; '><section class=\"av_textblock_section \"  itemscope=\"itemscope\" itemtype=\"https:\/\/schema.org\/BlogPosting\" itemprop=\"blogPost\" ><div class='avia_textblock  '   itemprop=\"text\" ><p style=\"text-align: justify;\" align=\"center\"><span lang=\"IT\">E<\/span><i><span lang=\"ES-TRAD\">n el marco de la Semana de la Prevenci\u00f3n del Embarazo Adolescente, este avance se atribuye a la Educaci\u00f3n Sexual Integral (ESI) y al acceso gratuito a m\u00e9todos anticonceptivos.<\/span><\/i><\/p>\n<p style=\"text-align: justify;\">En 2019, el embarazo adolescente en Puerto Ays\u00e9n representaba el 7,7% del total de gestaciones; en 2025, la cifra baj\u00f3 a 2,4%, seg\u00fan datos del Servicio de Salud Ays\u00e9n.\u00a0Esta disminuci\u00f3n local se suma al panorama nacional, donde la tasa de natalidad adolescente tambi\u00e9n descendi\u00f3, pasando de 44,1 por cada 1.000 j\u00f3venes en 2014 a 9,0 en 2024.<\/p>\n<p style=\"text-align: justify;\"><span lang=\"ES-TRAD\">Para la matrona Carla Flores Laferte, del Programa de Salud Joven y Adolescente del Cesfam Puerto Ays\u00e9n, el cambio se explica en gran medida porque hoy los j\u00f3venes tienen acceso a una educaci\u00f3n sexual clara, libres de prejuicios y con espacios seguros para preguntar. \u201cLa base est\u00e1 en que puedan acceder oportunamente a una educaci\u00f3n sexual de calidad, donde se sientan acompa\u00f1ados y comprendidos\u201d, se\u00f1ala Flores.<\/span><\/p>\n<p style=\"text-align: justify;\"><span lang=\"ES-TRAD\">En esa misma l\u00ednea, la doctora Francisca Bertrand tambi\u00e9n del Cesfam, destaca que la Educaci\u00f3n Sexual Integral (ESI) permite que las y los j\u00f3venes tomen decisiones informadas y responsables sobre su salud sexual y reproductiva. Esta estrategia, adem\u00e1s, se adapta a las distintas caracter\u00edsticas de las personas, considerando sus conocimientos personales, creencias religiosas, \u00e9tnicas y la diversidad sexual. As\u00ed como tambi\u00e9n, se preocupa de derribar mitos y tab\u00faes comunes.<\/span><\/p>\n<p style=\"text-align: justify;\"><span lang=\"ES-TRAD\">Otra de las medidas claves adoptadas en Chile, dice la doctora Francisca Bertrand es garantizar el acceso gratuito a u<\/span><span lang=\"PT\">na amplia gama de m<\/span><span lang=\"FR\">\u00e9<\/span><span lang=\"PT\">todos anticonceptivos para adolescentes.<\/span><span lang=\"ES-TRAD\">\u00a0Entre las opciones disponibles est\u00e1n: P\u00edldoras anticonceptivas,\u00a0<\/span><span lang=\"IT\">Dispositivo Intrauterino (DIU)<\/span><span lang=\"ES-TRAD\">;\u00a0<\/span><span lang=\"PT\">Implantes subd<\/span><span lang=\"FR\">\u00e9<\/span><span lang=\"PT\">rmicos<\/span><span lang=\"ES-TRAD\">; Inyecciones;\u00a0<\/span><span lang=\"PT\">Condones externos e internos<\/span><span lang=\"ES-TRAD\">\u00a0y Anillos anticonceptivos.<\/span><\/p>\n<p style=\"text-align: justify;\"><span lang=\"ES-TRAD\">\u201cHay dispensadores de condones en el Hall del Cesfam, pero tambi\u00e9n pueden solicitar los otros m\u00e9todos anticonceptivos agendando una hora con la matrona los menores de 14 a\u00f1os con autorizaci\u00f3n de sus tutores y sin autorizaci\u00f3n para los mayores de 14 a\u00f1os\u201d, confirma.<\/span><\/p>\n<p style=\"text-align: justify;\"><span lang=\"ES-TRAD\">La p\u00edldora de emergencia est\u00e1 disponible en toda la red asistencial y puede ser solicitada por personas de cualquier edad, incluyendo menores de 18 a\u00f1os, sin necesidad de autorizaci\u00f3n ni acompa\u00f1amiento.<\/span><\/p>\n<p style=\"text-align: justify;\"><span lang=\"ES-TRAD\">\u201cLa educaci\u00f3n sexual no es una incitaci\u00f3n, sino una herramienta fundamental para guiar un proceso natural e inevitable. Este despertar sexual, impulsado por los cambios de la pubertad que ocurren entre los 10 y 14 a\u00f1os, involucra el desarrollo de la libido y la atracci\u00f3n por otras personas. Por eso, es crucial que la educaci\u00f3n sea oportuna, para que los j\u00f3venes reciban la informaci\u00f3n y el acompa\u00f1amiento que necesitan a tiempo\u201d, concluye la matrona Flores.<\/span><\/p>\n<p style=\"text-align: justify;\"><span lang=\"ES-TRAD\">\u00a0<\/span><\/p>\n<p style=\"text-align: justify;\"><span lang=\"ES-TRAD\">\u00a0<\/span><\/p>\n<div class=\"gmail_signature\" dir=\"ltr\" style=\"text-align: justify;\" data-smartmail=\"gmail_signature\"><\/div>\n<\/div><\/section><\/div><div  style='height:50px' class='hr hr-invisible   avia-builder-el-6  el_after_av_one_full  el_before_av_social_share '><span class='hr-inner ' ><span class='hr-inner-style'><\/span><\/span><\/div><\/p>\n<div  class='av-social-sharing-box  avia-builder-el-7  el_after_av_hr  el_before_av_hr  '><div class='av-share-box'><h5 class='av-share-link-description av-no-toc '>Compartir esta noticia<\/h5><ul class='av-share-box-list noLightbox'><li class='av-share-link av-social-link-facebook' ><a target=\"_blank\" aria-label=\"Compartir en Facebook\" href='https:\/\/www.facebook.com\/sharer.php?u=https:\/\/radiorevelacionfm.cl\/?p=59597&#038;t=Avances%20en%20salud%20juvenil%3A%20disminuye%20el%20embarazo%20adolescente%20en%20Puerto%20Ays%C3%A9n' aria-hidden='false' data-av_icon='\ue8f3' data-av_iconfont='entypo-fontello' title='' data-avia-related-tooltip='Compartir en Facebook' rel=\"noopener\"><span class='avia_hidden_link_text'>Compartir en Facebook<\/span><\/a><\/li><li class='av-share-link av-social-link-twitter' ><a target=\"_blank\" aria-label=\"Compartir en Twitter\" href='https:\/\/twitter.com\/share?text=Avances%20en%20salud%20juvenil%3A%20disminuye%20el%20embarazo%20adolescente%20en%20Puerto%20Ays%C3%A9n&#038;url=https:\/\/radiorevelacionfm.cl\/?p=59597' aria-hidden='false' data-av_icon='\ue8f1' data-av_iconfont='entypo-fontello' title='' data-avia-related-tooltip='Compartir en Twitter' rel=\"noopener\"><span class='avia_hidden_link_text'>Compartir en Twitter<\/span><\/a><\/li><li class='av-share-link av-social-link-whatsapp' ><a target=\"_blank\" aria-label=\"Compartir en Whatsapp\" href='https:\/\/api.whatsapp.com\/send?text=https:\/\/radiorevelacionfm.cl\/?p=59597' aria-hidden='false' data-av_icon='\uf232' data-av_iconfont='entypo-fontello' title='' data-avia-related-tooltip='Compartir en Whatsapp' rel=\"noopener\"><span class='avia_hidden_link_text'>Compartir en Whatsapp<\/span><\/a><\/li><li class='av-share-link av-social-link-linkedin' ><a target=\"_blank\" aria-label=\"Compartir en LinkedIn\" href='https:\/\/linkedin.com\/shareArticle?mini=true&#038;title=Avances%20en%20salud%20juvenil%3A%20disminuye%20el%20embarazo%20adolescente%20en%20Puerto%20Ays%C3%A9n&#038;url=https:\/\/radiorevelacionfm.cl\/?p=59597' aria-hidden='false' data-av_icon='\ue8fc' data-av_iconfont='entypo-fontello' title='' data-avia-related-tooltip='Compartir en LinkedIn' rel=\"noopener\"><span class='avia_hidden_link_text'>Compartir en LinkedIn<\/span><\/a><\/li><li class='av-share-link av-social-link-mail' ><a  aria-label=\"Compartir por correo\" href='mailto:?subject=Avances%20en%20salud%20juvenil%3A%20disminuye%20el%20embarazo%20adolescente%20en%20Puerto%20Ays%C3%A9n&#038;body=https:\/\/radiorevelacionfm.cl\/?p=59597' aria-hidden='false' data-av_icon='\ue805' data-av_iconfont='entypo-fontello' title='' data-avia-related-tooltip='Compartir por correo'><span class='avia_hidden_link_text'>Compartir por correo<\/span><\/a><\/li><\/ul><\/div><\/div>\n<div  style='height:50px' class='hr hr-invisible   avia-builder-el-8  el_after_av_social_share  el_before_av_comments_list '><span class='hr-inner ' ><span class='hr-inner-style'><\/span><\/span><\/div>\n<div  class='av-buildercomment  av-blog-meta-html-info-disabled av-blog-meta-tag-disabled  '><\/div>\n","protected":false},"excerpt":{"rendered":"","protected":false},"author":1,"featured_media":59598,"comment_status":"closed","ping_status":"closed","sticky":false,"template":"","format":"standard","meta":{"footnotes":""},"categories":[46],"tags":[],"class_list":["post-59597","post","type-post","status-publish","format-standard","has-post-thumbnail","hentry","category-salud"],"jetpack_featured_media_url":"https:\/\/radiorevelacionfm.cl\/wp-content\/uploads\/2025\/09\/foto-contexto-2-1-1.jpeg","_links":{"self":[{"href":"https:\/\/radiorevelacionfm.cl\/index.php?rest_route=\/wp\/v2\/posts\/59597","targetHints":{"allow":["GET"]}}],"collection":[{"href":"https:\/\/radiorevelacionfm.cl\/index.php?rest_route=\/wp\/v2\/posts"}],"about":[{"href":"https:\/\/radiorevelacionfm.cl\/index.php?rest_route=\/wp\/v2\/types\/post"}],"author":[{"embeddable":true,"href":"https:\/\/radiorevelacionfm.cl\/index.php?rest_route=\/wp\/v2\/users\/1"}],"replies":[{"embeddable":true,"href":"https:\/\/radiorevelacionfm.cl\/index.php?rest_route=%2Fwp%2Fv2%2Fcomments&post=59597"}],"version-history":[{"count":2,"href":"https:\/\/radiorevelacionfm.cl\/index.php?rest_route=\/wp\/v2\/posts\/59597\/revisions"}],"predecessor-version":[{"id":59600,"href":"https:\/\/radiorevelacionfm.cl\/index.php?rest_route=\/wp\/v2\/posts\/59597\/revisions\/59600"}],"wp:featuredmedia":[{"embeddable":true,"href":"https:\/\/radiorevelacionfm.cl\/index.php?rest_route=\/wp\/v2\/media\/59598"}],"wp:attachment":[{"href":"https:\/\/radiorevelacionfm.cl\/index.php?rest_route=%2Fwp%2Fv2%2Fmedia&parent=59597"}],"wp:term":[{"taxonomy":"category","embeddable":true,"href":"https:\/\/radiorevelacionfm.cl\/index.php?rest_route=%2Fwp%2Fv2%2Fcategories&post=59597"},{"taxonomy":"post_tag","embeddable":true,"href":"https:\/\/radiorevelacionfm.cl\/index.php?rest_route=%2Fwp%2Fv2%2Ftags&post=59597"}],"curies":[{"name":"wp","href":"https:\/\/api.w.org\/{rel}","templated":true}]}}