{"id":59591,"date":"2025-09-26T16:18:08","date_gmt":"2025-09-26T19:18:08","guid":{"rendered":"https:\/\/radiorevelacionfm.cl\/?p=59591"},"modified":"2025-09-26T16:26:52","modified_gmt":"2025-09-26T19:26:52","slug":"logran-controlar-incendio-forestal-en-el-maitenal-y-cancelan-alerta-amarilla-para-comuna-de-rio-ibanez","status":"publish","type":"post","link":"https:\/\/radiorevelacionfm.cl\/?p=59591","title":{"rendered":"Logran controlar incendio forestal en El Maitenal y cancelan alerta amarilla para comuna de R\u00edo Iba\u00f1ez"},"content":{"rendered":"<div class=\"flex_column av_one_full  flex_column_div av-zero-column-padding first  avia-builder-el-0  el_before_av_one_full  avia-builder-el-first  \" style='border-radius:0px; '><div  class='avia-image-container  av-styling-    avia-builder-el-1  avia-builder-el-no-sibling  avia-align-center '  itemprop=\"image\" itemscope=\"itemscope\" itemtype=\"https:\/\/schema.org\/ImageObject\"  ><div class='avia-image-container-inner'><div class='avia-image-overlay-wrap'><img decoding=\"async\" class='wp-image-59593 avia-img-lazy-loading-not-59593 avia_image' src=\"https:\/\/radiorevelacionfm.cl\/wp-content\/uploads\/2025\/09\/incendio-el-maitenal-2_optimized-1.jpg\" alt='' title='incendio-el-maitenal-2_optimized (1)' height=\"600\" width=\"1067\"  itemprop=\"thumbnailUrl\" srcset=\"https:\/\/radiorevelacionfm.cl\/wp-content\/uploads\/2025\/09\/incendio-el-maitenal-2_optimized-1.jpg 1067w, https:\/\/radiorevelacionfm.cl\/wp-content\/uploads\/2025\/09\/incendio-el-maitenal-2_optimized-1-300x169.jpg 300w, https:\/\/radiorevelacionfm.cl\/wp-content\/uploads\/2025\/09\/incendio-el-maitenal-2_optimized-1-1030x579.jpg 1030w, https:\/\/radiorevelacionfm.cl\/wp-content\/uploads\/2025\/09\/incendio-el-maitenal-2_optimized-1-768x432.jpg 768w, https:\/\/radiorevelacionfm.cl\/wp-content\/uploads\/2025\/09\/incendio-el-maitenal-2_optimized-1-705x396.jpg 705w, https:\/\/radiorevelacionfm.cl\/wp-content\/uploads\/2025\/09\/incendio-el-maitenal-2_optimized-1-450x253.jpg 450w, https:\/\/radiorevelacionfm.cl\/wp-content\/uploads\/2025\/09\/incendio-el-maitenal-2_optimized-1-600x337.jpg 600w\" sizes=\"(max-width: 1067px) 100vw, 1067px\" \/><\/div><\/div><\/div><\/div>\n<div class=\"flex_column av_one_full  flex_column_div av-zero-column-padding first  avia-builder-el-2  el_after_av_one_full  el_before_av_one_full  column-top-margin\" style='border-radius:0px; '><section class=\"av_textblock_section \"  itemscope=\"itemscope\" itemtype=\"https:\/\/schema.org\/BlogPosting\" itemprop=\"blogPost\" ><div class='avia_textblock  '   itemprop=\"text\" ><p style=\"text-align: center;\"><strong><span style=\"font-size: 18pt;\">Logran controlar incendio forestal en El Maitenal y cancelan alerta amarilla para comuna de R\u00edo Iba\u00f1ez<\/span><\/strong><\/p>\n<div id=\"gtx-trans\" style=\"position: absolute; left: -50px; top: 4.31534px;\">\n<div class=\"gtx-trans-icon\"><\/div>\n<\/div>\n<\/div><\/section><\/div>\n<div class=\"flex_column av_one_full  flex_column_div av-zero-column-padding first  avia-builder-el-4  el_after_av_one_full  el_before_av_hr  column-top-margin\" style='border-radius:0px; '><section class=\"av_textblock_section \"  itemscope=\"itemscope\" itemtype=\"https:\/\/schema.org\/BlogPosting\" itemprop=\"blogPost\" ><div class='avia_textblock  '   itemprop=\"text\" ><p style=\"text-align: justify;\">Referente al Incendio Forestal denominado \u00abEl Maitenal\u00bb en la comuna de Ib\u00e1\u00f1ez, y de acuerdo con lo informado por CONAF a trav\u00e9s de su plataforma SIDCO, este cambia su estado a CONTROLADO con una superficie afectada de 35 hect\u00e1reas.<\/p>\n<p>Para el d\u00eda de hoy, a solicitud de CENCOR CONAF se desmovilizan los siguientes recursos:<\/p>\n<p>\u00b7\u00a0 \u00a0 \u00a0 \u00a0 \u00a0BRIFE con 23 combatientes.<br \/>\n\u00b7\u00a0 \u00a0 \u00a0 \u00a0 \u00a001 helic\u00f3ptero (CC-CWA)<\/p>\n<p>Personal t\u00e9cnico de CONAF continuar\u00e1 realizando labores de extinci\u00f3n.<\/p>\n<p>CANCELA ALERTA AMARILLA<\/p>\n<p style=\"text-align: justify;\">De acuerdo con lo solicitado por CONAF en su solicitud de desactivaci\u00f3n de alerta t\u00e9cnica Amarilla, en atenci\u00f3n al Incendio Forestal denominado \u00a8EL MAITENAL\u00a8, ubicado en la comuna de Rio Ib\u00e1\u00f1ez, en ruta X-735 camino a Levic\u00e1n sector El Maitenal.<\/p>\n<p style=\"text-align: justify;\">Informa el t\u00e9rmino o disminuci\u00f3n de las condiciones que dieron origen a la declaraci\u00f3n de la Alerta Amarilla.<\/p>\n<p style=\"text-align: justify;\">Adem\u00e1s, indica que no se requiere del apoyo de otras instituciones, solicitando cancelar la Alerta Amarilla.<\/p>\n<p style=\"text-align: justify;\">En consideraci\u00f3n a estos antecedentes y en base a la informaci\u00f3n t\u00e9cnica proporcionada por CONAF, la Direcci\u00f3n Regional de SENAPRED en coordinaci\u00f3n con la Delegaci\u00f3n Presidencial Regional de Ays\u00e9n, CANCELA ALERTA AMARILLA para la Comuna de Rio Ib\u00e1\u00f1ez por incendio forestal \u00abEL MAITENAL\u00bb, vigente desde el d\u00eda 24 de septiembre de 2025.<\/p>\n<\/div><\/section><\/div><div  style='height:50px' class='hr hr-invisible   avia-builder-el-6  el_after_av_one_full  el_before_av_social_share '><span class='hr-inner ' ><span class='hr-inner-style'><\/span><\/span><\/div><\/p>\n<div  class='av-social-sharing-box  avia-builder-el-7  el_after_av_hr  el_before_av_hr  '><div class='av-share-box'><h5 class='av-share-link-description av-no-toc '>Compartir esta noticia<\/h5><ul class='av-share-box-list noLightbox'><li class='av-share-link av-social-link-facebook' ><a target=\"_blank\" aria-label=\"Compartir en Facebook\" href='https:\/\/www.facebook.com\/sharer.php?u=https:\/\/radiorevelacionfm.cl\/?p=59591&#038;t=Logran%20controlar%20incendio%20forestal%20en%20El%20Maitenal%20y%20cancelan%20alerta%20amarilla%20para%20comuna%20de%20R%C3%ADo%20Iba%C3%B1ez' aria-hidden='false' data-av_icon='\ue8f3' data-av_iconfont='entypo-fontello' title='' data-avia-related-tooltip='Compartir en Facebook' rel=\"noopener\"><span class='avia_hidden_link_text'>Compartir en Facebook<\/span><\/a><\/li><li class='av-share-link av-social-link-twitter' ><a target=\"_blank\" aria-label=\"Compartir en Twitter\" href='https:\/\/twitter.com\/share?text=Logran%20controlar%20incendio%20forestal%20en%20El%20Maitenal%20y%20cancelan%20alerta%20amarilla%20para%20comuna%20de%20R%C3%ADo%20Iba%C3%B1ez&#038;url=https:\/\/radiorevelacionfm.cl\/?p=59591' aria-hidden='false' data-av_icon='\ue8f1' data-av_iconfont='entypo-fontello' title='' data-avia-related-tooltip='Compartir en Twitter' rel=\"noopener\"><span class='avia_hidden_link_text'>Compartir en Twitter<\/span><\/a><\/li><li class='av-share-link av-social-link-whatsapp' ><a target=\"_blank\" aria-label=\"Compartir en Whatsapp\" href='https:\/\/api.whatsapp.com\/send?text=https:\/\/radiorevelacionfm.cl\/?p=59591' aria-hidden='false' data-av_icon='\uf232' data-av_iconfont='entypo-fontello' title='' data-avia-related-tooltip='Compartir en Whatsapp' rel=\"noopener\"><span class='avia_hidden_link_text'>Compartir en Whatsapp<\/span><\/a><\/li><li class='av-share-link av-social-link-linkedin' ><a target=\"_blank\" aria-label=\"Compartir en LinkedIn\" href='https:\/\/linkedin.com\/shareArticle?mini=true&#038;title=Logran%20controlar%20incendio%20forestal%20en%20El%20Maitenal%20y%20cancelan%20alerta%20amarilla%20para%20comuna%20de%20R%C3%ADo%20Iba%C3%B1ez&#038;url=https:\/\/radiorevelacionfm.cl\/?p=59591' aria-hidden='false' data-av_icon='\ue8fc' data-av_iconfont='entypo-fontello' title='' data-avia-related-tooltip='Compartir en LinkedIn' rel=\"noopener\"><span class='avia_hidden_link_text'>Compartir en LinkedIn<\/span><\/a><\/li><li class='av-share-link av-social-link-mail' ><a  aria-label=\"Compartir por correo\" href='mailto:?subject=Logran%20controlar%20incendio%20forestal%20en%20El%20Maitenal%20y%20cancelan%20alerta%20amarilla%20para%20comuna%20de%20R%C3%ADo%20Iba%C3%B1ez&#038;body=https:\/\/radiorevelacionfm.cl\/?p=59591' aria-hidden='false' data-av_icon='\ue805' data-av_iconfont='entypo-fontello' title='' data-avia-related-tooltip='Compartir por correo'><span class='avia_hidden_link_text'>Compartir por correo<\/span><\/a><\/li><\/ul><\/div><\/div>\n<div  style='height:50px' class='hr hr-invisible   avia-builder-el-8  el_after_av_social_share  el_before_av_comments_list '><span class='hr-inner ' ><span class='hr-inner-style'><\/span><\/span><\/div>\n<div  class='av-buildercomment  av-blog-meta-html-info-disabled av-blog-meta-tag-disabled  '><\/div>\n","protected":false},"excerpt":{"rendered":"","protected":false},"author":1,"featured_media":59593,"comment_status":"closed","ping_status":"closed","sticky":false,"template":"","format":"standard","meta":{"footnotes":""},"categories":[38],"tags":[],"class_list":["post-59591","post","type-post","status-publish","format-standard","has-post-thumbnail","hentry","category-regional"],"jetpack_featured_media_url":"https:\/\/radiorevelacionfm.cl\/wp-content\/uploads\/2025\/09\/incendio-el-maitenal-2_optimized-1.jpg","_links":{"self":[{"href":"https:\/\/radiorevelacionfm.cl\/index.php?rest_route=\/wp\/v2\/posts\/59591","targetHints":{"allow":["GET"]}}],"collection":[{"href":"https:\/\/radiorevelacionfm.cl\/index.php?rest_route=\/wp\/v2\/posts"}],"about":[{"href":"https:\/\/radiorevelacionfm.cl\/index.php?rest_route=\/wp\/v2\/types\/post"}],"author":[{"embeddable":true,"href":"https:\/\/radiorevelacionfm.cl\/index.php?rest_route=\/wp\/v2\/users\/1"}],"replies":[{"embeddable":true,"href":"https:\/\/radiorevelacionfm.cl\/index.php?rest_route=%2Fwp%2Fv2%2Fcomments&post=59591"}],"version-history":[{"count":4,"href":"https:\/\/radiorevelacionfm.cl\/index.php?rest_route=\/wp\/v2\/posts\/59591\/revisions"}],"predecessor-version":[{"id":59595,"href":"https:\/\/radiorevelacionfm.cl\/index.php?rest_route=\/wp\/v2\/posts\/59591\/revisions\/59595"}],"wp:featuredmedia":[{"embeddable":true,"href":"https:\/\/radiorevelacionfm.cl\/index.php?rest_route=\/wp\/v2\/media\/59593"}],"wp:attachment":[{"href":"https:\/\/radiorevelacionfm.cl\/index.php?rest_route=%2Fwp%2Fv2%2Fmedia&parent=59591"}],"wp:term":[{"taxonomy":"category","embeddable":true,"href":"https:\/\/radiorevelacionfm.cl\/index.php?rest_route=%2Fwp%2Fv2%2Fcategories&post=59591"},{"taxonomy":"post_tag","embeddable":true,"href":"https:\/\/radiorevelacionfm.cl\/index.php?rest_route=%2Fwp%2Fv2%2Ftags&post=59591"}],"curies":[{"name":"wp","href":"https:\/\/api.w.org\/{rel}","templated":true}]}}