{"id":59586,"date":"2025-09-26T14:57:36","date_gmt":"2025-09-26T17:57:36","guid":{"rendered":"https:\/\/radiorevelacionfm.cl\/?p=59586"},"modified":"2025-09-26T14:57:36","modified_gmt":"2025-09-26T17:57:36","slug":"realizan-encuentro-para-velar-por-la-salud-mental-de-las-personas-cuidadoras-en-aysen","status":"publish","type":"post","link":"https:\/\/radiorevelacionfm.cl\/?p=59586","title":{"rendered":"Realizan encuentro para velar por la salud mental de las personas cuidadoras en Ays\u00e9n"},"content":{"rendered":"<div class=\"flex_column av_one_full  flex_column_div av-zero-column-padding first  avia-builder-el-0  el_before_av_one_full  avia-builder-el-first  \" style='border-radius:0px; '><div  class='avia-image-container  av-styling-    avia-builder-el-1  avia-builder-el-no-sibling  avia-align-center '  itemprop=\"image\" itemscope=\"itemscope\" itemtype=\"https:\/\/schema.org\/ImageObject\"  ><div class='avia-image-container-inner'><div class='avia-image-overlay-wrap'><img decoding=\"async\" class='wp-image-59587 avia-img-lazy-loading-not-59587 avia_image' src=\"https:\/\/radiorevelacionfm.cl\/wp-content\/uploads\/2025\/09\/img_20250915_184639-1_optimized.jpg\" alt='' title='img_20250915_184639-(1)_optimized' height=\"600\" width=\"800\"  itemprop=\"thumbnailUrl\" srcset=\"https:\/\/radiorevelacionfm.cl\/wp-content\/uploads\/2025\/09\/img_20250915_184639-1_optimized.jpg 800w, https:\/\/radiorevelacionfm.cl\/wp-content\/uploads\/2025\/09\/img_20250915_184639-1_optimized-300x225.jpg 300w, https:\/\/radiorevelacionfm.cl\/wp-content\/uploads\/2025\/09\/img_20250915_184639-1_optimized-768x576.jpg 768w, https:\/\/radiorevelacionfm.cl\/wp-content\/uploads\/2025\/09\/img_20250915_184639-1_optimized-705x529.jpg 705w, https:\/\/radiorevelacionfm.cl\/wp-content\/uploads\/2025\/09\/img_20250915_184639-1_optimized-450x338.jpg 450w, https:\/\/radiorevelacionfm.cl\/wp-content\/uploads\/2025\/09\/img_20250915_184639-1_optimized-600x450.jpg 600w\" sizes=\"(max-width: 800px) 100vw, 800px\" \/><\/div><\/div><\/div><\/div><div class=\"flex_column av_one_full  flex_column_div av-zero-column-padding first  avia-builder-el-2  el_after_av_one_full  el_before_av_one_full  column-top-margin\" style='border-radius:0px; '><section class=\"av_textblock_section \"  itemscope=\"itemscope\" itemtype=\"https:\/\/schema.org\/BlogPosting\" itemprop=\"blogPost\" ><div class='avia_textblock  '   itemprop=\"text\" ><p style=\"text-align: center;\"><strong><span style=\"font-size: 18pt;\">Realizan encuentro para velar por la salud mental de las personas cuidadoras en Ays\u00e9n<\/span><\/strong><\/p>\n<div id=\"gtx-trans\" style=\"position: absolute; left: -50px; top: 4.31534px;\">\n<div class=\"gtx-trans-icon\"><\/div>\n<\/div>\n<\/div><\/section><\/div><div class=\"flex_column av_one_full  flex_column_div av-zero-column-padding first  avia-builder-el-4  el_after_av_one_full  el_before_av_hr  column-top-margin\" style='border-radius:0px; '><section class=\"av_textblock_section \"  itemscope=\"itemscope\" itemtype=\"https:\/\/schema.org\/BlogPosting\" itemprop=\"blogPost\" ><div class='avia_textblock  '   itemprop=\"text\" ><p style=\"text-align: justify;\"><em>A trav\u00e9s de los programas Red Local de Apoyos y Cuidados y el Centro Comunitarios de Cuidados, se pudieron reunir varias mujeres que tienen a cargo a alg\u00fan familiar con discapacidad y que apoyan constantemente en su vida diaria.<\/em><\/p>\n<p style=\"text-align: justify;\">\u00abTejiendo Cuidados, Sosteniendo vidas\u00bb, fue una jornada para que varios cuidadores de Ays\u00e9n pudieran reunirse, conversar, ejercitarse y tener un encuentro de esparcimiento en el Centro Comunitario.<\/p>\n<p style=\"text-align: justify;\">La actividad convocada por el Centro Comunitario de Cuidados (CCC) y la Red Local de Apoyos y Cuidados (PRLAC) fue pensada para los vecinos a cargo de una persona con discapacidad, los cuales son beneficiarios de estos programas.<\/p>\n<p style=\"text-align: justify;\">El coordinador del PRLAC, Santiago Hermosilla comenta que \u201cbuscamos crear un espacio para que cuidadores puedan compartir, puedan hacer actividades juntos, puedan tener un espacio agradable de ocio y de comunicaci\u00f3n entre ellos, fortaleciendo las redes que ellos tienen, compartir de experiencias y, por supuesto, pasando una muy agradable velada con los profesionales que componen el programa Red Local de Apoyo y Cuidados y el Centro Comunitario de Cuidados\u201d.<\/p>\n<p style=\"text-align: justify;\">Adicionalmente, se aprovech\u00f3 el espacio del centro para que los participantes pudieran dejar a sus familiares con las asistentes de cuidado del programa y enfocarse en ser parte de este primer encuentro. En este, las invitadas pudieron tener una sesi\u00f3n de ejercicios b\u00e1sicos, un momento de un juego terap\u00e9utico y terminaron con un momento de camarader\u00eda con una once preparada por los programas.<\/p>\n<p style=\"text-align: justify;\">Mar\u00eda Eugenia D\u00edaz, una de las cuidadoras, expres\u00f3 su alegr\u00eda por haber participado de este encuentro, \u201ctodo muy lindo, hermoso; compartimos experiencia con las dem\u00e1s y creo que todos estamos haciendo una linda labor por nuestros hijos o padres, de alguna manera cuidando a nuestros familiares\u201d.<\/p>\n<p style=\"text-align: justify;\">Esta fue una las primeras actividades directamente dirigidas para los cuidadores de Ays\u00e9n, sin embargo, en paralelo y pr\u00f3ximamente se seguir\u00e1n realizando m\u00e1s encuentros como este, como los grupos de psicoterapia y de autocuidado.<\/p>\n<p style=\"text-align: justify;\">La coordinadora del centro, Roc\u00edo Soto, explica que estas actividades realizadas por la municipalidad son \u201cpara convocar y dar un espacio de autocuidado a nuestros beneficiarios, para reflexionar, generar un espacio recreativo de encuentro, poder conocernos y generar una buena retroalimentaci\u00f3n en cuanto a la corresponsabilidad de los cuidados\u201d.<\/p>\n<p style=\"text-align: justify;\">Uno de los eventos que prontamente se realizar\u00e1 en el Centro Comunitario de Cuidados ser\u00e1 la \u201cFeria de servicios\u201d este pr\u00f3ximo martes 30 de septiembre entre las 14:30 y las 17:00 horas. Esta busca acercar la oferta program\u00e1tica de seguridad social a las personas cuidadoras de la comuna y se efectuar\u00e1n orientaciones de asesor\u00eda jur\u00eddica, tr\u00e1mites para la credencial de discapacidad, licencias m\u00e9dicas, informaci\u00f3n sobre la ley tea y conciliaci\u00f3n de la vida laboral y familiar.<\/p>\n<\/div><\/section><\/div><div  style='height:50px' class='hr hr-invisible   avia-builder-el-6  el_after_av_one_full  el_before_av_social_share '><span class='hr-inner ' ><span class='hr-inner-style'><\/span><\/span><\/div><\/p>\n<div  class='av-social-sharing-box  avia-builder-el-7  el_after_av_hr  el_before_av_hr  '><div class='av-share-box'><h5 class='av-share-link-description av-no-toc '>Compartir esta noticia<\/h5><ul class='av-share-box-list noLightbox'><li class='av-share-link av-social-link-facebook' ><a target=\"_blank\" aria-label=\"Compartir en Facebook\" href='https:\/\/www.facebook.com\/sharer.php?u=https:\/\/radiorevelacionfm.cl\/?p=59586&#038;t=Realizan%20encuentro%20para%20velar%20por%20la%20salud%20mental%20de%20las%20personas%20cuidadoras%20en%20Ays%C3%A9n' aria-hidden='false' data-av_icon='\ue8f3' data-av_iconfont='entypo-fontello' title='' data-avia-related-tooltip='Compartir en Facebook' rel=\"noopener\"><span class='avia_hidden_link_text'>Compartir en Facebook<\/span><\/a><\/li><li class='av-share-link av-social-link-twitter' ><a target=\"_blank\" aria-label=\"Compartir en Twitter\" href='https:\/\/twitter.com\/share?text=Realizan%20encuentro%20para%20velar%20por%20la%20salud%20mental%20de%20las%20personas%20cuidadoras%20en%20Ays%C3%A9n&#038;url=https:\/\/radiorevelacionfm.cl\/?p=59586' aria-hidden='false' data-av_icon='\ue8f1' data-av_iconfont='entypo-fontello' title='' data-avia-related-tooltip='Compartir en Twitter' rel=\"noopener\"><span class='avia_hidden_link_text'>Compartir en Twitter<\/span><\/a><\/li><li class='av-share-link av-social-link-whatsapp' ><a target=\"_blank\" aria-label=\"Compartir en Whatsapp\" href='https:\/\/api.whatsapp.com\/send?text=https:\/\/radiorevelacionfm.cl\/?p=59586' aria-hidden='false' data-av_icon='\uf232' data-av_iconfont='entypo-fontello' title='' data-avia-related-tooltip='Compartir en Whatsapp' rel=\"noopener\"><span class='avia_hidden_link_text'>Compartir en Whatsapp<\/span><\/a><\/li><li class='av-share-link av-social-link-linkedin' ><a target=\"_blank\" aria-label=\"Compartir en LinkedIn\" href='https:\/\/linkedin.com\/shareArticle?mini=true&#038;title=Realizan%20encuentro%20para%20velar%20por%20la%20salud%20mental%20de%20las%20personas%20cuidadoras%20en%20Ays%C3%A9n&#038;url=https:\/\/radiorevelacionfm.cl\/?p=59586' aria-hidden='false' data-av_icon='\ue8fc' data-av_iconfont='entypo-fontello' title='' data-avia-related-tooltip='Compartir en LinkedIn' rel=\"noopener\"><span class='avia_hidden_link_text'>Compartir en LinkedIn<\/span><\/a><\/li><li class='av-share-link av-social-link-mail' ><a  aria-label=\"Compartir por correo\" href='mailto:?subject=Realizan%20encuentro%20para%20velar%20por%20la%20salud%20mental%20de%20las%20personas%20cuidadoras%20en%20Ays%C3%A9n&#038;body=https:\/\/radiorevelacionfm.cl\/?p=59586' aria-hidden='false' data-av_icon='\ue805' data-av_iconfont='entypo-fontello' title='' data-avia-related-tooltip='Compartir por correo'><span class='avia_hidden_link_text'>Compartir por correo<\/span><\/a><\/li><\/ul><\/div><\/div>\n<div  style='height:50px' class='hr hr-invisible   avia-builder-el-8  el_after_av_social_share  el_before_av_comments_list '><span class='hr-inner ' ><span class='hr-inner-style'><\/span><\/span><\/div>\n<div  class='av-buildercomment  av-blog-meta-html-info-disabled av-blog-meta-tag-disabled  '><\/div>\n","protected":false},"excerpt":{"rendered":"","protected":false},"author":1,"featured_media":59587,"comment_status":"closed","ping_status":"closed","sticky":false,"template":"","format":"standard","meta":{"footnotes":""},"categories":[38],"tags":[],"class_list":["post-59586","post","type-post","status-publish","format-standard","has-post-thumbnail","hentry","category-regional"],"jetpack_featured_media_url":"https:\/\/radiorevelacionfm.cl\/wp-content\/uploads\/2025\/09\/img_20250915_184639-1_optimized.jpg","_links":{"self":[{"href":"https:\/\/radiorevelacionfm.cl\/index.php?rest_route=\/wp\/v2\/posts\/59586","targetHints":{"allow":["GET"]}}],"collection":[{"href":"https:\/\/radiorevelacionfm.cl\/index.php?rest_route=\/wp\/v2\/posts"}],"about":[{"href":"https:\/\/radiorevelacionfm.cl\/index.php?rest_route=\/wp\/v2\/types\/post"}],"author":[{"embeddable":true,"href":"https:\/\/radiorevelacionfm.cl\/index.php?rest_route=\/wp\/v2\/users\/1"}],"replies":[{"embeddable":true,"href":"https:\/\/radiorevelacionfm.cl\/index.php?rest_route=%2Fwp%2Fv2%2Fcomments&post=59586"}],"version-history":[{"count":2,"href":"https:\/\/radiorevelacionfm.cl\/index.php?rest_route=\/wp\/v2\/posts\/59586\/revisions"}],"predecessor-version":[{"id":59589,"href":"https:\/\/radiorevelacionfm.cl\/index.php?rest_route=\/wp\/v2\/posts\/59586\/revisions\/59589"}],"wp:featuredmedia":[{"embeddable":true,"href":"https:\/\/radiorevelacionfm.cl\/index.php?rest_route=\/wp\/v2\/media\/59587"}],"wp:attachment":[{"href":"https:\/\/radiorevelacionfm.cl\/index.php?rest_route=%2Fwp%2Fv2%2Fmedia&parent=59586"}],"wp:term":[{"taxonomy":"category","embeddable":true,"href":"https:\/\/radiorevelacionfm.cl\/index.php?rest_route=%2Fwp%2Fv2%2Fcategories&post=59586"},{"taxonomy":"post_tag","embeddable":true,"href":"https:\/\/radiorevelacionfm.cl\/index.php?rest_route=%2Fwp%2Fv2%2Ftags&post=59586"}],"curies":[{"name":"wp","href":"https:\/\/api.w.org\/{rel}","templated":true}]}}