{"id":59584,"date":"2025-09-26T15:02:35","date_gmt":"2025-09-26T18:02:35","guid":{"rendered":"https:\/\/radiorevelacionfm.cl\/?p=59584"},"modified":"2025-09-26T15:02:35","modified_gmt":"2025-09-26T18:02:35","slug":"fiscalia-formaliza-investigacion-por-caso-de-maltrato-animal-denunciado-en-puerto-aysen","status":"publish","type":"post","link":"https:\/\/radiorevelacionfm.cl\/?p=59584","title":{"rendered":"Fiscal\u00eda formaliza investigaci\u00f3n por caso de maltrato animal denunciado en Puerto Ays\u00e9n"},"content":{"rendered":"<div class=\"flex_column av_one_full  flex_column_div av-zero-column-padding first  avia-builder-el-0  el_before_av_one_full  avia-builder-el-first  \" style='border-radius:0px; '><div  class='avia-image-container  av-styling-    avia-builder-el-1  avia-builder-el-no-sibling  avia-align-center '  itemprop=\"image\" itemscope=\"itemscope\" itemtype=\"https:\/\/schema.org\/ImageObject\"  ><div class='avia-image-container-inner'><div class='avia-image-overlay-wrap'><img decoding=\"async\" class='wp-image-59469 avia-img-lazy-loading-not-59469 avia_image' src=\"https:\/\/radiorevelacionfm.cl\/wp-content\/uploads\/2025\/09\/bidema-2-1_optimized-1.jpg\" alt='' title='bidema-2-(1)_optimized (1)' height=\"600\" width=\"900\"  itemprop=\"thumbnailUrl\" srcset=\"https:\/\/radiorevelacionfm.cl\/wp-content\/uploads\/2025\/09\/bidema-2-1_optimized-1.jpg 900w, https:\/\/radiorevelacionfm.cl\/wp-content\/uploads\/2025\/09\/bidema-2-1_optimized-1-300x200.jpg 300w, https:\/\/radiorevelacionfm.cl\/wp-content\/uploads\/2025\/09\/bidema-2-1_optimized-1-768x512.jpg 768w, https:\/\/radiorevelacionfm.cl\/wp-content\/uploads\/2025\/09\/bidema-2-1_optimized-1-705x470.jpg 705w, https:\/\/radiorevelacionfm.cl\/wp-content\/uploads\/2025\/09\/bidema-2-1_optimized-1-450x300.jpg 450w, https:\/\/radiorevelacionfm.cl\/wp-content\/uploads\/2025\/09\/bidema-2-1_optimized-1-600x400.jpg 600w\" sizes=\"(max-width: 900px) 100vw, 900px\" \/><\/div><\/div><\/div><\/div><div class=\"flex_column av_one_full  flex_column_div av-zero-column-padding first  avia-builder-el-2  el_after_av_one_full  el_before_av_one_full  column-top-margin\" style='border-radius:0px; '><section class=\"av_textblock_section \"  itemscope=\"itemscope\" itemtype=\"https:\/\/schema.org\/BlogPosting\" itemprop=\"blogPost\" ><div class='avia_textblock  '   itemprop=\"text\" ><p style=\"text-align: center;\"><span style=\"font-size: 18pt;\"><b>Fiscal\u00eda formaliza investigaci\u00f3n por caso de maltrato animal denunciado en Puerto Ays\u00e9n<\/b><\/span><\/p>\n<div id=\"gtx-trans\" style=\"position: absolute; left: -50px; top: 4.31534px;\">\n<div class=\"gtx-trans-icon\"><\/div>\n<\/div>\n<\/div><\/section><\/div><div class=\"flex_column av_one_full  flex_column_div av-zero-column-padding first  avia-builder-el-4  el_after_av_one_full  el_before_av_hr  column-top-margin\" style='border-radius:0px; '><section class=\"av_textblock_section \"  itemscope=\"itemscope\" itemtype=\"https:\/\/schema.org\/BlogPosting\" itemprop=\"blogPost\" ><div class='avia_textblock  '   itemprop=\"text\" ><p style=\"font-weight: 400; text-align: justify;\"><em>\u201cEstos hechos habr\u00edan ocurrido en el transcurso de la semana pasada, en la v\u00edspera de Fiestas Patrias\u201d, explic\u00f3 el Fiscal Jefe de Ays\u00e9n-Cisnes, Pedro Poblete.<\/em><\/p>\n<p style=\"font-weight: 400; text-align: justify;\">La Fiscal\u00eda Local de Ays\u00e9n-Cisnes solicit\u00f3 diligencias a la Brigada de Investigaci\u00f3n Criminal (Bicrim) Ays\u00e9n, junto a la Brigada Investigadora de Delitos Contra el Medio Ambiente y Patrimonio Cultural (Bidema) Ays\u00e9n, en el marco de un caso de maltrato animal denunciado en Puerto Ays\u00e9n.<\/p>\n<p style=\"font-weight: 400; text-align: justify;\">Los hechos habr\u00edan ocurrido el 14 de septiembre de este a\u00f1o, en un sector de mall\u00edn aleda\u00f1o a calle Karlstr\u00f6m y Villa Lomas de Ays\u00e9n, de acuerdo a un video en poder de la polic\u00eda. A ra\u00edz de lo anterior fue detenido un imputado de 50 a\u00f1os, quien fue formalizado por la Fiscal\u00eda ante el Juzgado de Garant\u00eda, donde se estableci\u00f3 un plazo de 60 d\u00edas para el t\u00e9rmino de las diligencias.<\/p>\n<p style=\"font-weight: 400; text-align: justify;\">\u201cLa Fiscal\u00eda Local de Puerto Ays\u00e9n se encuentra investigando un delito de maltrato animal\u201d, explic\u00f3 el Fiscal Jefe de Ays\u00e9n-Cisnes, Pedro Poblete. \u201cEstos hechos habr\u00edan ocurrido en el transcurso de la semana pasada, en la v\u00edspera de Fiestas Patrias. En esa oportunidad, a trav\u00e9s de una denuncia efectuada ante la Polic\u00eda de Investigaciones, se pudo establecer presunciones fundadas de la participaci\u00f3n del imputado en este tipo de delito\u201d, a\u00f1adi\u00f3 el persecutor penal.<\/p>\n<p style=\"font-weight: 400; text-align: justify;\">\u201cEspec\u00edficamente circulaban videos y capturas de im\u00e1genes en los cuales se pod\u00eda apreciar a esta persona colgando a una de sus mascotas, un perro, producto de lo cual, con la ayuda de un m\u00e9dico veterinario, se pudo establecer la existencia de lesiones que manten\u00edan estas mascotas siendo formalizado entonces por el delito de maltrato animal, fij\u00e1ndose un plazo de investigaci\u00f3n por parte del Tribunal de Garant\u00eda de esta ciudad y decret\u00e1ndose medidas cautelares a su respecto\u201d, agreg\u00f3 el fiscal Poblete.<\/p>\n<p style=\"font-weight: 400; text-align: justify;\">El sujeto formalizado, quien como medida cautelar deber\u00e1 firmar mensualmente ante Carabineros, habr\u00eda cometido maltrato animal en m\u00e1s de una mascota. La detenci\u00f3n se concret\u00f3 el 20 de septiembre por parte de detectives de la PDI, ocasi\u00f3n en la que result\u00f3 lesionado en una de sus manos uno de los funcionarios, debido a la resistencia del sujeto.<\/p>\n<p style=\"font-weight: 400; text-align: justify;\">La investigaci\u00f3n por este caso ocurrido en Puerto Ays\u00e9n contin\u00faa en desarrollo, en el marco de los 60 d\u00edas establecidos por el Tribunal.<\/p>\n<\/div><\/section><\/div><div  style='height:50px' class='hr hr-invisible   avia-builder-el-6  el_after_av_one_full  el_before_av_social_share '><span class='hr-inner ' ><span class='hr-inner-style'><\/span><\/span><\/div><\/p>\n<div  class='av-social-sharing-box  avia-builder-el-7  el_after_av_hr  el_before_av_hr  '><div class='av-share-box'><h5 class='av-share-link-description av-no-toc '>Compartir esta noticia<\/h5><ul class='av-share-box-list noLightbox'><li class='av-share-link av-social-link-facebook' ><a target=\"_blank\" aria-label=\"Compartir en Facebook\" href='https:\/\/www.facebook.com\/sharer.php?u=https:\/\/radiorevelacionfm.cl\/?p=59584&#038;t=Fiscal%C3%ADa%20formaliza%20investigaci%C3%B3n%20por%20caso%20de%20maltrato%20animal%20denunciado%20en%20Puerto%20Ays%C3%A9n' aria-hidden='false' data-av_icon='\ue8f3' data-av_iconfont='entypo-fontello' title='' data-avia-related-tooltip='Compartir en Facebook' rel=\"noopener\"><span class='avia_hidden_link_text'>Compartir en Facebook<\/span><\/a><\/li><li class='av-share-link av-social-link-twitter' ><a target=\"_blank\" aria-label=\"Compartir en Twitter\" href='https:\/\/twitter.com\/share?text=Fiscal%C3%ADa%20formaliza%20investigaci%C3%B3n%20por%20caso%20de%20maltrato%20animal%20denunciado%20en%20Puerto%20Ays%C3%A9n&#038;url=https:\/\/radiorevelacionfm.cl\/?p=59584' aria-hidden='false' data-av_icon='\ue8f1' data-av_iconfont='entypo-fontello' title='' data-avia-related-tooltip='Compartir en Twitter' rel=\"noopener\"><span class='avia_hidden_link_text'>Compartir en Twitter<\/span><\/a><\/li><li class='av-share-link av-social-link-whatsapp' ><a target=\"_blank\" aria-label=\"Compartir en Whatsapp\" href='https:\/\/api.whatsapp.com\/send?text=https:\/\/radiorevelacionfm.cl\/?p=59584' aria-hidden='false' data-av_icon='\uf232' data-av_iconfont='entypo-fontello' title='' data-avia-related-tooltip='Compartir en Whatsapp' rel=\"noopener\"><span class='avia_hidden_link_text'>Compartir en Whatsapp<\/span><\/a><\/li><li class='av-share-link av-social-link-linkedin' ><a target=\"_blank\" aria-label=\"Compartir en LinkedIn\" href='https:\/\/linkedin.com\/shareArticle?mini=true&#038;title=Fiscal%C3%ADa%20formaliza%20investigaci%C3%B3n%20por%20caso%20de%20maltrato%20animal%20denunciado%20en%20Puerto%20Ays%C3%A9n&#038;url=https:\/\/radiorevelacionfm.cl\/?p=59584' aria-hidden='false' data-av_icon='\ue8fc' data-av_iconfont='entypo-fontello' title='' data-avia-related-tooltip='Compartir en LinkedIn' rel=\"noopener\"><span class='avia_hidden_link_text'>Compartir en LinkedIn<\/span><\/a><\/li><li class='av-share-link av-social-link-mail' ><a  aria-label=\"Compartir por correo\" href='mailto:?subject=Fiscal%C3%ADa%20formaliza%20investigaci%C3%B3n%20por%20caso%20de%20maltrato%20animal%20denunciado%20en%20Puerto%20Ays%C3%A9n&#038;body=https:\/\/radiorevelacionfm.cl\/?p=59584' aria-hidden='false' data-av_icon='\ue805' data-av_iconfont='entypo-fontello' title='' data-avia-related-tooltip='Compartir por correo'><span class='avia_hidden_link_text'>Compartir por correo<\/span><\/a><\/li><\/ul><\/div><\/div>\n<div  style='height:50px' class='hr hr-invisible   avia-builder-el-8  el_after_av_social_share  el_before_av_comments_list '><span class='hr-inner ' ><span class='hr-inner-style'><\/span><\/span><\/div>\n<div  class='av-buildercomment  av-blog-meta-html-info-disabled av-blog-meta-tag-disabled  '><\/div>\n","protected":false},"excerpt":{"rendered":"","protected":false},"author":1,"featured_media":59469,"comment_status":"closed","ping_status":"closed","sticky":false,"template":"","format":"standard","meta":{"footnotes":""},"categories":[36],"tags":[],"class_list":["post-59584","post","type-post","status-publish","format-standard","has-post-thumbnail","hentry","category-policial"],"jetpack_featured_media_url":"https:\/\/radiorevelacionfm.cl\/wp-content\/uploads\/2025\/09\/bidema-2-1_optimized-1.jpg","_links":{"self":[{"href":"https:\/\/radiorevelacionfm.cl\/index.php?rest_route=\/wp\/v2\/posts\/59584","targetHints":{"allow":["GET"]}}],"collection":[{"href":"https:\/\/radiorevelacionfm.cl\/index.php?rest_route=\/wp\/v2\/posts"}],"about":[{"href":"https:\/\/radiorevelacionfm.cl\/index.php?rest_route=\/wp\/v2\/types\/post"}],"author":[{"embeddable":true,"href":"https:\/\/radiorevelacionfm.cl\/index.php?rest_route=\/wp\/v2\/users\/1"}],"replies":[{"embeddable":true,"href":"https:\/\/radiorevelacionfm.cl\/index.php?rest_route=%2Fwp%2Fv2%2Fcomments&post=59584"}],"version-history":[{"count":2,"href":"https:\/\/radiorevelacionfm.cl\/index.php?rest_route=\/wp\/v2\/posts\/59584\/revisions"}],"predecessor-version":[{"id":59590,"href":"https:\/\/radiorevelacionfm.cl\/index.php?rest_route=\/wp\/v2\/posts\/59584\/revisions\/59590"}],"wp:featuredmedia":[{"embeddable":true,"href":"https:\/\/radiorevelacionfm.cl\/index.php?rest_route=\/wp\/v2\/media\/59469"}],"wp:attachment":[{"href":"https:\/\/radiorevelacionfm.cl\/index.php?rest_route=%2Fwp%2Fv2%2Fmedia&parent=59584"}],"wp:term":[{"taxonomy":"category","embeddable":true,"href":"https:\/\/radiorevelacionfm.cl\/index.php?rest_route=%2Fwp%2Fv2%2Fcategories&post=59584"},{"taxonomy":"post_tag","embeddable":true,"href":"https:\/\/radiorevelacionfm.cl\/index.php?rest_route=%2Fwp%2Fv2%2Ftags&post=59584"}],"curies":[{"name":"wp","href":"https:\/\/api.w.org\/{rel}","templated":true}]}}