{"id":59581,"date":"2025-09-26T21:28:03","date_gmt":"2025-09-27T00:28:03","guid":{"rendered":"https:\/\/radiorevelacionfm.cl\/?p=59581"},"modified":"2025-09-26T21:28:03","modified_gmt":"2025-09-27T00:28:03","slug":"perros-asilvestrados-y-de-libre-deambular-cuando-no-actuamos-pierde-el-campo-y-tambien-la-fauna","status":"publish","type":"post","link":"https:\/\/radiorevelacionfm.cl\/?p=59581","title":{"rendered":"Perros asilvestrados y de libre deambular: cuando no actuamos, pierde el campo y tambi\u00e9n la fauna"},"content":{"rendered":"<div class=\"flex_column av_one_full  flex_column_div av-zero-column-padding first  avia-builder-el-0  el_before_av_one_full  avia-builder-el-first  \" style='border-radius:0px; '><div  class='avia-image-container  av-styling-    avia-builder-el-1  avia-builder-el-no-sibling  avia-align-center '  itemprop=\"image\" itemscope=\"itemscope\" itemtype=\"https:\/\/schema.org\/ImageObject\"  ><div class='avia-image-container-inner'><div class='avia-image-overlay-wrap'><img decoding=\"async\" class='wp-image-59582 avia-img-lazy-loading-not-59582 avia_image' src=\"https:\/\/radiorevelacionfm.cl\/wp-content\/uploads\/2025\/09\/Foto-Cristian-Saucedo-1.jpg\" alt='' title='Foto Cristi\u00e1n Saucedo (1)' height=\"725\" width=\"800\"  itemprop=\"thumbnailUrl\" srcset=\"https:\/\/radiorevelacionfm.cl\/wp-content\/uploads\/2025\/09\/Foto-Cristian-Saucedo-1.jpg 800w, https:\/\/radiorevelacionfm.cl\/wp-content\/uploads\/2025\/09\/Foto-Cristian-Saucedo-1-300x272.jpg 300w, https:\/\/radiorevelacionfm.cl\/wp-content\/uploads\/2025\/09\/Foto-Cristian-Saucedo-1-768x696.jpg 768w, https:\/\/radiorevelacionfm.cl\/wp-content\/uploads\/2025\/09\/Foto-Cristian-Saucedo-1-705x639.jpg 705w, https:\/\/radiorevelacionfm.cl\/wp-content\/uploads\/2025\/09\/Foto-Cristian-Saucedo-1-450x408.jpg 450w, https:\/\/radiorevelacionfm.cl\/wp-content\/uploads\/2025\/09\/Foto-Cristian-Saucedo-1-600x544.jpg 600w\" sizes=\"(max-width: 800px) 100vw, 800px\" \/><\/div><\/div><\/div><\/div><div class=\"flex_column av_one_full  flex_column_div av-zero-column-padding first  avia-builder-el-2  el_after_av_one_full  el_before_av_one_full  column-top-margin\" style='border-radius:0px; '><section class=\"av_textblock_section \"  itemscope=\"itemscope\" itemtype=\"https:\/\/schema.org\/BlogPosting\" itemprop=\"blogPost\" ><div class='avia_textblock  '   itemprop=\"text\" ><p style=\"text-align: center;\"><strong><span style=\"font-size: 18pt;\">Perros asilvestrados y de libre deambular: cuando no actuamos, pierde el campo y tambi\u00e9n la fauna<\/span><\/strong><\/p>\n<div id=\"gtx-trans\" style=\"position: absolute; left: -50px; top: 4.31534px;\">\n<div class=\"gtx-trans-icon\"><\/div>\n<\/div>\n<\/div><\/section><\/div><div class=\"flex_column av_one_full  flex_column_div av-zero-column-padding first  avia-builder-el-4  el_after_av_one_full  el_before_av_hr  column-top-margin\" style='border-radius:0px; '><section class=\"av_textblock_section \"  itemscope=\"itemscope\" itemtype=\"https:\/\/schema.org\/BlogPosting\" itemprop=\"blogPost\" ><div class='avia_textblock  '   itemprop=\"text\" ><p style=\"text-align: justify;\"><em>Por Cristian Saucedo: <\/em><em>Director del Programa Vida Silvestre de Fundaci\u00f3n Rewilding Chile<\/em><\/p>\n<p style=\"text-align: justify;\">Hace pocos d\u00edas, Magallanes volvi\u00f3 a mostrar la gravedad del problema de los perros asilvestrados. Entre 2012 y 2025, el SAG registr\u00f3 3.325 animales afectados, y hubo episodios extremos, como el ataque a 450 ovejas en Timaukel en 2017. La Sociedad Nacional de Agricultura calific\u00f3 la situaci\u00f3n como un \u201cda\u00f1o brutal\u201d y pidi\u00f3 medidas urgentes. Es una crisis anunciada.<\/p>\n<p style=\"text-align: justify;\">El problema no afecta solo a Magallanes ni se detiene en el cerco de un predio ganadero. En las \u00e1reas protegidas, los perros de libre deambular y las jaur\u00edas de perros asilvestrados est\u00e1n golpeando a especies emblem\u00e1ticas y en peligro. En el Parque Nacional Cerro Castillo, un an\u00e1lisis reciente de Conaf muestra que un 23% de las muertes de huemul son causadas por predaci\u00f3n y un 6% por perros dom\u00e9sticos. Con los pud\u00faes, la evidencia es igual de dura: seg\u00fan una revisi\u00f3n realizada a partir de datos del Servicio Agr\u00edcola y Ganadero en la Regi\u00f3n de Los Lagos, los ataques de perros explican el 25% de los rescates gestionados por la instituci\u00f3n entre 2022 y 2025 (31 de 120 eventos) y son la principal causa de ingreso a centros de rehabilitaci\u00f3n..<\/p>\n<p style=\"text-align: justify;\">La realidad demogr\u00e1fica nos pas\u00f3 por encima. Un estudio in\u00e9dito realizado por la Subsecretar\u00eda de Desarrollo Regional y Administrativo\u00a0 en 2022 revel\u00f3 que en Chile existen cerca de 8,3 millones de perros con due\u00f1o y casi 3,5 millones de perros sin tutor conocido. \u00bfEl resultado? Una masa cr\u00edtica de animales que entra y sale del espacio p\u00fablico y de las \u00e1reas protegidas sin que nadie se haga cargo de ellos ni del da\u00f1o que causan.<\/p>\n<p style=\"text-align: justify;\">Desde hace a\u00f1os he advertido que en los parques no hay margen para improvisar. Se necesita regulaci\u00f3n, fiscalizaci\u00f3n y protocolos claros para perros con y sin tutor en zonas de alto valor ecol\u00f3gico. Lamentablemente, la normativa existente no garantiza la protecci\u00f3n y cuidado de la fauna silvestre, poniendo en serio riesgo a especies emblem\u00e1ticas.<\/p>\n<p style=\"text-align: justify;\">La Ley 21.020 proh\u00edbe el abandono de mascotas y establece obligaciones de registro y cuidado; las multas pueden llegar hasta 30 UTM y, en casos graves, contemplan inhabilidad de por vida para tener animales. CONAF proh\u00edbe\u00a0 el ingreso de mascotas a las \u00e1reas del SNASPE justamente para resguardar la biodiversidad. Estas no son sugerencias: son reglas. Cumplirlas salvar\u00eda vidas de fauna silvestre. Sin embargo, el 86% de las \u00e1reas protegidas del SNASPE reporta amenaza por perros y gatos, seg\u00fan campa\u00f1as p\u00fablicas de sensibilizaci\u00f3n apoyadas por CONAF y organizaciones ambientales.<\/p>\n<p style=\"text-align: justify;\">Esto no es una cruzada \u201canti-perros\u201d: es pro-biodiversidad y pro-tenencia responsable, un pacto por la vida silvestre y por el campo, que no enfrenta a \u201camantes de los perros\u201d con \u201camantes de la naturaleza\u201d. La tenencia responsable es precisamente amar a tu perro sin desamparar a nuestra fauna silvestre como huemules y pud\u00faes.<\/p>\n<p style=\"text-align: justify;\">Magallanes nos dio este mes un recordatorio. Pero el costo mayor es el que no vemos: el retroceso silencioso de especies \u00fanicas. Si normalizamos las jaur\u00edas en \u00e1reas protegidas y los perros de libre deambular en el campo, estamos renunciando a salvaguardar nuestro patrimonio natural.<\/p>\n<\/div><\/section><\/div><div  style='height:50px' class='hr hr-invisible   avia-builder-el-6  el_after_av_one_full  el_before_av_social_share '><span class='hr-inner ' ><span class='hr-inner-style'><\/span><\/span><\/div><\/p>\n<div  class='av-social-sharing-box  avia-builder-el-7  el_after_av_hr  el_before_av_hr  '><div class='av-share-box'><h5 class='av-share-link-description av-no-toc '>Compartir esta noticia<\/h5><ul class='av-share-box-list noLightbox'><li class='av-share-link av-social-link-facebook' ><a target=\"_blank\" aria-label=\"Compartir en Facebook\" href='https:\/\/www.facebook.com\/sharer.php?u=https:\/\/radiorevelacionfm.cl\/?p=59581&#038;t=Perros%20asilvestrados%20y%20de%20libre%20deambular%3A%20cuando%20no%20actuamos%2C%20pierde%20el%20campo%20y%20tambi%C3%A9n%20la%20fauna' aria-hidden='false' data-av_icon='\ue8f3' data-av_iconfont='entypo-fontello' title='' data-avia-related-tooltip='Compartir en Facebook' rel=\"noopener\"><span class='avia_hidden_link_text'>Compartir en Facebook<\/span><\/a><\/li><li class='av-share-link av-social-link-twitter' ><a target=\"_blank\" aria-label=\"Compartir en Twitter\" href='https:\/\/twitter.com\/share?text=Perros%20asilvestrados%20y%20de%20libre%20deambular%3A%20cuando%20no%20actuamos%2C%20pierde%20el%20campo%20y%20tambi%C3%A9n%20la%20fauna&#038;url=https:\/\/radiorevelacionfm.cl\/?p=59581' aria-hidden='false' data-av_icon='\ue8f1' data-av_iconfont='entypo-fontello' title='' data-avia-related-tooltip='Compartir en Twitter' rel=\"noopener\"><span class='avia_hidden_link_text'>Compartir en Twitter<\/span><\/a><\/li><li class='av-share-link av-social-link-whatsapp' ><a target=\"_blank\" aria-label=\"Compartir en Whatsapp\" href='https:\/\/api.whatsapp.com\/send?text=https:\/\/radiorevelacionfm.cl\/?p=59581' aria-hidden='false' data-av_icon='\uf232' data-av_iconfont='entypo-fontello' title='' data-avia-related-tooltip='Compartir en Whatsapp' rel=\"noopener\"><span class='avia_hidden_link_text'>Compartir en Whatsapp<\/span><\/a><\/li><li class='av-share-link av-social-link-linkedin' ><a target=\"_blank\" aria-label=\"Compartir en LinkedIn\" href='https:\/\/linkedin.com\/shareArticle?mini=true&#038;title=Perros%20asilvestrados%20y%20de%20libre%20deambular%3A%20cuando%20no%20actuamos%2C%20pierde%20el%20campo%20y%20tambi%C3%A9n%20la%20fauna&#038;url=https:\/\/radiorevelacionfm.cl\/?p=59581' aria-hidden='false' data-av_icon='\ue8fc' data-av_iconfont='entypo-fontello' title='' data-avia-related-tooltip='Compartir en LinkedIn' rel=\"noopener\"><span class='avia_hidden_link_text'>Compartir en LinkedIn<\/span><\/a><\/li><li class='av-share-link av-social-link-mail' ><a  aria-label=\"Compartir por correo\" href='mailto:?subject=Perros%20asilvestrados%20y%20de%20libre%20deambular%3A%20cuando%20no%20actuamos%2C%20pierde%20el%20campo%20y%20tambi%C3%A9n%20la%20fauna&#038;body=https:\/\/radiorevelacionfm.cl\/?p=59581' aria-hidden='false' data-av_icon='\ue805' data-av_iconfont='entypo-fontello' title='' data-avia-related-tooltip='Compartir por correo'><span class='avia_hidden_link_text'>Compartir por correo<\/span><\/a><\/li><\/ul><\/div><\/div>\n<div  style='height:50px' class='hr hr-invisible   avia-builder-el-8  el_after_av_social_share  el_before_av_comments_list '><span class='hr-inner ' ><span class='hr-inner-style'><\/span><\/span><\/div>\n<div  class='av-buildercomment  av-blog-meta-html-info-disabled av-blog-meta-tag-disabled  '><\/div>\n","protected":false},"excerpt":{"rendered":"","protected":false},"author":1,"featured_media":59582,"comment_status":"closed","ping_status":"closed","sticky":false,"template":"","format":"standard","meta":{"footnotes":""},"categories":[50],"tags":[],"class_list":["post-59581","post","type-post","status-publish","format-standard","has-post-thumbnail","hentry","category-cartas-y-opinion"],"jetpack_featured_media_url":"https:\/\/radiorevelacionfm.cl\/wp-content\/uploads\/2025\/09\/Foto-Cristian-Saucedo-1.jpg","_links":{"self":[{"href":"https:\/\/radiorevelacionfm.cl\/index.php?rest_route=\/wp\/v2\/posts\/59581","targetHints":{"allow":["GET"]}}],"collection":[{"href":"https:\/\/radiorevelacionfm.cl\/index.php?rest_route=\/wp\/v2\/posts"}],"about":[{"href":"https:\/\/radiorevelacionfm.cl\/index.php?rest_route=\/wp\/v2\/types\/post"}],"author":[{"embeddable":true,"href":"https:\/\/radiorevelacionfm.cl\/index.php?rest_route=\/wp\/v2\/users\/1"}],"replies":[{"embeddable":true,"href":"https:\/\/radiorevelacionfm.cl\/index.php?rest_route=%2Fwp%2Fv2%2Fcomments&post=59581"}],"version-history":[{"count":2,"href":"https:\/\/radiorevelacionfm.cl\/index.php?rest_route=\/wp\/v2\/posts\/59581\/revisions"}],"predecessor-version":[{"id":59623,"href":"https:\/\/radiorevelacionfm.cl\/index.php?rest_route=\/wp\/v2\/posts\/59581\/revisions\/59623"}],"wp:featuredmedia":[{"embeddable":true,"href":"https:\/\/radiorevelacionfm.cl\/index.php?rest_route=\/wp\/v2\/media\/59582"}],"wp:attachment":[{"href":"https:\/\/radiorevelacionfm.cl\/index.php?rest_route=%2Fwp%2Fv2%2Fmedia&parent=59581"}],"wp:term":[{"taxonomy":"category","embeddable":true,"href":"https:\/\/radiorevelacionfm.cl\/index.php?rest_route=%2Fwp%2Fv2%2Fcategories&post=59581"},{"taxonomy":"post_tag","embeddable":true,"href":"https:\/\/radiorevelacionfm.cl\/index.php?rest_route=%2Fwp%2Fv2%2Ftags&post=59581"}],"curies":[{"name":"wp","href":"https:\/\/api.w.org\/{rel}","templated":true}]}}