{"id":59578,"date":"2025-09-26T13:25:37","date_gmt":"2025-09-26T16:25:37","guid":{"rendered":"https:\/\/radiorevelacionfm.cl\/?p=59578"},"modified":"2025-09-26T13:26:52","modified_gmt":"2025-09-26T16:26:52","slug":"coyhaique-resolucion-judicial-ordena-expulsion-del-pais-de-extranjero-detenido-por-incivilidades-y-delitos","status":"publish","type":"post","link":"https:\/\/radiorevelacionfm.cl\/?p=59578","title":{"rendered":"Coyhaique: Resoluci\u00f3n judicial ordena expulsi\u00f3n del pa\u00eds de extranjero detenido por incivilidades y delitos"},"content":{"rendered":"<div class=\"flex_column av_one_full  flex_column_div av-zero-column-padding first  avia-builder-el-0  el_before_av_one_full  avia-builder-el-first  \" style='border-radius:0px; '><div  class='avia-image-container  av-styling-    avia-builder-el-1  avia-builder-el-no-sibling  avia-align-center '  itemprop=\"image\" itemscope=\"itemscope\" itemtype=\"https:\/\/schema.org\/ImageObject\"  ><div class='avia-image-container-inner'><div class='avia-image-overlay-wrap'><img decoding=\"async\" class='wp-image-30466 avia-img-lazy-loading-not-30466 avia_image' src=\"https:\/\/radiorevelacionfm.cl\/wp-content\/uploads\/2023\/04\/fiscalia-1_optimized.jpeg\" alt='' title='fiscalia-(1)_optimized' height=\"600\" width=\"919\"  itemprop=\"thumbnailUrl\" srcset=\"https:\/\/radiorevelacionfm.cl\/wp-content\/uploads\/2023\/04\/fiscalia-1_optimized.jpeg 919w, https:\/\/radiorevelacionfm.cl\/wp-content\/uploads\/2023\/04\/fiscalia-1_optimized-300x196.jpeg 300w, https:\/\/radiorevelacionfm.cl\/wp-content\/uploads\/2023\/04\/fiscalia-1_optimized-768x501.jpeg 768w, https:\/\/radiorevelacionfm.cl\/wp-content\/uploads\/2023\/04\/fiscalia-1_optimized-705x460.jpeg 705w, https:\/\/radiorevelacionfm.cl\/wp-content\/uploads\/2023\/04\/fiscalia-1_optimized-450x294.jpeg 450w, https:\/\/radiorevelacionfm.cl\/wp-content\/uploads\/2023\/04\/fiscalia-1_optimized-600x392.jpeg 600w\" sizes=\"(max-width: 919px) 100vw, 919px\" \/><\/div><\/div><\/div><\/div><div class=\"flex_column av_one_full  flex_column_div av-zero-column-padding first  avia-builder-el-2  el_after_av_one_full  el_before_av_one_full  column-top-margin\" style='border-radius:0px; '><section class=\"av_textblock_section \"  itemscope=\"itemscope\" itemtype=\"https:\/\/schema.org\/BlogPosting\" itemprop=\"blogPost\" ><div class='avia_textblock  '   itemprop=\"text\" ><p style=\"text-align: center;\"><span style=\"font-size: 18pt;\"><b>Coyhaique: Resoluci\u00f3n judicial ordena expulsi\u00f3n del pa\u00eds de extranjero detenido por incivilidades y delitos<\/b><\/span><\/p>\n<div id=\"gtx-trans\" style=\"position: absolute; left: -50px; top: 4.31534px;\">\n<div class=\"gtx-trans-icon\"><\/div>\n<\/div>\n<\/div><\/section><\/div><div class=\"flex_column av_one_full  flex_column_div av-zero-column-padding first  avia-builder-el-4  el_after_av_one_full  el_before_av_hr  column-top-margin\" style='border-radius:0px; '><section class=\"av_textblock_section \"  itemscope=\"itemscope\" itemtype=\"https:\/\/schema.org\/BlogPosting\" itemprop=\"blogPost\" ><div class='avia_textblock  '   itemprop=\"text\" ><p style=\"font-weight: 400; text-align: justify;\"><em>Fue condenado por un delito de robo con intimidaci\u00f3n ocurrido en mayo de este a\u00f1o.<\/em><\/p>\n<p style=\"font-weight: 400; text-align: justify;\">Tras un juicio o procedimiento abreviado efectuado ante el Juzgado de Garant\u00eda de Coyhaique, la justicia resolvi\u00f3 la expulsi\u00f3n del pa\u00eds de un ciudadano extranjero de 45 a\u00f1os, quien hab\u00eda sido detenido en reiteradas ocasiones como autor de incivilidades y delitos ocurridos en Coyhaique.<\/p>\n<p style=\"font-weight: 400; text-align: justify;\">Seg\u00fan explic\u00f3 el Fiscal Jefe (s) de Coyhaique, Luis Contreras Alfaro, \u201cen un procedimiento abreviado, el Tribunal de Garant\u00eda de Coyhaique conden\u00f3 a una persona de nacionalidad brasile\u00f1a, quien hab\u00eda cometido una serie de incivilidades en la ciudad de Coyhaique\u201d.<\/p>\n<p style=\"font-weight: 400; text-align: justify;\">El persecutor penal a\u00f1adi\u00f3 que \u201cdentro de las conductas desplegadas por esta persona, se encontraba un delito de robo con intimidaci\u00f3n, lo cual motiv\u00f3 que fuera condenado a la pena de cuatro a\u00f1os de presidio menor en su grado m\u00e1ximo y el tribunal determin\u00f3 su expulsi\u00f3n del pa\u00eds\u201d. La audiencia se efectu\u00f3 el martes reci\u00e9n pasado en Coyhaique.<\/p>\n<p style=\"font-weight: 400; text-align: justify;\">\u201cSe otorg\u00f3 un plazo de 90 d\u00edas al Gobierno para que materialice la expulsi\u00f3n de esta persona y en el intertanto, se dispuso su internaci\u00f3n provisoria en el Centro de Retenci\u00f3n de Gendarmer\u00eda de Coyhaique\u201d, a\u00f1adi\u00f3 el fiscal Luis Contreras.<\/p>\n<p style=\"font-weight: 400; text-align: justify;\">Respecto de que otros hechos se asocian al imputado, el representante del Ministerio P\u00fablico coment\u00f3 que efectu\u00f3 \u201cdiversas conductas en la ciudad de Coyhaique, las cuales hab\u00edan sido calificadas como delitos de hurto, da\u00f1os en el hospital y otras situaciones de incivilidad\u201d.<\/p>\n<p style=\"font-weight: 400; text-align: justify;\">Una de aquellas, a\u00f1adi\u00f3 Contreras, \u201cconsisti\u00f3 en la sustracci\u00f3n de especies de un local comercial ubicado en el sector Alto de Coyhaique (en mayo de este a\u00f1o), en donde result\u00f3 afectada una adulta mayor quien se encontraba en compa\u00f1\u00eda de su nieto cuando ocurren los hechos. A ra\u00edz de aquello, esta persona fue detenida y se realiz\u00f3 una investigaci\u00f3n, lo cual determin\u00f3 que -en definitiva- se reunieran antecedentes suficientes para imputarle responsabilidad como autor de un delito de robo con intimidaci\u00f3n\u201d.<\/p>\n<p style=\"font-weight: 400; text-align: justify;\">El imputado permanece recluido en el Centro de Detenci\u00f3n Preventiva de Coyhaique, bajo la custodia de Gendarmer\u00eda.<\/p>\n<\/div><\/section><\/div><div  style='height:50px' class='hr hr-invisible   avia-builder-el-6  el_after_av_one_full  el_before_av_social_share '><span class='hr-inner ' ><span class='hr-inner-style'><\/span><\/span><\/div><\/p>\n<div  class='av-social-sharing-box  avia-builder-el-7  el_after_av_hr  el_before_av_hr  '><div class='av-share-box'><h5 class='av-share-link-description av-no-toc '>Compartir esta noticia<\/h5><ul class='av-share-box-list noLightbox'><li class='av-share-link av-social-link-facebook' ><a target=\"_blank\" aria-label=\"Compartir en Facebook\" href='https:\/\/www.facebook.com\/sharer.php?u=https:\/\/radiorevelacionfm.cl\/?p=59578&#038;t=Coyhaique%3A%20Resoluci%C3%B3n%20judicial%20ordena%20expulsi%C3%B3n%20del%20pa%C3%ADs%20de%20extranjero%20detenido%20por%20incivilidades%20y%20delitos' aria-hidden='false' data-av_icon='\ue8f3' data-av_iconfont='entypo-fontello' title='' data-avia-related-tooltip='Compartir en Facebook' rel=\"noopener\"><span class='avia_hidden_link_text'>Compartir en Facebook<\/span><\/a><\/li><li class='av-share-link av-social-link-twitter' ><a target=\"_blank\" aria-label=\"Compartir en Twitter\" href='https:\/\/twitter.com\/share?text=Coyhaique%3A%20Resoluci%C3%B3n%20judicial%20ordena%20expulsi%C3%B3n%20del%20pa%C3%ADs%20de%20extranjero%20detenido%20por%20incivilidades%20y%20delitos&#038;url=https:\/\/radiorevelacionfm.cl\/?p=59578' aria-hidden='false' data-av_icon='\ue8f1' data-av_iconfont='entypo-fontello' title='' data-avia-related-tooltip='Compartir en Twitter' rel=\"noopener\"><span class='avia_hidden_link_text'>Compartir en Twitter<\/span><\/a><\/li><li class='av-share-link av-social-link-whatsapp' ><a target=\"_blank\" aria-label=\"Compartir en Whatsapp\" href='https:\/\/api.whatsapp.com\/send?text=https:\/\/radiorevelacionfm.cl\/?p=59578' aria-hidden='false' data-av_icon='\uf232' data-av_iconfont='entypo-fontello' title='' data-avia-related-tooltip='Compartir en Whatsapp' rel=\"noopener\"><span class='avia_hidden_link_text'>Compartir en Whatsapp<\/span><\/a><\/li><li class='av-share-link av-social-link-linkedin' ><a target=\"_blank\" aria-label=\"Compartir en LinkedIn\" href='https:\/\/linkedin.com\/shareArticle?mini=true&#038;title=Coyhaique%3A%20Resoluci%C3%B3n%20judicial%20ordena%20expulsi%C3%B3n%20del%20pa%C3%ADs%20de%20extranjero%20detenido%20por%20incivilidades%20y%20delitos&#038;url=https:\/\/radiorevelacionfm.cl\/?p=59578' aria-hidden='false' data-av_icon='\ue8fc' data-av_iconfont='entypo-fontello' title='' data-avia-related-tooltip='Compartir en LinkedIn' rel=\"noopener\"><span class='avia_hidden_link_text'>Compartir en LinkedIn<\/span><\/a><\/li><li class='av-share-link av-social-link-mail' ><a  aria-label=\"Compartir por correo\" href='mailto:?subject=Coyhaique%3A%20Resoluci%C3%B3n%20judicial%20ordena%20expulsi%C3%B3n%20del%20pa%C3%ADs%20de%20extranjero%20detenido%20por%20incivilidades%20y%20delitos&#038;body=https:\/\/radiorevelacionfm.cl\/?p=59578' aria-hidden='false' data-av_icon='\ue805' data-av_iconfont='entypo-fontello' title='' data-avia-related-tooltip='Compartir por correo'><span class='avia_hidden_link_text'>Compartir por correo<\/span><\/a><\/li><\/ul><\/div><\/div>\n<div  style='height:50px' class='hr hr-invisible   avia-builder-el-8  el_after_av_social_share  el_before_av_comments_list '><span class='hr-inner ' ><span class='hr-inner-style'><\/span><\/span><\/div>\n<div  class='av-buildercomment  av-blog-meta-html-info-disabled av-blog-meta-tag-disabled  '><\/div>\n","protected":false},"excerpt":{"rendered":"","protected":false},"author":1,"featured_media":30466,"comment_status":"closed","ping_status":"closed","sticky":false,"template":"","format":"standard","meta":{"footnotes":""},"categories":[55],"tags":[],"class_list":["post-59578","post","type-post","status-publish","format-standard","has-post-thumbnail","hentry","category-justicia"],"jetpack_featured_media_url":"https:\/\/radiorevelacionfm.cl\/wp-content\/uploads\/2023\/04\/fiscalia-1_optimized.jpeg","_links":{"self":[{"href":"https:\/\/radiorevelacionfm.cl\/index.php?rest_route=\/wp\/v2\/posts\/59578","targetHints":{"allow":["GET"]}}],"collection":[{"href":"https:\/\/radiorevelacionfm.cl\/index.php?rest_route=\/wp\/v2\/posts"}],"about":[{"href":"https:\/\/radiorevelacionfm.cl\/index.php?rest_route=\/wp\/v2\/types\/post"}],"author":[{"embeddable":true,"href":"https:\/\/radiorevelacionfm.cl\/index.php?rest_route=\/wp\/v2\/users\/1"}],"replies":[{"embeddable":true,"href":"https:\/\/radiorevelacionfm.cl\/index.php?rest_route=%2Fwp%2Fv2%2Fcomments&post=59578"}],"version-history":[{"count":2,"href":"https:\/\/radiorevelacionfm.cl\/index.php?rest_route=\/wp\/v2\/posts\/59578\/revisions"}],"predecessor-version":[{"id":59580,"href":"https:\/\/radiorevelacionfm.cl\/index.php?rest_route=\/wp\/v2\/posts\/59578\/revisions\/59580"}],"wp:featuredmedia":[{"embeddable":true,"href":"https:\/\/radiorevelacionfm.cl\/index.php?rest_route=\/wp\/v2\/media\/30466"}],"wp:attachment":[{"href":"https:\/\/radiorevelacionfm.cl\/index.php?rest_route=%2Fwp%2Fv2%2Fmedia&parent=59578"}],"wp:term":[{"taxonomy":"category","embeddable":true,"href":"https:\/\/radiorevelacionfm.cl\/index.php?rest_route=%2Fwp%2Fv2%2Fcategories&post=59578"},{"taxonomy":"post_tag","embeddable":true,"href":"https:\/\/radiorevelacionfm.cl\/index.php?rest_route=%2Fwp%2Fv2%2Ftags&post=59578"}],"curies":[{"name":"wp","href":"https:\/\/api.w.org\/{rel}","templated":true}]}}