{"id":59573,"date":"2025-09-26T12:14:42","date_gmt":"2025-09-26T15:14:42","guid":{"rendered":"https:\/\/radiorevelacionfm.cl\/?p=59573"},"modified":"2025-09-26T12:14:42","modified_gmt":"2025-09-26T15:14:42","slug":"inauguran-segunda-etapa-de-iluminacion-de-plazoleta-en-sector-general-bernales-de-coyhaique","status":"publish","type":"post","link":"https:\/\/radiorevelacionfm.cl\/?p=59573","title":{"rendered":"Inauguran segunda etapa de iluminaci\u00f3n de plazoleta en sector General Bernales de Coyhaique"},"content":{"rendered":"<div class=\"flex_column av_one_full  flex_column_div av-zero-column-padding first  avia-builder-el-0  el_before_av_one_full  avia-builder-el-first  \" style='border-radius:0px; '><div  class='avia-image-container  av-styling-    avia-builder-el-1  avia-builder-el-no-sibling  avia-align-center '  itemprop=\"image\" itemscope=\"itemscope\" itemtype=\"https:\/\/schema.org\/ImageObject\"  ><div class='avia-image-container-inner'><div class='avia-image-overlay-wrap'><img decoding=\"async\" class='wp-image-59574 avia-img-lazy-loading-not-59574 avia_image' src=\"https:\/\/radiorevelacionfm.cl\/wp-content\/uploads\/2025\/09\/Luminaria-Bernales2-1-1-1.jpeg\" alt='' title='Luminaria Bernales2 (1) (1) (1)' height=\"600\" width=\"800\"  itemprop=\"thumbnailUrl\" srcset=\"https:\/\/radiorevelacionfm.cl\/wp-content\/uploads\/2025\/09\/Luminaria-Bernales2-1-1-1.jpeg 800w, https:\/\/radiorevelacionfm.cl\/wp-content\/uploads\/2025\/09\/Luminaria-Bernales2-1-1-1-300x225.jpeg 300w, https:\/\/radiorevelacionfm.cl\/wp-content\/uploads\/2025\/09\/Luminaria-Bernales2-1-1-1-768x576.jpeg 768w, https:\/\/radiorevelacionfm.cl\/wp-content\/uploads\/2025\/09\/Luminaria-Bernales2-1-1-1-705x529.jpeg 705w, https:\/\/radiorevelacionfm.cl\/wp-content\/uploads\/2025\/09\/Luminaria-Bernales2-1-1-1-450x338.jpeg 450w, https:\/\/radiorevelacionfm.cl\/wp-content\/uploads\/2025\/09\/Luminaria-Bernales2-1-1-1-600x450.jpeg 600w\" sizes=\"(max-width: 800px) 100vw, 800px\" \/><\/div><\/div><\/div><\/div><div class=\"flex_column av_one_full  flex_column_div av-zero-column-padding first  avia-builder-el-2  el_after_av_one_full  el_before_av_one_full  column-top-margin\" style='border-radius:0px; '><section class=\"av_textblock_section \"  itemscope=\"itemscope\" itemtype=\"https:\/\/schema.org\/BlogPosting\" itemprop=\"blogPost\" ><div class='avia_textblock  '   itemprop=\"text\" ><p style=\"text-align: center;\"><strong><span style=\"font-size: 18pt;\">Inauguran segunda etapa de iluminaci\u00f3n de plazoleta en sector General Bernales de Coyhaique<\/span><\/strong><\/p>\n<div id=\"gtx-trans\" style=\"position: absolute; left: -50px; top: 4.31534px;\">\n<div class=\"gtx-trans-icon\"><\/div>\n<\/div>\n<\/div><\/section><\/div><div class=\"flex_column av_one_full  flex_column_div av-zero-column-padding first  avia-builder-el-4  el_after_av_one_full  el_before_av_hr  column-top-margin\" style='border-radius:0px; '><section class=\"av_textblock_section \"  itemscope=\"itemscope\" itemtype=\"https:\/\/schema.org\/BlogPosting\" itemprop=\"blogPost\" ><div class='avia_textblock  '   itemprop=\"text\" ><p style=\"text-align: justify;\"><em>Las nuevas iluminarias, entregan mayor seguridad y calidad de vida a las familias del sector, en el marco del programa \u201cBarrios con Energ\u00eda\u201d de Grupo Saesa.<\/em><\/p>\n<p style=\"text-align: justify;\">Edelaysen inaugur\u00f3 la segunda etapa de la iluminaci\u00f3n en el sector General Bernales de Coyhaique, proyecto que permiti\u00f3 dotar con modernas luminarias a la plazoleta de calle Cerro La Paloma y sus alrededores en la zonal alta de la comuna. Esta iniciativa entregar\u00e1 una mayor seguridad contribuyendo a mejorar la calidad de vida de las familias que habitan el sector.<\/p>\n<p style=\"text-align: justify;\">En ese sentido el gerente zonal de Edelaysen Rodrigo Escare destac\u00f3: \u201cEstamos felices de estar hoy ac\u00e1, siendo parte de este hermoso proyecto como es la iluminaci\u00f3n de espacios p\u00fablicos, el cual es de gran relevancia para nosotros como Grupo Saesa y que va a seguir d\u00e1ndole fuerza en distintos sectores de la comuna de Coyhaique y por supuesto a la regi\u00f3n de Ays\u00e9n\u201d.<\/p>\n<p style=\"text-align: justify;\">De acuerdo con lo indicado por el ejecutivo, la obra se enmarca en el programa \u201cBarrios con Energ\u00eda\u201d de Grupo Saesa, que busca recuperar y fortalecer los espacios de encuentro comunitario mediante sistemas de iluminaci\u00f3n eficientes y seguros.<\/p>\n<p style=\"text-align: justify;\">Por su parte Gabriela Retamal, alcaldesa (S) de Coyhaique, mencion\u00f3: \u201cClaramente el iluminar este espacio contribuye a una mayor seguridad, a mejorar la calidad de vida de los vecinos, por lo que este es un d\u00eda muy emocionante, ratificar el compromiso permanente del alcalde Carlos Gatica y del equipo municipal con la comunidad, siempre al servicio de los vecinos y vecinas\u201d.<\/p>\n<p style=\"text-align: justify;\">As\u00ed mismo, el seremi de Medio Ambiente Yoal D\u00edaz quien fue invitado a participar de esta significativa instancia mencion\u00f3 que: \u201cEstamos muy contentos de que estos proyectos lleguen a los barrios como es la poblaci\u00f3n General Bernales y otras tantas. El trabajo que hace Edelaysen es muy importante desde el punto de vista comunitario, pero tambi\u00e9n como el resto de todas las intervenciones barriales van conect\u00e1ndose como el programa \u201cQuiero Mi Barrio\u201d, y tambi\u00e9n desde el Gobierno estamos muy disponibles a seguir colaborando con estas iniciativas\u201d.<\/p>\n<p style=\"text-align: justify;\">Finalmente, Mireya Catal\u00e1n, presidenta de la Junta de Vecinos del barrio General Bernales puntualiz\u00f3: \u201c(Estoy) Agradecida de Edelaysen como siempre. Esto es algo super importante para nosotros como comunidad, ten\u00edamos bastante oscuridad. Lo que vino a hacer es mejorar la calidad de vida, que los vecinos se sientan seguros de transitar en el sector que para nosotros es fundamental, ya que ten\u00edamos que cruzar en oscuridad, ahora la sensaci\u00f3n de seguridad ha mejorado y eso es s\u00faper importante para nosotros. La verdad es que el apoyo de Edelaysen tanto en la primera como la segunda etapa y nuestra sede ha sido realmente fundamental\u201d.<\/p>\n<p style=\"text-align: justify;\">Con esta nueva iluminaci\u00f3n, el programa \u201cBarrios con Energ\u00eda\u201d de Grupo Saesa sigue consolid\u00e1ndose como una iniciativa que contribuye a la seguridad, el encuentro social y la sustentabilidad en los distintos barrios de la regi\u00f3n, por lo que desde Edelaysen proyectan continuar trabajando junto a autoridades y vecinos en nuevas acciones que fortalezcan el desarrollo local y bienestar de las familias de Ays\u00e9n.<\/p>\n<\/div><\/section><\/div><div  style='height:50px' class='hr hr-invisible   avia-builder-el-6  el_after_av_one_full  el_before_av_social_share '><span class='hr-inner ' ><span class='hr-inner-style'><\/span><\/span><\/div><\/p>\n<div  class='av-social-sharing-box  avia-builder-el-7  el_after_av_hr  el_before_av_hr  '><div class='av-share-box'><h5 class='av-share-link-description av-no-toc '>Compartir esta noticia<\/h5><ul class='av-share-box-list noLightbox'><li class='av-share-link av-social-link-facebook' ><a target=\"_blank\" aria-label=\"Compartir en Facebook\" href='https:\/\/www.facebook.com\/sharer.php?u=https:\/\/radiorevelacionfm.cl\/?p=59573&#038;t=Inauguran%20segunda%20etapa%20de%20iluminaci%C3%B3n%20de%20plazoleta%20en%20sector%20General%20Bernales%20de%20Coyhaique' aria-hidden='false' data-av_icon='\ue8f3' data-av_iconfont='entypo-fontello' title='' data-avia-related-tooltip='Compartir en Facebook' rel=\"noopener\"><span class='avia_hidden_link_text'>Compartir en Facebook<\/span><\/a><\/li><li class='av-share-link av-social-link-twitter' ><a target=\"_blank\" aria-label=\"Compartir en Twitter\" href='https:\/\/twitter.com\/share?text=Inauguran%20segunda%20etapa%20de%20iluminaci%C3%B3n%20de%20plazoleta%20en%20sector%20General%20Bernales%20de%20Coyhaique&#038;url=https:\/\/radiorevelacionfm.cl\/?p=59573' aria-hidden='false' data-av_icon='\ue8f1' data-av_iconfont='entypo-fontello' title='' data-avia-related-tooltip='Compartir en Twitter' rel=\"noopener\"><span class='avia_hidden_link_text'>Compartir en Twitter<\/span><\/a><\/li><li class='av-share-link av-social-link-whatsapp' ><a target=\"_blank\" aria-label=\"Compartir en Whatsapp\" href='https:\/\/api.whatsapp.com\/send?text=https:\/\/radiorevelacionfm.cl\/?p=59573' aria-hidden='false' data-av_icon='\uf232' data-av_iconfont='entypo-fontello' title='' data-avia-related-tooltip='Compartir en Whatsapp' rel=\"noopener\"><span class='avia_hidden_link_text'>Compartir en Whatsapp<\/span><\/a><\/li><li class='av-share-link av-social-link-linkedin' ><a target=\"_blank\" aria-label=\"Compartir en LinkedIn\" href='https:\/\/linkedin.com\/shareArticle?mini=true&#038;title=Inauguran%20segunda%20etapa%20de%20iluminaci%C3%B3n%20de%20plazoleta%20en%20sector%20General%20Bernales%20de%20Coyhaique&#038;url=https:\/\/radiorevelacionfm.cl\/?p=59573' aria-hidden='false' data-av_icon='\ue8fc' data-av_iconfont='entypo-fontello' title='' data-avia-related-tooltip='Compartir en LinkedIn' rel=\"noopener\"><span class='avia_hidden_link_text'>Compartir en LinkedIn<\/span><\/a><\/li><li class='av-share-link av-social-link-mail' ><a  aria-label=\"Compartir por correo\" href='mailto:?subject=Inauguran%20segunda%20etapa%20de%20iluminaci%C3%B3n%20de%20plazoleta%20en%20sector%20General%20Bernales%20de%20Coyhaique&#038;body=https:\/\/radiorevelacionfm.cl\/?p=59573' aria-hidden='false' data-av_icon='\ue805' data-av_iconfont='entypo-fontello' title='' data-avia-related-tooltip='Compartir por correo'><span class='avia_hidden_link_text'>Compartir por correo<\/span><\/a><\/li><\/ul><\/div><\/div>\n<div  style='height:50px' class='hr hr-invisible   avia-builder-el-8  el_after_av_social_share  el_before_av_comments_list '><span class='hr-inner ' ><span class='hr-inner-style'><\/span><\/span><\/div>\n<div  class='av-buildercomment  av-blog-meta-html-info-disabled av-blog-meta-tag-disabled  '><\/div>\n","protected":false},"excerpt":{"rendered":"","protected":false},"author":1,"featured_media":59574,"comment_status":"closed","ping_status":"closed","sticky":false,"template":"","format":"standard","meta":{"footnotes":""},"categories":[38],"tags":[],"class_list":["post-59573","post","type-post","status-publish","format-standard","has-post-thumbnail","hentry","category-regional"],"jetpack_featured_media_url":"https:\/\/radiorevelacionfm.cl\/wp-content\/uploads\/2025\/09\/Luminaria-Bernales2-1-1-1.jpeg","_links":{"self":[{"href":"https:\/\/radiorevelacionfm.cl\/index.php?rest_route=\/wp\/v2\/posts\/59573","targetHints":{"allow":["GET"]}}],"collection":[{"href":"https:\/\/radiorevelacionfm.cl\/index.php?rest_route=\/wp\/v2\/posts"}],"about":[{"href":"https:\/\/radiorevelacionfm.cl\/index.php?rest_route=\/wp\/v2\/types\/post"}],"author":[{"embeddable":true,"href":"https:\/\/radiorevelacionfm.cl\/index.php?rest_route=\/wp\/v2\/users\/1"}],"replies":[{"embeddable":true,"href":"https:\/\/radiorevelacionfm.cl\/index.php?rest_route=%2Fwp%2Fv2%2Fcomments&post=59573"}],"version-history":[{"count":2,"href":"https:\/\/radiorevelacionfm.cl\/index.php?rest_route=\/wp\/v2\/posts\/59573\/revisions"}],"predecessor-version":[{"id":59577,"href":"https:\/\/radiorevelacionfm.cl\/index.php?rest_route=\/wp\/v2\/posts\/59573\/revisions\/59577"}],"wp:featuredmedia":[{"embeddable":true,"href":"https:\/\/radiorevelacionfm.cl\/index.php?rest_route=\/wp\/v2\/media\/59574"}],"wp:attachment":[{"href":"https:\/\/radiorevelacionfm.cl\/index.php?rest_route=%2Fwp%2Fv2%2Fmedia&parent=59573"}],"wp:term":[{"taxonomy":"category","embeddable":true,"href":"https:\/\/radiorevelacionfm.cl\/index.php?rest_route=%2Fwp%2Fv2%2Fcategories&post=59573"},{"taxonomy":"post_tag","embeddable":true,"href":"https:\/\/radiorevelacionfm.cl\/index.php?rest_route=%2Fwp%2Fv2%2Ftags&post=59573"}],"curies":[{"name":"wp","href":"https:\/\/api.w.org\/{rel}","templated":true}]}}