{"id":59569,"date":"2025-09-26T11:09:27","date_gmt":"2025-09-26T14:09:27","guid":{"rendered":"https:\/\/radiorevelacionfm.cl\/?p=59569"},"modified":"2025-09-26T11:09:27","modified_gmt":"2025-09-26T14:09:27","slug":"organizaciones-culminan-proyectos-del-fondo-social-presidente-de-la-republica","status":"publish","type":"post","link":"https:\/\/radiorevelacionfm.cl\/?p=59569","title":{"rendered":"Organizaciones culminan proyectos del Fondo Social Presidente de la Rep\u00fablica"},"content":{"rendered":"<div class=\"flex_column av_one_full  flex_column_div av-zero-column-padding first  avia-builder-el-0  el_before_av_one_full  avia-builder-el-first  \" style='border-radius:0px; '><div  class='avia-image-container  av-styling-    avia-builder-el-1  avia-builder-el-no-sibling  avia-align-center '  itemprop=\"image\" itemscope=\"itemscope\" itemtype=\"https:\/\/schema.org\/ImageObject\"  ><div class='avia-image-container-inner'><div class='avia-image-overlay-wrap'><img decoding=\"async\" class='wp-image-59570 avia-img-lazy-loading-not-59570 avia_image' src=\"https:\/\/radiorevelacionfm.cl\/wp-content\/uploads\/2025\/09\/IMG_5650-1-1.jpg\" alt='' title='IMG_5650 (1) (1)' height=\"600\" width=\"841\"  itemprop=\"thumbnailUrl\" srcset=\"https:\/\/radiorevelacionfm.cl\/wp-content\/uploads\/2025\/09\/IMG_5650-1-1.jpg 841w, https:\/\/radiorevelacionfm.cl\/wp-content\/uploads\/2025\/09\/IMG_5650-1-1-300x214.jpg 300w, https:\/\/radiorevelacionfm.cl\/wp-content\/uploads\/2025\/09\/IMG_5650-1-1-768x548.jpg 768w, https:\/\/radiorevelacionfm.cl\/wp-content\/uploads\/2025\/09\/IMG_5650-1-1-260x185.jpg 260w, https:\/\/radiorevelacionfm.cl\/wp-content\/uploads\/2025\/09\/IMG_5650-1-1-705x503.jpg 705w, https:\/\/radiorevelacionfm.cl\/wp-content\/uploads\/2025\/09\/IMG_5650-1-1-450x321.jpg 450w, https:\/\/radiorevelacionfm.cl\/wp-content\/uploads\/2025\/09\/IMG_5650-1-1-600x428.jpg 600w\" sizes=\"(max-width: 841px) 100vw, 841px\" \/><\/div><\/div><\/div><\/div><div class=\"flex_column av_one_full  flex_column_div av-zero-column-padding first  avia-builder-el-2  el_after_av_one_full  el_before_av_one_full  column-top-margin\" style='border-radius:0px; '><section class=\"av_textblock_section \"  itemscope=\"itemscope\" itemtype=\"https:\/\/schema.org\/BlogPosting\" itemprop=\"blogPost\" ><div class='avia_textblock  '   itemprop=\"text\" ><p style=\"text-align: center;\"><span style=\"font-size: 18pt;\"><b>Organizaciones culminan proyectos del Fondo Social Presidente de la Rep\u00fablica<\/b><\/span><\/p>\n<div id=\"gtx-trans\" style=\"position: absolute; left: -50px; top: 4.31534px;\">\n<div class=\"gtx-trans-icon\"><\/div>\n<\/div>\n<\/div><\/section><\/div><div class=\"flex_column av_one_full  flex_column_div av-zero-column-padding first  avia-builder-el-4  el_after_av_one_full  el_before_av_hr  column-top-margin\" style='border-radius:0px; '><section class=\"av_textblock_section \"  itemscope=\"itemscope\" itemtype=\"https:\/\/schema.org\/BlogPosting\" itemprop=\"blogPost\" ><div class='avia_textblock  '   itemprop=\"text\" ><p style=\"font-weight: 400; text-align: justify;\">Comunidades educativas, clubes de adultos mayores y asociaciones deportivas, entre otras organizaciones de diversos puntos de la regi\u00f3n, han concluido favorablemente sus proyectos financiados por el Fondo Social Presidente de la Rep\u00fablica.<\/p>\n<p style=\"font-weight: 400; text-align: justify;\">Se trata de organizaciones sin fines de lucro, que contribuyen a construir y aumentar el tejido social, potenciando la participaci\u00f3n ciudadana. Entre ellas, el Centro General de Padres de la escuela de Villa La Tapera, una de las 27 organizaciones de la provincia de Coyhaique, que materializaron proyectos aprobados el a\u00f1o pasado por el Fondo Social.<\/p>\n<p style=\"font-weight: 400; text-align: justify;\">\u201cNosotros postulamos el a\u00f1o pasado al Fondo Social Presidente de la Rep\u00fablica, con el que adquirimos insumos y materiales para implementar la biblioteca. Gracias a esto nuestros hijos tienen un espacio mucho m\u00e1s c\u00f3modo para fomentar la lectura y seguir aprendiendo, as\u00ed es que estamos muy contentos de que estos fondos lleguen a sectores tan apartados como La Tapera\u201d, se\u00f1al\u00f3 Katherine Troncoso, presidenta del Centro de Padres.<\/p>\n<p style=\"font-weight: 400; text-align: justify;\">El Delegado Presidencial Regional, Jorge D\u00edaz Guzm\u00e1n, constat\u00f3 la materializaci\u00f3n de proyectos como el Villa La Tapera, acompa\u00f1ado por la seremi de Educaci\u00f3n Katherine Miqueles, destacando la importancia de respaldar el trabajo colectivo que desarrollan las organizaciones comunitarias de la Regi\u00f3n de Ays\u00e9n.<\/p>\n<p style=\"font-weight: 400; text-align: justify;\">\u201cComo Gobierno no podemos estar m\u00e1s contentos de que el Fondo Presidente de la Rep\u00fablica -que es una ayuda a las organizaciones comunitarias, sobre todo, en lugares m\u00e1s remotos-, permita concretar iniciativas para generar m\u00e1s oportunidades. Este proyecto va a ser beneficioso para toda la comunidad escolar, con elementos tecnol\u00f3gicos que son fundamentales, as\u00ed es que estamos muy contentos de que la escuela rural de La Tapera acceda a este fondo y felicito la iniciativa\u201d, subray\u00f3.<\/p>\n<p style=\"font-weight: 400; text-align: justify;\">Otro de los proyectos corresponde a la implementaci\u00f3n con mobiliario b\u00e1sico de la sede del Club de Adultos Mayores de Villa Amengual, donde participan cerca de 40 asociadas y asociados, encabezados por su presidente V\u00edctor Arias Carrillo.<\/p>\n<p style=\"font-weight: 400; text-align: justify;\">\u201cEl proyecto consisti\u00f3 en implementar la sede, porque no ten\u00edamos sillas, mesas, muebles. Fue bueno y todo sali\u00f3 bien y hay varios proyectos que se pueden hacer, ahora estamos postulando a un proyecto de Senama para implementaci\u00f3n de la cocina y tambi\u00e9n sali\u00f3\u201d, resalt\u00f3.<\/p>\n<p style=\"font-weight: 400; text-align: justify;\">Entre las organizaciones que han concluido proyectos este a\u00f1o est\u00e1n tambi\u00e9n el Comit\u00e9 de Horticultores R\u00edo Claro-Coyhaique Bajo, Agrupaci\u00f3n de Amigos Comunidad Cristiana San Jos\u00e9, Club Deportivo \u00c1rbitros ANFA Coyhaique, Club Deportivo Seis Lagunas, Fundaci\u00f3n Vida son A\u00f1os, Junta Vecinal N\u00b022 \u00d1irehuao y Club Deportivo Balmaceda.<\/p>\n<\/div><\/section><\/div><div  style='height:50px' class='hr hr-invisible   avia-builder-el-6  el_after_av_one_full  el_before_av_social_share '><span class='hr-inner ' ><span class='hr-inner-style'><\/span><\/span><\/div><\/p>\n<div  class='av-social-sharing-box  avia-builder-el-7  el_after_av_hr  el_before_av_hr  '><div class='av-share-box'><h5 class='av-share-link-description av-no-toc '>Compartir esta noticia<\/h5><ul class='av-share-box-list noLightbox'><li class='av-share-link av-social-link-facebook' ><a target=\"_blank\" aria-label=\"Compartir en Facebook\" href='https:\/\/www.facebook.com\/sharer.php?u=https:\/\/radiorevelacionfm.cl\/?p=59569&#038;t=Organizaciones%20culminan%20proyectos%20del%20Fondo%20Social%20Presidente%20de%20la%20Rep%C3%BAblica' aria-hidden='false' data-av_icon='\ue8f3' data-av_iconfont='entypo-fontello' title='' data-avia-related-tooltip='Compartir en Facebook' rel=\"noopener\"><span class='avia_hidden_link_text'>Compartir en Facebook<\/span><\/a><\/li><li class='av-share-link av-social-link-twitter' ><a target=\"_blank\" aria-label=\"Compartir en Twitter\" href='https:\/\/twitter.com\/share?text=Organizaciones%20culminan%20proyectos%20del%20Fondo%20Social%20Presidente%20de%20la%20Rep%C3%BAblica&#038;url=https:\/\/radiorevelacionfm.cl\/?p=59569' aria-hidden='false' data-av_icon='\ue8f1' data-av_iconfont='entypo-fontello' title='' data-avia-related-tooltip='Compartir en Twitter' rel=\"noopener\"><span class='avia_hidden_link_text'>Compartir en Twitter<\/span><\/a><\/li><li class='av-share-link av-social-link-whatsapp' ><a target=\"_blank\" aria-label=\"Compartir en Whatsapp\" href='https:\/\/api.whatsapp.com\/send?text=https:\/\/radiorevelacionfm.cl\/?p=59569' aria-hidden='false' data-av_icon='\uf232' data-av_iconfont='entypo-fontello' title='' data-avia-related-tooltip='Compartir en Whatsapp' rel=\"noopener\"><span class='avia_hidden_link_text'>Compartir en Whatsapp<\/span><\/a><\/li><li class='av-share-link av-social-link-linkedin' ><a target=\"_blank\" aria-label=\"Compartir en LinkedIn\" href='https:\/\/linkedin.com\/shareArticle?mini=true&#038;title=Organizaciones%20culminan%20proyectos%20del%20Fondo%20Social%20Presidente%20de%20la%20Rep%C3%BAblica&#038;url=https:\/\/radiorevelacionfm.cl\/?p=59569' aria-hidden='false' data-av_icon='\ue8fc' data-av_iconfont='entypo-fontello' title='' data-avia-related-tooltip='Compartir en LinkedIn' rel=\"noopener\"><span class='avia_hidden_link_text'>Compartir en LinkedIn<\/span><\/a><\/li><li class='av-share-link av-social-link-mail' ><a  aria-label=\"Compartir por correo\" href='mailto:?subject=Organizaciones%20culminan%20proyectos%20del%20Fondo%20Social%20Presidente%20de%20la%20Rep%C3%BAblica&#038;body=https:\/\/radiorevelacionfm.cl\/?p=59569' aria-hidden='false' data-av_icon='\ue805' data-av_iconfont='entypo-fontello' title='' data-avia-related-tooltip='Compartir por correo'><span class='avia_hidden_link_text'>Compartir por correo<\/span><\/a><\/li><\/ul><\/div><\/div>\n<div  style='height:50px' class='hr hr-invisible   avia-builder-el-8  el_after_av_social_share  el_before_av_comments_list '><span class='hr-inner ' ><span class='hr-inner-style'><\/span><\/span><\/div>\n<div  class='av-buildercomment  av-blog-meta-html-info-disabled av-blog-meta-tag-disabled  '><\/div>\n","protected":false},"excerpt":{"rendered":"","protected":false},"author":1,"featured_media":59570,"comment_status":"closed","ping_status":"closed","sticky":false,"template":"","format":"standard","meta":{"footnotes":""},"categories":[38],"tags":[],"class_list":["post-59569","post","type-post","status-publish","format-standard","has-post-thumbnail","hentry","category-regional"],"jetpack_featured_media_url":"https:\/\/radiorevelacionfm.cl\/wp-content\/uploads\/2025\/09\/IMG_5650-1-1.jpg","_links":{"self":[{"href":"https:\/\/radiorevelacionfm.cl\/index.php?rest_route=\/wp\/v2\/posts\/59569","targetHints":{"allow":["GET"]}}],"collection":[{"href":"https:\/\/radiorevelacionfm.cl\/index.php?rest_route=\/wp\/v2\/posts"}],"about":[{"href":"https:\/\/radiorevelacionfm.cl\/index.php?rest_route=\/wp\/v2\/types\/post"}],"author":[{"embeddable":true,"href":"https:\/\/radiorevelacionfm.cl\/index.php?rest_route=\/wp\/v2\/users\/1"}],"replies":[{"embeddable":true,"href":"https:\/\/radiorevelacionfm.cl\/index.php?rest_route=%2Fwp%2Fv2%2Fcomments&post=59569"}],"version-history":[{"count":2,"href":"https:\/\/radiorevelacionfm.cl\/index.php?rest_route=\/wp\/v2\/posts\/59569\/revisions"}],"predecessor-version":[{"id":59572,"href":"https:\/\/radiorevelacionfm.cl\/index.php?rest_route=\/wp\/v2\/posts\/59569\/revisions\/59572"}],"wp:featuredmedia":[{"embeddable":true,"href":"https:\/\/radiorevelacionfm.cl\/index.php?rest_route=\/wp\/v2\/media\/59570"}],"wp:attachment":[{"href":"https:\/\/radiorevelacionfm.cl\/index.php?rest_route=%2Fwp%2Fv2%2Fmedia&parent=59569"}],"wp:term":[{"taxonomy":"category","embeddable":true,"href":"https:\/\/radiorevelacionfm.cl\/index.php?rest_route=%2Fwp%2Fv2%2Fcategories&post=59569"},{"taxonomy":"post_tag","embeddable":true,"href":"https:\/\/radiorevelacionfm.cl\/index.php?rest_route=%2Fwp%2Fv2%2Ftags&post=59569"}],"curies":[{"name":"wp","href":"https:\/\/api.w.org\/{rel}","templated":true}]}}