{"id":59564,"date":"2025-09-26T10:48:32","date_gmt":"2025-09-26T13:48:32","guid":{"rendered":"https:\/\/radiorevelacionfm.cl\/?p=59564"},"modified":"2025-09-26T10:48:32","modified_gmt":"2025-09-26T13:48:32","slug":"pymes-de-turismo-de-coyhaique-se-capacitan-en-gestion-energetica","status":"publish","type":"post","link":"https:\/\/radiorevelacionfm.cl\/?p=59564","title":{"rendered":"PyMEs de Turismo de Coyhaique se capacitan en Gesti\u00f3n Energ\u00e9tica"},"content":{"rendered":"<div class=\"flex_column av_one_full  flex_column_div av-zero-column-padding first  avia-builder-el-0  el_before_av_one_full  avia-builder-el-first  \" style='border-radius:0px; '><div  class='avia-image-container  av-styling-    avia-builder-el-1  avia-builder-el-no-sibling  avia-align-center '  itemprop=\"image\" itemscope=\"itemscope\" itemtype=\"https:\/\/schema.org\/ImageObject\"  ><div class='avia-image-container-inner'><div class='avia-image-overlay-wrap'><img decoding=\"async\" class='wp-image-59565 avia-img-lazy-loading-not-59565 avia_image' src=\"https:\/\/radiorevelacionfm.cl\/wp-content\/uploads\/2025\/09\/foto1-12-1_optimized.jpeg\" alt='' title='foto1-(12)-(1)_optimized' height=\"600\" width=\"800\"  itemprop=\"thumbnailUrl\" srcset=\"https:\/\/radiorevelacionfm.cl\/wp-content\/uploads\/2025\/09\/foto1-12-1_optimized.jpeg 800w, https:\/\/radiorevelacionfm.cl\/wp-content\/uploads\/2025\/09\/foto1-12-1_optimized-300x225.jpeg 300w, https:\/\/radiorevelacionfm.cl\/wp-content\/uploads\/2025\/09\/foto1-12-1_optimized-768x576.jpeg 768w, https:\/\/radiorevelacionfm.cl\/wp-content\/uploads\/2025\/09\/foto1-12-1_optimized-705x529.jpeg 705w, https:\/\/radiorevelacionfm.cl\/wp-content\/uploads\/2025\/09\/foto1-12-1_optimized-450x338.jpeg 450w, https:\/\/radiorevelacionfm.cl\/wp-content\/uploads\/2025\/09\/foto1-12-1_optimized-600x450.jpeg 600w\" sizes=\"(max-width: 800px) 100vw, 800px\" \/><\/div><\/div><\/div><\/div><div class=\"flex_column av_one_full  flex_column_div av-zero-column-padding first  avia-builder-el-2  el_after_av_one_full  el_before_av_one_full  column-top-margin\" style='border-radius:0px; '><section class=\"av_textblock_section \"  itemscope=\"itemscope\" itemtype=\"https:\/\/schema.org\/BlogPosting\" itemprop=\"blogPost\" ><div class='avia_textblock  '   itemprop=\"text\" ><p style=\"text-align: center;\"><strong><span style=\"font-size: 18pt;\">PyMEs de Turismo de Coyhaique se capacitan en Gesti\u00f3n Energ\u00e9tica <\/span><\/strong><\/p>\n<div id=\"gtx-trans\" style=\"position: absolute; left: -50px; top: 4.31534px;\">\n<div class=\"gtx-trans-icon\"><\/div>\n<\/div>\n<\/div><\/section><\/div><div class=\"flex_column av_one_full  flex_column_div av-zero-column-padding first  avia-builder-el-4  el_after_av_one_full  el_before_av_hr  column-top-margin\" style='border-radius:0px; '><section class=\"av_textblock_section \"  itemscope=\"itemscope\" itemtype=\"https:\/\/schema.org\/BlogPosting\" itemprop=\"blogPost\" ><div class='avia_textblock  '   itemprop=\"text\" ><p style=\"text-align: justify;\">Con el objetivo de entregar herramientas concretas para mejorar la eficiencia en el consumo energ\u00e9tico de los emprendimientos tur\u00edsticos de la regi\u00f3n, se desarroll\u00f3 en Coyhaique el taller \u201cGestiona Energ\u00eda para PyMEs del sector Turismo regional\u201d. La instancia fue organizada por la SEREMI de Energ\u00eda de Ays\u00e9n en conjunto con la SEREMI de Econom\u00eda, CORFO, SERCOTEC, SERNATUR y representantes de gremios empresariales de la regi\u00f3n.<\/p>\n<p style=\"text-align: justify;\">Esta iniciativa dio continuidad al trabajo iniciado previamente en la comuna de Ays\u00e9n, donde se desarroll\u00f3 una charla dirigida a Pymes locales para presentar herramientas de diagn\u00f3stico energ\u00e9tico y gesti\u00f3n de la energ\u00eda. Con ello, se busca aportar progresivamente conocimientos t\u00e9cnicos a emprendedores de la regi\u00f3n, fortaleciendo sus capacidades y promoviendo el uso eficiente de la energ\u00eda en distintos sectores productivos.<\/p>\n<p style=\"text-align: justify;\">Durante la jornada, Nicol\u00e1s Carbone, profesional de eficiencia energ\u00e9tica de la SEREMI de Energ\u00eda, lider\u00f3 un bloque pr\u00e1ctico que incluy\u00f3 una introducci\u00f3n a conceptos claves, identificaci\u00f3n de los principales consumos energ\u00e9ticos en los negocios y present\u00f3 la herramienta de autodiagn\u00f3stico energ\u00e9tico \u201cPotencial de Eficiencia Energ\u00e9tica y Energ\u00edas Renovables\u201d que permite registrar, analizar y controlar el uso de la energ\u00eda.<\/p>\n<p style=\"text-align: justify;\">Los participantes recibieron capacitaci\u00f3n en buenas pr\u00e1cticas de eficiencia energ\u00e9tica, acceso a instrumentos de fomento tanto de CORFO como de SERCOTEC y conocieron alternativas concretas para implementar soluciones sostenibles, adem\u00e1s de conocer herramientas que les permitir\u00e1n reducir costos operativos, aumentar su competitividad y contribuir al desarrollo de un turismo responsable en Ays\u00e9n con bajas emisiones.<\/p>\n<p style=\"text-align: justify;\">Al respecto, el Seremi de Energ\u00eda (s) Felipe Rojas se\u00f1al\u00f3 que \u201ceste tipo de instancias fortalecen a nuestras Mipymes, entreg\u00e1ndoles herramientas pr\u00e1cticas que les permiten optimizar su gesti\u00f3n, avanzar en sostenibilidad y responder a la creciente demanda de los turistas por servicios m\u00e1s responsables con el medioambiente. Como Ministerio de Energ\u00eda estamos convencidos de que la eficiencia energ\u00e9tica no solo genera ahorros, sino que tambi\u00e9n abre oportunidades para que nuestras empresas se posicionen con una oferta m\u00e1s atractiva y competitiva en un mercado tur\u00edstico cada vez m\u00e1s exigente\u201d.<\/p>\n<p style=\"text-align: justify;\">La empresaria Cecilia Cort\u00e9s, due\u00f1a del Hotel Ra\u00edces y el Restaurant Casa Cipres se\u00f1al\u00f3 que \u201cla actividad de hoy me encant\u00f3 estoy fascinada, muy contenta que el Ministerio de Energ\u00eda este difundiendo. Nos dejaron capacitad\u00edsimos para hacer nuestras evaluaciones de las instalaciones que tenemos, nos invitaron a ir a sus oficinas a salir de dudas. Mira la verdad es lo que necesitamos, y a partir de ahora es trabajar la invitaci\u00f3n y a acercarse a la Seremi de Energ\u00eda\u201d.<\/p>\n<p style=\"text-align: justify;\">Por su parte, Tob\u00edas Hellwing, Gerente de TMS Energ\u00eda, quienes ha implementado proyectos exitosos de eficiencia energ\u00e9tica en el sector turismo destac\u00f3 que \u201cagradezco a la Seremi por invitarnos a esta actividad porque que es muy relevante hablar de energ\u00eda, que todos entendamos la importancia de medir y cuantificar a trav\u00e9s de las herramientas que nos presentaron, pero tambi\u00e9n conocer que alternativas de ahorro, de eficiencia energ\u00e9tica que podemos implementar. Donde poner el ojo, donde buscar alternativas, tenemos muchas alternativas y nosotros como empresa vinimos a presentar casos de \u00e9xito y proyectos bonitos que hemos implementado\u201d.<\/p>\n<p style=\"text-align: justify;\">La actividad forma parte del trabajo interinstitucional para impulsar la eficiencia energ\u00e9tica en sectores estrat\u00e9gicos de la regi\u00f3n y se enmarca en el compromiso del Gobierno del Presidente Gabriel Boric con el desarrollo sostenible y el apoyo a las Pymes.<\/p>\n<\/div><\/section><\/div><div  style='height:50px' class='hr hr-invisible   avia-builder-el-6  el_after_av_one_full  el_before_av_social_share '><span class='hr-inner ' ><span class='hr-inner-style'><\/span><\/span><\/div><\/p>\n<div  class='av-social-sharing-box  avia-builder-el-7  el_after_av_hr  el_before_av_hr  '><div class='av-share-box'><h5 class='av-share-link-description av-no-toc '>Compartir esta noticia<\/h5><ul class='av-share-box-list noLightbox'><li class='av-share-link av-social-link-facebook' ><a target=\"_blank\" aria-label=\"Compartir en Facebook\" href='https:\/\/www.facebook.com\/sharer.php?u=https:\/\/radiorevelacionfm.cl\/?p=59564&#038;t=PyMEs%20de%20Turismo%20de%20Coyhaique%20se%20capacitan%20en%20Gesti%C3%B3n%20Energ%C3%A9tica' aria-hidden='false' data-av_icon='\ue8f3' data-av_iconfont='entypo-fontello' title='' data-avia-related-tooltip='Compartir en Facebook' rel=\"noopener\"><span class='avia_hidden_link_text'>Compartir en Facebook<\/span><\/a><\/li><li class='av-share-link av-social-link-twitter' ><a target=\"_blank\" aria-label=\"Compartir en Twitter\" href='https:\/\/twitter.com\/share?text=PyMEs%20de%20Turismo%20de%20Coyhaique%20se%20capacitan%20en%20Gesti%C3%B3n%20Energ%C3%A9tica&#038;url=https:\/\/radiorevelacionfm.cl\/?p=59564' aria-hidden='false' data-av_icon='\ue8f1' data-av_iconfont='entypo-fontello' title='' data-avia-related-tooltip='Compartir en Twitter' rel=\"noopener\"><span class='avia_hidden_link_text'>Compartir en Twitter<\/span><\/a><\/li><li class='av-share-link av-social-link-whatsapp' ><a target=\"_blank\" aria-label=\"Compartir en Whatsapp\" href='https:\/\/api.whatsapp.com\/send?text=https:\/\/radiorevelacionfm.cl\/?p=59564' aria-hidden='false' data-av_icon='\uf232' data-av_iconfont='entypo-fontello' title='' data-avia-related-tooltip='Compartir en Whatsapp' rel=\"noopener\"><span class='avia_hidden_link_text'>Compartir en Whatsapp<\/span><\/a><\/li><li class='av-share-link av-social-link-linkedin' ><a target=\"_blank\" aria-label=\"Compartir en LinkedIn\" href='https:\/\/linkedin.com\/shareArticle?mini=true&#038;title=PyMEs%20de%20Turismo%20de%20Coyhaique%20se%20capacitan%20en%20Gesti%C3%B3n%20Energ%C3%A9tica&#038;url=https:\/\/radiorevelacionfm.cl\/?p=59564' aria-hidden='false' data-av_icon='\ue8fc' data-av_iconfont='entypo-fontello' title='' data-avia-related-tooltip='Compartir en LinkedIn' rel=\"noopener\"><span class='avia_hidden_link_text'>Compartir en LinkedIn<\/span><\/a><\/li><li class='av-share-link av-social-link-mail' ><a  aria-label=\"Compartir por correo\" href='mailto:?subject=PyMEs%20de%20Turismo%20de%20Coyhaique%20se%20capacitan%20en%20Gesti%C3%B3n%20Energ%C3%A9tica&#038;body=https:\/\/radiorevelacionfm.cl\/?p=59564' aria-hidden='false' data-av_icon='\ue805' data-av_iconfont='entypo-fontello' title='' data-avia-related-tooltip='Compartir por correo'><span class='avia_hidden_link_text'>Compartir por correo<\/span><\/a><\/li><\/ul><\/div><\/div>\n<div  style='height:50px' class='hr hr-invisible   avia-builder-el-8  el_after_av_social_share  el_before_av_comments_list '><span class='hr-inner ' ><span class='hr-inner-style'><\/span><\/span><\/div>\n<div  class='av-buildercomment  av-blog-meta-html-info-disabled av-blog-meta-tag-disabled  '><\/div>\n","protected":false},"excerpt":{"rendered":"","protected":false},"author":1,"featured_media":59565,"comment_status":"closed","ping_status":"closed","sticky":false,"template":"","format":"standard","meta":{"footnotes":""},"categories":[38],"tags":[],"class_list":["post-59564","post","type-post","status-publish","format-standard","has-post-thumbnail","hentry","category-regional"],"jetpack_featured_media_url":"https:\/\/radiorevelacionfm.cl\/wp-content\/uploads\/2025\/09\/foto1-12-1_optimized.jpeg","_links":{"self":[{"href":"https:\/\/radiorevelacionfm.cl\/index.php?rest_route=\/wp\/v2\/posts\/59564","targetHints":{"allow":["GET"]}}],"collection":[{"href":"https:\/\/radiorevelacionfm.cl\/index.php?rest_route=\/wp\/v2\/posts"}],"about":[{"href":"https:\/\/radiorevelacionfm.cl\/index.php?rest_route=\/wp\/v2\/types\/post"}],"author":[{"embeddable":true,"href":"https:\/\/radiorevelacionfm.cl\/index.php?rest_route=\/wp\/v2\/users\/1"}],"replies":[{"embeddable":true,"href":"https:\/\/radiorevelacionfm.cl\/index.php?rest_route=%2Fwp%2Fv2%2Fcomments&post=59564"}],"version-history":[{"count":2,"href":"https:\/\/radiorevelacionfm.cl\/index.php?rest_route=\/wp\/v2\/posts\/59564\/revisions"}],"predecessor-version":[{"id":59568,"href":"https:\/\/radiorevelacionfm.cl\/index.php?rest_route=\/wp\/v2\/posts\/59564\/revisions\/59568"}],"wp:featuredmedia":[{"embeddable":true,"href":"https:\/\/radiorevelacionfm.cl\/index.php?rest_route=\/wp\/v2\/media\/59565"}],"wp:attachment":[{"href":"https:\/\/radiorevelacionfm.cl\/index.php?rest_route=%2Fwp%2Fv2%2Fmedia&parent=59564"}],"wp:term":[{"taxonomy":"category","embeddable":true,"href":"https:\/\/radiorevelacionfm.cl\/index.php?rest_route=%2Fwp%2Fv2%2Fcategories&post=59564"},{"taxonomy":"post_tag","embeddable":true,"href":"https:\/\/radiorevelacionfm.cl\/index.php?rest_route=%2Fwp%2Fv2%2Ftags&post=59564"}],"curies":[{"name":"wp","href":"https:\/\/api.w.org\/{rel}","templated":true}]}}