{"id":5956,"date":"2021-07-05T19:05:53","date_gmt":"2021-07-05T22:05:53","guid":{"rendered":"https:\/\/radiorevelacionfm.cl\/?p=5956"},"modified":"2021-07-05T19:17:39","modified_gmt":"2021-07-05T22:17:39","slug":"comunas-de-cisnes-aysen-y-coyhaique-salen-de-cuarentena-a-contar-del-proximo-jueves-08","status":"publish","type":"post","link":"https:\/\/radiorevelacionfm.cl\/?p=5956","title":{"rendered":"Comunas de Cisnes, Ays\u00e9n y Coyhaique salen de cuarentena a contar del pr\u00f3ximo jueves 08"},"content":{"rendered":"<div class=\"flex_column av_one_full  flex_column_div av-zero-column-padding first  avia-builder-el-0  el_before_av_one_full  avia-builder-el-first  \" style='border-radius:0px; '><div  class='avia-image-container  av-styling-    avia-builder-el-1  avia-builder-el-no-sibling  avia-align-center '  itemprop=\"image\" itemscope=\"itemscope\" itemtype=\"https:\/\/schema.org\/ImageObject\"  ><div class='avia-image-container-inner'><div class='avia-image-overlay-wrap'><img decoding=\"async\" class='wp-image-5957 avia-img-lazy-loading-not-5957 avia_image' src=\"https:\/\/radiorevelacionfm.cl\/wp-content\/uploads\/2021\/07\/cisnes3-1_optimized.jpg\" alt='' title='cisnes3-(1)_optimized' height=\"600\" width=\"900\"  itemprop=\"thumbnailUrl\" srcset=\"https:\/\/radiorevelacionfm.cl\/wp-content\/uploads\/2021\/07\/cisnes3-1_optimized.jpg 900w, https:\/\/radiorevelacionfm.cl\/wp-content\/uploads\/2021\/07\/cisnes3-1_optimized-300x200.jpg 300w, https:\/\/radiorevelacionfm.cl\/wp-content\/uploads\/2021\/07\/cisnes3-1_optimized-768x512.jpg 768w, https:\/\/radiorevelacionfm.cl\/wp-content\/uploads\/2021\/07\/cisnes3-1_optimized-705x470.jpg 705w, https:\/\/radiorevelacionfm.cl\/wp-content\/uploads\/2021\/07\/cisnes3-1_optimized-600x400.jpg 600w\" sizes=\"(max-width: 900px) 100vw, 900px\" \/><\/div><\/div><\/div><\/div><div class=\"flex_column av_one_full  flex_column_div av-zero-column-padding first  avia-builder-el-2  el_after_av_one_full  el_before_av_one_full  column-top-margin\" style='border-radius:0px; '><section class=\"av_textblock_section \"  itemscope=\"itemscope\" itemtype=\"https:\/\/schema.org\/BlogPosting\" itemprop=\"blogPost\" ><div class='avia_textblock  '   itemprop=\"text\" ><p style=\"text-align: center;\"><strong><span style=\"font-size: 18pt;\">Comunas de Cisnes, Ays\u00e9n y Coyhaique salen de cuarentena a contar del pr\u00f3ximo jueves 08\u00a0<\/span><\/strong><\/p>\n<div id=\"gtx-trans\" style=\"position: absolute; left: -50px; top: 4.31534px;\">\n<div class=\"gtx-trans-icon\"><\/div>\n<\/div>\n<\/div><\/section><\/div><div class=\"flex_column av_one_full  flex_column_div av-zero-column-padding first  avia-builder-el-4  el_after_av_one_full  el_before_av_hr  column-top-margin\" style='border-radius:0px; '><section class=\"av_textblock_section \"  itemscope=\"itemscope\" itemtype=\"https:\/\/schema.org\/BlogPosting\" itemprop=\"blogPost\" ><div class='avia_textblock  '   itemprop=\"text\" ><p style=\"text-align: justify;\">Luego de confirmarse la medida de desconfinamiento, la Intendenta Margarita Ossa Rojas explic\u00f3 que \u201chace algunos minutos recib\u00ed una llamada del Presidente Sebasti\u00e1n Pi\u00f1era quien nos comunic\u00f3 con mucha alegr\u00eda que nuestra regi\u00f3n avanza de fase, avanzan las comunas de Cisnes, Ays\u00e9n y Coyhaique lo que es por supuesto una muy buena noticia\u201d, dijo.<\/p>\n<p style=\"text-align: justify;\">En esa misma l\u00ednea, la Ejecutivo Regional \u201cse debe a un esfuerzo enorme que han hecho los habitantes de nuestra regi\u00f3n por su buen comportamiento y disminuir as\u00ed la positividad; quiero agradecerles a todos porque es ese esfuerzo el que hoy rinde frutos y nos permite seguir avanzando. Manteng\u00e1monos as\u00ed, es importante seguir avanzando a nuevas fases y es algo que nos convoca a todos nosotros y adem\u00e1s hago un nuevo llamado a vacunarnos, es elemental para conseguir nuevas aperturas en especial para beneficiar a todos aquellos emprendedores que han visto cerrado sus negocios y que no han podido atender ni trabajar a ra\u00edz de esta pandemia\u201d, agreg\u00f3.<\/p>\n<p style=\"text-align: justify;\">Por su parte desde la seremi de Salud, su titular, Alejandra Valdebenito Torres, se\u00f1al\u00f3 que \u201cllevamos 4 semanas de un descenso de nuestros casos, hemos disminuido en positividad, hemos disminuido en ocupaci\u00f3n de camas cr\u00edticas, y esta ha generado que podamos pasar a fase 2 a contar de este jueves\u201d.<\/p>\n<p style=\"text-align: justify;\">Al igual que la Intendenta Regional, la secretaria regional ministerial de salud indic\u00f3 que el factor clave de esta determinaci\u00f3n fue el comportamiento de la poblaci\u00f3n de las tres comunas.<\/p>\n<p style=\"text-align: justify;\">\u201cSin duda alguna que la respuesta de ciudadan\u00eda ha sido en gran parte responsable de este aumento de fase en las comunas de Coyhaique, Cisnes y Ays\u00e9n, pero, debemos seguir entregando respuesta a nuestra gente y para eso, necesitamos que mantengamos nuestras medidas de autocuidado y por supuesto seguir aumentado nuestra cobertura en vacunaci\u00f3n para que todas las personas mayores de 18 a\u00f1os estemos vacunados hoy d\u00eda contra el Covid-19\u201d, concluy\u00f3.<\/p>\n<\/div><\/section><\/div><div  style='height:50px' class='hr hr-invisible   avia-builder-el-6  el_after_av_one_full  el_before_av_social_share '><span class='hr-inner ' ><span class='hr-inner-style'><\/span><\/span><\/div><\/p>\n<div  class='av-social-sharing-box  avia-builder-el-7  el_after_av_hr  el_before_av_hr  '><div class='av-share-box'><h5 class='av-share-link-description av-no-toc '>Compartir esta noticia<\/h5><ul class='av-share-box-list noLightbox'><li class='av-share-link av-social-link-facebook' ><a target=\"_blank\" aria-label=\"Compartir en Facebook\" href='https:\/\/www.facebook.com\/sharer.php?u=https:\/\/radiorevelacionfm.cl\/?p=5956&#038;t=Comunas%20de%20Cisnes%2C%20Ays%C3%A9n%20y%20Coyhaique%20salen%20de%20cuarentena%20a%20contar%20del%20pr%C3%B3ximo%20jueves%2008' aria-hidden='false' data-av_icon='\ue8f3' data-av_iconfont='entypo-fontello' title='' data-avia-related-tooltip='Compartir en Facebook' rel=\"noopener\"><span class='avia_hidden_link_text'>Compartir en Facebook<\/span><\/a><\/li><li class='av-share-link av-social-link-twitter' ><a target=\"_blank\" aria-label=\"Compartir en Twitter\" href='https:\/\/twitter.com\/share?text=Comunas%20de%20Cisnes%2C%20Ays%C3%A9n%20y%20Coyhaique%20salen%20de%20cuarentena%20a%20contar%20del%20pr%C3%B3ximo%20jueves%2008&#038;url=https:\/\/radiorevelacionfm.cl\/?p=5956' aria-hidden='false' data-av_icon='\ue8f1' data-av_iconfont='entypo-fontello' title='' data-avia-related-tooltip='Compartir en Twitter' rel=\"noopener\"><span class='avia_hidden_link_text'>Compartir en Twitter<\/span><\/a><\/li><li class='av-share-link av-social-link-whatsapp' ><a target=\"_blank\" aria-label=\"Compartir en Whatsapp\" href='https:\/\/api.whatsapp.com\/send?text=https:\/\/radiorevelacionfm.cl\/?p=5956' aria-hidden='false' data-av_icon='\uf232' data-av_iconfont='entypo-fontello' title='' data-avia-related-tooltip='Compartir en Whatsapp' rel=\"noopener\"><span class='avia_hidden_link_text'>Compartir en Whatsapp<\/span><\/a><\/li><li class='av-share-link av-social-link-linkedin' ><a target=\"_blank\" aria-label=\"Compartir en LinkedIn\" href='https:\/\/linkedin.com\/shareArticle?mini=true&#038;title=Comunas%20de%20Cisnes%2C%20Ays%C3%A9n%20y%20Coyhaique%20salen%20de%20cuarentena%20a%20contar%20del%20pr%C3%B3ximo%20jueves%2008&#038;url=https:\/\/radiorevelacionfm.cl\/?p=5956' aria-hidden='false' data-av_icon='\ue8fc' data-av_iconfont='entypo-fontello' title='' data-avia-related-tooltip='Compartir en LinkedIn' rel=\"noopener\"><span class='avia_hidden_link_text'>Compartir en LinkedIn<\/span><\/a><\/li><li class='av-share-link av-social-link-mail' ><a  aria-label=\"Compartir por correo\" href='mailto:?subject=Comunas%20de%20Cisnes%2C%20Ays%C3%A9n%20y%20Coyhaique%20salen%20de%20cuarentena%20a%20contar%20del%20pr%C3%B3ximo%20jueves%2008&#038;body=https:\/\/radiorevelacionfm.cl\/?p=5956' aria-hidden='false' data-av_icon='\ue805' data-av_iconfont='entypo-fontello' title='' data-avia-related-tooltip='Compartir por correo'><span class='avia_hidden_link_text'>Compartir por correo<\/span><\/a><\/li><\/ul><\/div><\/div>\n<div  style='height:50px' class='hr hr-invisible   avia-builder-el-8  el_after_av_social_share  el_before_av_comments_list '><span class='hr-inner ' ><span class='hr-inner-style'><\/span><\/span><\/div>\n<div  class='av-buildercomment  av-blog-meta-html-info-disabled av-blog-meta-tag-disabled  '><\/div>\n","protected":false},"excerpt":{"rendered":"","protected":false},"author":1,"featured_media":5957,"comment_status":"open","ping_status":"open","sticky":false,"template":"","format":"standard","meta":{"footnotes":""},"categories":[38],"tags":[],"class_list":["post-5956","post","type-post","status-publish","format-standard","has-post-thumbnail","hentry","category-regional"],"jetpack_featured_media_url":"https:\/\/radiorevelacionfm.cl\/wp-content\/uploads\/2021\/07\/cisnes3-1_optimized.jpg","_links":{"self":[{"href":"https:\/\/radiorevelacionfm.cl\/index.php?rest_route=\/wp\/v2\/posts\/5956","targetHints":{"allow":["GET"]}}],"collection":[{"href":"https:\/\/radiorevelacionfm.cl\/index.php?rest_route=\/wp\/v2\/posts"}],"about":[{"href":"https:\/\/radiorevelacionfm.cl\/index.php?rest_route=\/wp\/v2\/types\/post"}],"author":[{"embeddable":true,"href":"https:\/\/radiorevelacionfm.cl\/index.php?rest_route=\/wp\/v2\/users\/1"}],"replies":[{"embeddable":true,"href":"https:\/\/radiorevelacionfm.cl\/index.php?rest_route=%2Fwp%2Fv2%2Fcomments&post=5956"}],"version-history":[{"count":1,"href":"https:\/\/radiorevelacionfm.cl\/index.php?rest_route=\/wp\/v2\/posts\/5956\/revisions"}],"predecessor-version":[{"id":5958,"href":"https:\/\/radiorevelacionfm.cl\/index.php?rest_route=\/wp\/v2\/posts\/5956\/revisions\/5958"}],"wp:featuredmedia":[{"embeddable":true,"href":"https:\/\/radiorevelacionfm.cl\/index.php?rest_route=\/wp\/v2\/media\/5957"}],"wp:attachment":[{"href":"https:\/\/radiorevelacionfm.cl\/index.php?rest_route=%2Fwp%2Fv2%2Fmedia&parent=5956"}],"wp:term":[{"taxonomy":"category","embeddable":true,"href":"https:\/\/radiorevelacionfm.cl\/index.php?rest_route=%2Fwp%2Fv2%2Fcategories&post=5956"},{"taxonomy":"post_tag","embeddable":true,"href":"https:\/\/radiorevelacionfm.cl\/index.php?rest_route=%2Fwp%2Fv2%2Ftags&post=5956"}],"curies":[{"name":"wp","href":"https:\/\/api.w.org\/{rel}","templated":true}]}}