{"id":59554,"date":"2025-09-26T10:09:12","date_gmt":"2025-09-26T13:09:12","guid":{"rendered":"https:\/\/radiorevelacionfm.cl\/?p=59554"},"modified":"2025-09-26T10:11:39","modified_gmt":"2025-09-26T13:11:39","slug":"mop-realiza-conversatorio-con-empresas-y-consultoras","status":"publish","type":"post","link":"https:\/\/radiorevelacionfm.cl\/?p=59554","title":{"rendered":"MOP realiza conversatorio con empresas constructoras y consultoras"},"content":{"rendered":"<div class=\"flex_column av_one_full  flex_column_div av-zero-column-padding first  avia-builder-el-0  el_before_av_one_full  avia-builder-el-first  \" style='border-radius:0px; '><div  class='avia-image-container  av-styling-    avia-builder-el-1  avia-builder-el-no-sibling  avia-align-center '  itemprop=\"image\" itemscope=\"itemscope\" itemtype=\"https:\/\/schema.org\/ImageObject\"  ><div class='avia-image-container-inner'><div class='avia-image-overlay-wrap'><img decoding=\"async\" class='wp-image-59555 avia-img-lazy-loading-not-59555 avia_image' src=\"https:\/\/radiorevelacionfm.cl\/wp-content\/uploads\/2025\/09\/01-IMG_9807-1-1.jpg\" alt='' title='01 IMG_9807 (1) (1)' height=\"600\" width=\"900\"  itemprop=\"thumbnailUrl\" srcset=\"https:\/\/radiorevelacionfm.cl\/wp-content\/uploads\/2025\/09\/01-IMG_9807-1-1.jpg 900w, https:\/\/radiorevelacionfm.cl\/wp-content\/uploads\/2025\/09\/01-IMG_9807-1-1-300x200.jpg 300w, https:\/\/radiorevelacionfm.cl\/wp-content\/uploads\/2025\/09\/01-IMG_9807-1-1-768x512.jpg 768w, https:\/\/radiorevelacionfm.cl\/wp-content\/uploads\/2025\/09\/01-IMG_9807-1-1-705x470.jpg 705w, https:\/\/radiorevelacionfm.cl\/wp-content\/uploads\/2025\/09\/01-IMG_9807-1-1-450x300.jpg 450w, https:\/\/radiorevelacionfm.cl\/wp-content\/uploads\/2025\/09\/01-IMG_9807-1-1-600x400.jpg 600w\" sizes=\"(max-width: 900px) 100vw, 900px\" \/><\/div><\/div><\/div><\/div>\n<div class=\"flex_column av_one_full  flex_column_div av-zero-column-padding first  avia-builder-el-2  el_after_av_one_full  el_before_av_one_full  column-top-margin\" style='border-radius:0px; '><section class=\"av_textblock_section \"  itemscope=\"itemscope\" itemtype=\"https:\/\/schema.org\/BlogPosting\" itemprop=\"blogPost\" ><div class='avia_textblock  '   itemprop=\"text\" ><p style=\"text-align: center;\"><strong><span style=\"font-size: 18pt;\">MOP realiza conversatorio con empresas constructoras y consultoras <\/span><\/strong><\/p>\n<div id=\"gtx-trans\" style=\"position: absolute; left: -50px; top: 4.31534px;\">\n<div class=\"gtx-trans-icon\"><\/div>\n<\/div>\n<\/div><\/section><\/div><div class=\"flex_column av_one_full  flex_column_div av-zero-column-padding first  avia-builder-el-4  el_after_av_one_full  el_before_av_hr  column-top-margin\" style='border-radius:0px; '><section class=\"av_textblock_section \"  itemscope=\"itemscope\" itemtype=\"https:\/\/schema.org\/BlogPosting\" itemprop=\"blogPost\" ><div class='avia_textblock  '   itemprop=\"text\" ><ul>\n<li style=\"text-align: justify;\"><em>Jefe Nacional del Registro de Contratistas y Consultores del MOP, Mois\u00e9s O\u00f1ate Vallette, viaj\u00f3 especialmente a la regi\u00f3n de Ays\u00e9n esta semana para liderar iniciativa que se constituye como una de las primeras que se realiza en la regi\u00f3n de Ays\u00e9n en el gobierno del presidente Gabriel Boric.<\/em><\/li>\n<\/ul>\n<p style=\"text-align: justify;\">Este jueves 25 de septiembre se realiz\u00f3 un conversatorio entre el Ministerio de Obras P\u00fablicas y las empresas Constructoras y Consultoras, en dependencias de la C\u00e1mara Chilena de la Construcci\u00f3n Filial Coyhaique, actividad liderada por el Jefe Nacional del Registro de Contratistas y Consultores del MOP, Mois\u00e9s O\u00f1ate Vallette.<\/p>\n<p style=\"text-align: justify;\">Al encuentro concurrieron los Directores y las Directoras Regionales y sus equipos, las empresas y consultoras inscritas en el Registro de Contratistas MOP, empresas no registradas y constructoras que se encuentran ejecutando Estudios, Dise\u00f1os, Obras y Asesor\u00edas para el Ministerio de Obras P\u00fablicas, el Vicepresidente de la C\u00e1mara Chilena de la Construcci\u00f3n Filial Coyhaique Pedro Pablo Arriagada y asociados a este importante gremio.<\/p>\n<p style=\"text-align: justify;\">\u201cEstamos muy felices de haber podido llevar a cabo esta instancia, sobretodo tener en nuestra regi\u00f3n al Jefe Nacional del Registro de Contratistas y Consultores, lo que es muy importante de cara a una apertura econ\u00f3mica como la que estamos viviendo con una gran cantidad de contratos en nuestra regi\u00f3n y tener m\u00e1s disponibilidad de mano de obra local y de empresas locales\u201d, destac\u00f3 la Seremi del MOP, Paloma Jara Vald\u00e9s.<\/p>\n<p style=\"text-align: justify;\">Seg\u00fan la autoridad el objetivo del ministerio es \u201cque haya m\u00e1s empleo, queremos que siga creciendo Ays\u00e9n, y tambi\u00e9n queremos entregarles las herramientas para que esto pase, porque el MOP en este momento est\u00e1 apalancando grandes recursos, no solo sectoriales sino tambi\u00e9n provenientes del Gobierno Regional y esos contratos van a necesitar empresas que puedan adjudic\u00e1rselos, as\u00ed que es importante que las empresas est\u00e9n en nuestro Registro de Contratistas para entregarles estas herramientas y darle m\u00e1s seguridad a su inversi\u00f3n\u201d, se\u00f1al\u00f3 la Seremi del MOP<\/p>\n<p style=\"text-align: justify;\">De esta manera las empresas conocieron la ejecuci\u00f3n presupuestaria del MOP, los avances en los contratos en ejecuci\u00f3n y en licitaci\u00f3n; la clasificaci\u00f3n de la inversi\u00f3n del MOP y modificaciones recientes que se est\u00e1n implementando en los distintos reglamentos que rigen los procesos administrativos en materia de infraestructura p\u00fablica.<\/p>\n<p style=\"text-align: justify;\">Sobre los alcances de este encuentro p\u00fablico-privado, el Jefe Nacional del Registro de Contratistas y Consultores del Ministerio de Obras P\u00fablicas, Mois\u00e9s O\u00f1ate destac\u00f3 los avances regionales y la respuesta de la industria a ellos.<\/p>\n<p style=\"text-align: justify;\">\u201cEs muy bienvenida esta actividad. Siempre que podemos confluir en estos espacios los actores p\u00fablicos y los privados hay mucho provecho \u2013una de las miradas de nuestro DGOP, Boris Olgu\u00edn, es que trabajemos muy coordinados- as\u00ed que estos espacios sin duda son de mucho provecho y al escuchar la presentaci\u00f3n, ver lo que se est\u00e1 haciendo, ver los avances regionales y ver la respuesta de la industria, estoy muy contento de ver c\u00f3mo se est\u00e1n haciendo las cosas\u201d, se\u00f1al\u00f3 Mois\u00e9s O\u00f1ate.<\/p>\n<p style=\"text-align: justify;\">El\u00a0 encargado nacional del Registro de Contratistas y Consultores detall\u00f3 que \u201cel Registro est\u00e1 abierto a todos los contratistas y consultores que quieran participar en \u00e9l. Estamos disponibles digitalmente \u2013no es necesario viajar o que realice tr\u00e1mites presenciales- tenemos nuestras plataformas disponibles para que las personas puedan ser parte de este Registro de Contratistas y Consultores, as\u00ed que los esperamos. El MOP necesita m\u00e1s empresas vigentes para que contraten sus obras\u201d.<\/p>\n<p style=\"text-align: justify;\">La iniciativa, que genera lazos m\u00e1s estrechos entre el sector p\u00fablico y privado para avanzar en la construcci\u00f3n de obras que atiendan las necesidades de la comunidad con el inter\u00e9s com\u00fan de mejorar la vida de las personas, fue bien recibida por los representantes de la industria.<\/p>\n<p style=\"text-align: justify;\">Al respecto, el vicepresidente de la CCHC Filial Coyhaique, Pedro Pablo Arriagada destac\u00f3: \u201cEsta es una instancia s\u00faper importante como Regi\u00f3n, tener ac\u00e1 al Jefe del Registro de Contratistas, a la Seremi y a todo el equipo del MOP hoy d\u00eda y estar conversando de un tema tan importante como es el Registro para impulsar las empresas. Nosotros creemos que es un paso s\u00faper importante modificar, actualizar estos Registros para que cada vez m\u00e1s empresas pymes y empresas regionales puedan optar a los contratos de obras P\u00fablicas\u201d, destac\u00f3 el dirigente de la CCHC<\/p>\n<p style=\"text-align: justify;\">En esta ocasi\u00f3n, tambi\u00e9n se dispuso un espacio especial para que la Fiscal MOP Melisa Rojas junto al Director Regional de Contabilidad y Finanzas Cristian Barra y personal, atendieran las consultas de los y las asistentes, en tem\u00e1ticas de orientaci\u00f3n en procesos administrativos, reglamentos y en el Registro de Contratistas, entre otros.<\/p>\n<p style=\"text-align: justify;\">Cabe se\u00f1alar que, el Registro de Contratistas del Ministerio de Obras P\u00fablicas, es un catastro de personas naturales y jur\u00eddicas que pueden optar, seg\u00fan las categor\u00edas establecidas, a las diferentes licitaciones publicadas por el MOP. En este Registro se dispone de informaci\u00f3n y orientaci\u00f3n para apoyar a las empresas en la decisi\u00f3n de trabajar en conjunto con el MOP en la construcci\u00f3n de la infraestructura p\u00fablica de Chile; desarrolla normas para regular tanto los procesos de inscripci\u00f3n en el catastro de contratistas y consultores del MOP, como su actualizaci\u00f3n y modificaci\u00f3n; as\u00ed como tambi\u00e9n informa constantemente a las y los registrados sobre actividades relacionadas y ofrece el apoyo de un equipo para responder consultas.<\/p>\n<\/div><\/section><\/div><\/p>\n<div  style='height:50px' class='hr hr-invisible   avia-builder-el-6  el_after_av_one_full  el_before_av_social_share '><span class='hr-inner ' ><span class='hr-inner-style'><\/span><\/span><\/div>\n<div  class='av-social-sharing-box  avia-builder-el-7  el_after_av_hr  el_before_av_hr  '><div class='av-share-box'><h5 class='av-share-link-description av-no-toc '>Compartir esta noticia<\/h5><ul class='av-share-box-list noLightbox'><li class='av-share-link av-social-link-facebook' ><a target=\"_blank\" aria-label=\"Compartir en Facebook\" href='https:\/\/www.facebook.com\/sharer.php?u=https:\/\/radiorevelacionfm.cl\/?p=59554&#038;t=MOP%20realiza%20conversatorio%20con%20empresas%20constructoras%20y%20consultoras' aria-hidden='false' data-av_icon='\ue8f3' data-av_iconfont='entypo-fontello' title='' data-avia-related-tooltip='Compartir en Facebook' rel=\"noopener\"><span class='avia_hidden_link_text'>Compartir en Facebook<\/span><\/a><\/li><li class='av-share-link av-social-link-twitter' ><a target=\"_blank\" aria-label=\"Compartir en Twitter\" href='https:\/\/twitter.com\/share?text=MOP%20realiza%20conversatorio%20con%20empresas%20constructoras%20y%20consultoras&#038;url=https:\/\/radiorevelacionfm.cl\/?p=59554' aria-hidden='false' data-av_icon='\ue8f1' data-av_iconfont='entypo-fontello' title='' data-avia-related-tooltip='Compartir en Twitter' rel=\"noopener\"><span class='avia_hidden_link_text'>Compartir en Twitter<\/span><\/a><\/li><li class='av-share-link av-social-link-whatsapp' ><a target=\"_blank\" aria-label=\"Compartir en Whatsapp\" href='https:\/\/api.whatsapp.com\/send?text=https:\/\/radiorevelacionfm.cl\/?p=59554' aria-hidden='false' data-av_icon='\uf232' data-av_iconfont='entypo-fontello' title='' data-avia-related-tooltip='Compartir en Whatsapp' rel=\"noopener\"><span class='avia_hidden_link_text'>Compartir en Whatsapp<\/span><\/a><\/li><li class='av-share-link av-social-link-linkedin' ><a target=\"_blank\" aria-label=\"Compartir en LinkedIn\" href='https:\/\/linkedin.com\/shareArticle?mini=true&#038;title=MOP%20realiza%20conversatorio%20con%20empresas%20constructoras%20y%20consultoras&#038;url=https:\/\/radiorevelacionfm.cl\/?p=59554' aria-hidden='false' data-av_icon='\ue8fc' data-av_iconfont='entypo-fontello' title='' data-avia-related-tooltip='Compartir en LinkedIn' rel=\"noopener\"><span class='avia_hidden_link_text'>Compartir en LinkedIn<\/span><\/a><\/li><li class='av-share-link av-social-link-mail' ><a  aria-label=\"Compartir por correo\" href='mailto:?subject=MOP%20realiza%20conversatorio%20con%20empresas%20constructoras%20y%20consultoras&#038;body=https:\/\/radiorevelacionfm.cl\/?p=59554' aria-hidden='false' data-av_icon='\ue805' data-av_iconfont='entypo-fontello' title='' data-avia-related-tooltip='Compartir por correo'><span class='avia_hidden_link_text'>Compartir por correo<\/span><\/a><\/li><\/ul><\/div><\/div>\n<div  style='height:50px' class='hr hr-invisible   avia-builder-el-8  el_after_av_social_share  el_before_av_comments_list '><span class='hr-inner ' ><span class='hr-inner-style'><\/span><\/span><\/div>\n<div  class='av-buildercomment  av-blog-meta-html-info-disabled av-blog-meta-tag-disabled  '><\/div>\n","protected":false},"excerpt":{"rendered":"","protected":false},"author":1,"featured_media":59555,"comment_status":"closed","ping_status":"closed","sticky":false,"template":"","format":"standard","meta":{"footnotes":""},"categories":[38],"tags":[],"class_list":["post-59554","post","type-post","status-publish","format-standard","has-post-thumbnail","hentry","category-regional"],"jetpack_featured_media_url":"https:\/\/radiorevelacionfm.cl\/wp-content\/uploads\/2025\/09\/01-IMG_9807-1-1.jpg","_links":{"self":[{"href":"https:\/\/radiorevelacionfm.cl\/index.php?rest_route=\/wp\/v2\/posts\/59554","targetHints":{"allow":["GET"]}}],"collection":[{"href":"https:\/\/radiorevelacionfm.cl\/index.php?rest_route=\/wp\/v2\/posts"}],"about":[{"href":"https:\/\/radiorevelacionfm.cl\/index.php?rest_route=\/wp\/v2\/types\/post"}],"author":[{"embeddable":true,"href":"https:\/\/radiorevelacionfm.cl\/index.php?rest_route=\/wp\/v2\/users\/1"}],"replies":[{"embeddable":true,"href":"https:\/\/radiorevelacionfm.cl\/index.php?rest_route=%2Fwp%2Fv2%2Fcomments&post=59554"}],"version-history":[{"count":3,"href":"https:\/\/radiorevelacionfm.cl\/index.php?rest_route=\/wp\/v2\/posts\/59554\/revisions"}],"predecessor-version":[{"id":59562,"href":"https:\/\/radiorevelacionfm.cl\/index.php?rest_route=\/wp\/v2\/posts\/59554\/revisions\/59562"}],"wp:featuredmedia":[{"embeddable":true,"href":"https:\/\/radiorevelacionfm.cl\/index.php?rest_route=\/wp\/v2\/media\/59555"}],"wp:attachment":[{"href":"https:\/\/radiorevelacionfm.cl\/index.php?rest_route=%2Fwp%2Fv2%2Fmedia&parent=59554"}],"wp:term":[{"taxonomy":"category","embeddable":true,"href":"https:\/\/radiorevelacionfm.cl\/index.php?rest_route=%2Fwp%2Fv2%2Fcategories&post=59554"},{"taxonomy":"post_tag","embeddable":true,"href":"https:\/\/radiorevelacionfm.cl\/index.php?rest_route=%2Fwp%2Fv2%2Ftags&post=59554"}],"curies":[{"name":"wp","href":"https:\/\/api.w.org\/{rel}","templated":true}]}}