{"id":59551,"date":"2025-09-25T20:21:42","date_gmt":"2025-09-25T23:21:42","guid":{"rendered":"https:\/\/radiorevelacionfm.cl\/?p=59551"},"modified":"2025-09-25T20:21:42","modified_gmt":"2025-09-25T23:21:42","slug":"proceso-de-admision-2026-cecapro-inicia-nueva-postulacion-para-agentes-policiales","status":"publish","type":"post","link":"https:\/\/radiorevelacionfm.cl\/?p=59551","title":{"rendered":"Proceso de Admisi\u00f3n 2026: CECAPRO inicia nueva postulaci\u00f3n para Agentes Policiales"},"content":{"rendered":"<div class=\"flex_column av_one_full  flex_column_div av-zero-column-padding first  avia-builder-el-0  el_before_av_one_full  avia-builder-el-first  \" style='border-radius:0px; '><div  class='avia-image-container  av-styling-    avia-builder-el-1  avia-builder-el-no-sibling  avia-align-center '  itemprop=\"image\" itemscope=\"itemscope\" itemtype=\"https:\/\/schema.org\/ImageObject\"  ><div class='avia-image-container-inner'><div class='avia-image-overlay-wrap'><img decoding=\"async\" class='wp-image-59552 avia-img-lazy-loading-not-59552 avia_image' src=\"https:\/\/radiorevelacionfm.cl\/wp-content\/uploads\/2025\/09\/admision-extraordinaria-cecapro-1_optimized.jpeg\" alt='' title='admisi\u00f3n-extraordinaria-cecapro-(1)_optimized' height=\"600\" width=\"997\"  itemprop=\"thumbnailUrl\" srcset=\"https:\/\/radiorevelacionfm.cl\/wp-content\/uploads\/2025\/09\/admision-extraordinaria-cecapro-1_optimized.jpeg 997w, https:\/\/radiorevelacionfm.cl\/wp-content\/uploads\/2025\/09\/admision-extraordinaria-cecapro-1_optimized-300x181.jpeg 300w, https:\/\/radiorevelacionfm.cl\/wp-content\/uploads\/2025\/09\/admision-extraordinaria-cecapro-1_optimized-768x462.jpeg 768w, https:\/\/radiorevelacionfm.cl\/wp-content\/uploads\/2025\/09\/admision-extraordinaria-cecapro-1_optimized-705x424.jpeg 705w, https:\/\/radiorevelacionfm.cl\/wp-content\/uploads\/2025\/09\/admision-extraordinaria-cecapro-1_optimized-450x271.jpeg 450w, https:\/\/radiorevelacionfm.cl\/wp-content\/uploads\/2025\/09\/admision-extraordinaria-cecapro-1_optimized-600x361.jpeg 600w\" sizes=\"(max-width: 997px) 100vw, 997px\" \/><\/div><\/div><\/div><\/div><div class=\"flex_column av_one_full  flex_column_div av-zero-column-padding first  avia-builder-el-2  el_after_av_one_full  el_before_av_one_full  column-top-margin\" style='border-radius:0px; '><section class=\"av_textblock_section \"  itemscope=\"itemscope\" itemtype=\"https:\/\/schema.org\/BlogPosting\" itemprop=\"blogPost\" ><div class='avia_textblock  '   itemprop=\"text\" ><p style=\"text-align: center;\"><span style=\"font-size: 18pt;\"><strong>Proceso de Admisi\u00f3n 2026: CECAPRO inicia nueva postulaci\u00f3n para Agentes Policiales<\/strong><\/span><\/p>\n<div id=\"gtx-trans\" style=\"position: absolute; left: -50px; top: 4.31534px;\">\n<div class=\"gtx-trans-icon\"><\/div>\n<\/div>\n<\/div><\/section><\/div><div class=\"flex_column av_one_full  flex_column_div av-zero-column-padding first  avia-builder-el-4  el_after_av_one_full  el_before_av_hr  column-top-margin\" style='border-radius:0px; '><section class=\"av_textblock_section \"  itemscope=\"itemscope\" itemtype=\"https:\/\/schema.org\/BlogPosting\" itemprop=\"blogPost\" ><div class='avia_textblock  '   itemprop=\"text\" ><p style=\"text-align: justify;\">El Centro de Capacitaci\u00f3n Profesional (Cecapro) de la Polic\u00eda de Investigaciones de Chile inici\u00f3 el proceso de admisi\u00f3n para la formaci\u00f3n de nuevos Agentes Policiales de la instituci\u00f3n. Este nuevo proceso de postulaci\u00f3n se extiende hasta el 10 de octubre de 2025, comenzando el proceso formativo de esta carrera t\u00e9cnica de nivel superior en febrero de 2026.<\/p>\n<p style=\"text-align: justify;\">La formaci\u00f3n del Agente Policial tiene una duraci\u00f3n de dos a\u00f1os, el primero presencial en modalidad de internado y el segundo con clases b-learning, realizando adem\u00e1s en forma paralela su pr\u00e1ctica profesional. Una vez finalizado el proceso de formaci\u00f3n inicial, los Agentes Policiales obtienen el t\u00edtulo de \u201cT\u00e9cnico de nivel Superior en Labores Investigativas y Control Migratorio\u201d, pudiendo con esto, desarrollar su carrera profesional en \u00e1reas y funciones conforme a las necesidades institucionales que ser\u00e1n un aporte a sus aspiraciones de profesionalizaci\u00f3n.<\/p>\n<p style=\"text-align: justify;\">Se trata de una carrera gratuita, sin costo para el alumno, y que permite entregar apoyo permanente y de calidad a la investigaci\u00f3n policial al servicio del pa\u00eds y sus habitantes.<\/p>\n<p style=\"text-align: justify;\">Cabe destacar que el cargo de Agente Policial se rige por la Escala de Remuneraciones de las Fuerzas Armadas, Orden y Seguridad, correspondiendo al Grado 20\u00b0, de planta, con acceso a previsi\u00f3n y salud durante el per\u00edodo de estudio. Al finalizar el primer a\u00f1o de formaci\u00f3n, ascender\u00e1 al Grado 17\u00b0, de planta, con una remuneraci\u00f3n bruta aproximada de $1.008.000.<\/p>\n<p style=\"text-align: justify;\">Dentro de las \u00e1reas en las que se pueden desempe\u00f1ar, se encuentran:<\/p>\n<p style=\"text-align: justify;\">Gu\u00eda Canino: Integrar un binomio Gu\u00eda-ejemplar, donde colaboran con el trabajo investigativo en detecci\u00f3n de drogas, armamento, munici\u00f3n y explosivos, adem\u00e1s de la b\u00fasqueda de personas desaparecidas.<\/p>\n<p style=\"text-align: justify;\">Control Migratorio y fiscalizaci\u00f3n: Participar en operativos y procedimientos de control migratorio y fiscalizaci\u00f3n de extranjeros dentro del territorio nacional.<\/p>\n<p style=\"text-align: justify;\">Operador T\u00e1ctico: Colaborar t\u00e1cticamente en operaciones de entrada, registro de inmuebles y control de personas.<\/p>\n<p style=\"text-align: justify;\">Atenci\u00f3n de Usuarios, Denuncias y Seguridad de Cuarteles: Ejecutar el proceso de toma de denuncias y respuestas a requerimientos de la ciudadan\u00eda, mediante una adecuada atenci\u00f3n de usuarios.<\/p>\n<p style=\"text-align: justify;\">Protecci\u00f3n de Personas Importantes (PPI): Custodiar y\/o proteger a autoridades o altos cargos p\u00fablicos con la finalidad de resguardar su integridad.<\/p>\n<p style=\"text-align: justify;\">Modelo Territorial Cero (MT-0): Integrar equipos de trabajo centrados en la investigaci\u00f3n de fen\u00f3menos criminales a nivel barrial.<\/p>\n<p style=\"text-align: justify;\">Recuperaci\u00f3n y manejo de las evidencias: Integrar equipos recuperadores criminal\u00edstico en apoyo a la investigaci\u00f3n policial.<\/p>\n<p style=\"text-align: justify;\">Para conocer los requisitos de postulaci\u00f3n y m\u00e1s antecedentes, ingresa a: <a href=\"https:\/\/www.pdichile.cl\/\">https:\/\/www.pdichile.cl\/<\/a> y <a href=\"https:\/\/www.cecapro.cl\/\">https:\/\/www.cecapro.cl\/<\/a>.<\/p>\n<\/div><\/section><\/div><div  style='height:50px' class='hr hr-invisible   avia-builder-el-6  el_after_av_one_full  el_before_av_social_share '><span class='hr-inner ' ><span class='hr-inner-style'><\/span><\/span><\/div><\/p>\n<div  class='av-social-sharing-box  avia-builder-el-7  el_after_av_hr  el_before_av_hr  '><div class='av-share-box'><h5 class='av-share-link-description av-no-toc '>Compartir esta noticia<\/h5><ul class='av-share-box-list noLightbox'><li class='av-share-link av-social-link-facebook' ><a target=\"_blank\" aria-label=\"Compartir en Facebook\" href='https:\/\/www.facebook.com\/sharer.php?u=https:\/\/radiorevelacionfm.cl\/?p=59551&#038;t=Proceso%20de%20Admisi%C3%B3n%202026%3A%20CECAPRO%20inicia%20nueva%20postulaci%C3%B3n%20para%20Agentes%20Policiales' aria-hidden='false' data-av_icon='\ue8f3' data-av_iconfont='entypo-fontello' title='' data-avia-related-tooltip='Compartir en Facebook' rel=\"noopener\"><span class='avia_hidden_link_text'>Compartir en Facebook<\/span><\/a><\/li><li class='av-share-link av-social-link-twitter' ><a target=\"_blank\" aria-label=\"Compartir en Twitter\" href='https:\/\/twitter.com\/share?text=Proceso%20de%20Admisi%C3%B3n%202026%3A%20CECAPRO%20inicia%20nueva%20postulaci%C3%B3n%20para%20Agentes%20Policiales&#038;url=https:\/\/radiorevelacionfm.cl\/?p=59551' aria-hidden='false' data-av_icon='\ue8f1' data-av_iconfont='entypo-fontello' title='' data-avia-related-tooltip='Compartir en Twitter' rel=\"noopener\"><span class='avia_hidden_link_text'>Compartir en Twitter<\/span><\/a><\/li><li class='av-share-link av-social-link-whatsapp' ><a target=\"_blank\" aria-label=\"Compartir en Whatsapp\" href='https:\/\/api.whatsapp.com\/send?text=https:\/\/radiorevelacionfm.cl\/?p=59551' aria-hidden='false' data-av_icon='\uf232' data-av_iconfont='entypo-fontello' title='' data-avia-related-tooltip='Compartir en Whatsapp' rel=\"noopener\"><span class='avia_hidden_link_text'>Compartir en Whatsapp<\/span><\/a><\/li><li class='av-share-link av-social-link-linkedin' ><a target=\"_blank\" aria-label=\"Compartir en LinkedIn\" href='https:\/\/linkedin.com\/shareArticle?mini=true&#038;title=Proceso%20de%20Admisi%C3%B3n%202026%3A%20CECAPRO%20inicia%20nueva%20postulaci%C3%B3n%20para%20Agentes%20Policiales&#038;url=https:\/\/radiorevelacionfm.cl\/?p=59551' aria-hidden='false' data-av_icon='\ue8fc' data-av_iconfont='entypo-fontello' title='' data-avia-related-tooltip='Compartir en LinkedIn' rel=\"noopener\"><span class='avia_hidden_link_text'>Compartir en LinkedIn<\/span><\/a><\/li><li class='av-share-link av-social-link-mail' ><a  aria-label=\"Compartir por correo\" href='mailto:?subject=Proceso%20de%20Admisi%C3%B3n%202026%3A%20CECAPRO%20inicia%20nueva%20postulaci%C3%B3n%20para%20Agentes%20Policiales&#038;body=https:\/\/radiorevelacionfm.cl\/?p=59551' aria-hidden='false' data-av_icon='\ue805' data-av_iconfont='entypo-fontello' title='' data-avia-related-tooltip='Compartir por correo'><span class='avia_hidden_link_text'>Compartir por correo<\/span><\/a><\/li><\/ul><\/div><\/div>\n<div  style='height:50px' class='hr hr-invisible   avia-builder-el-8  el_after_av_social_share  el_before_av_comments_list '><span class='hr-inner ' ><span class='hr-inner-style'><\/span><\/span><\/div>\n<div  class='av-buildercomment  av-blog-meta-html-info-disabled av-blog-meta-tag-disabled  '><\/div>\n","protected":false},"excerpt":{"rendered":"","protected":false},"author":1,"featured_media":59552,"comment_status":"closed","ping_status":"closed","sticky":false,"template":"","format":"standard","meta":{"footnotes":""},"categories":[36],"tags":[],"class_list":["post-59551","post","type-post","status-publish","format-standard","has-post-thumbnail","hentry","category-policial"],"jetpack_featured_media_url":"https:\/\/radiorevelacionfm.cl\/wp-content\/uploads\/2025\/09\/admision-extraordinaria-cecapro-1_optimized.jpeg","_links":{"self":[{"href":"https:\/\/radiorevelacionfm.cl\/index.php?rest_route=\/wp\/v2\/posts\/59551","targetHints":{"allow":["GET"]}}],"collection":[{"href":"https:\/\/radiorevelacionfm.cl\/index.php?rest_route=\/wp\/v2\/posts"}],"about":[{"href":"https:\/\/radiorevelacionfm.cl\/index.php?rest_route=\/wp\/v2\/types\/post"}],"author":[{"embeddable":true,"href":"https:\/\/radiorevelacionfm.cl\/index.php?rest_route=\/wp\/v2\/users\/1"}],"replies":[{"embeddable":true,"href":"https:\/\/radiorevelacionfm.cl\/index.php?rest_route=%2Fwp%2Fv2%2Fcomments&post=59551"}],"version-history":[{"count":2,"href":"https:\/\/radiorevelacionfm.cl\/index.php?rest_route=\/wp\/v2\/posts\/59551\/revisions"}],"predecessor-version":[{"id":59560,"href":"https:\/\/radiorevelacionfm.cl\/index.php?rest_route=\/wp\/v2\/posts\/59551\/revisions\/59560"}],"wp:featuredmedia":[{"embeddable":true,"href":"https:\/\/radiorevelacionfm.cl\/index.php?rest_route=\/wp\/v2\/media\/59552"}],"wp:attachment":[{"href":"https:\/\/radiorevelacionfm.cl\/index.php?rest_route=%2Fwp%2Fv2%2Fmedia&parent=59551"}],"wp:term":[{"taxonomy":"category","embeddable":true,"href":"https:\/\/radiorevelacionfm.cl\/index.php?rest_route=%2Fwp%2Fv2%2Fcategories&post=59551"},{"taxonomy":"post_tag","embeddable":true,"href":"https:\/\/radiorevelacionfm.cl\/index.php?rest_route=%2Fwp%2Fv2%2Ftags&post=59551"}],"curies":[{"name":"wp","href":"https:\/\/api.w.org\/{rel}","templated":true}]}}