{"id":59548,"date":"2025-09-26T20:24:30","date_gmt":"2025-09-26T23:24:30","guid":{"rendered":"https:\/\/radiorevelacionfm.cl\/?p=59548"},"modified":"2025-09-26T20:24:30","modified_gmt":"2025-09-26T23:24:30","slug":"comision-verdad-y-ninez-autoridades-llaman-a-las-personas-a-entregar-sus-testimonios","status":"publish","type":"post","link":"https:\/\/radiorevelacionfm.cl\/?p=59548","title":{"rendered":"Comisi\u00f3n Verdad y Ni\u00f1ez: Autoridades llaman a las personas a entregar sus testimonios"},"content":{"rendered":"<div class=\"flex_column av_one_full  flex_column_div av-zero-column-padding first  avia-builder-el-0  el_before_av_one_full  avia-builder-el-first  \" style='border-radius:0px; '><div  class='avia-image-container  av-styling-    avia-builder-el-1  avia-builder-el-no-sibling  avia-align-center '  itemprop=\"image\" itemscope=\"itemscope\" itemtype=\"https:\/\/schema.org\/ImageObject\"  ><div class='avia-image-container-inner'><div class='avia-image-overlay-wrap'><img decoding=\"async\" class='wp-image-59549 avia-img-lazy-loading-not-59549 avia_image' src=\"https:\/\/radiorevelacionfm.cl\/wp-content\/uploads\/2025\/09\/foto-1-1-3-1_optimized-2.jpeg\" alt='' title='foto-1-(1)-(3)-(1)_optimized (2)' height=\"602\" width=\"801\"  itemprop=\"thumbnailUrl\" srcset=\"https:\/\/radiorevelacionfm.cl\/wp-content\/uploads\/2025\/09\/foto-1-1-3-1_optimized-2.jpeg 801w, https:\/\/radiorevelacionfm.cl\/wp-content\/uploads\/2025\/09\/foto-1-1-3-1_optimized-2-300x225.jpeg 300w, https:\/\/radiorevelacionfm.cl\/wp-content\/uploads\/2025\/09\/foto-1-1-3-1_optimized-2-768x577.jpeg 768w, https:\/\/radiorevelacionfm.cl\/wp-content\/uploads\/2025\/09\/foto-1-1-3-1_optimized-2-705x530.jpeg 705w, https:\/\/radiorevelacionfm.cl\/wp-content\/uploads\/2025\/09\/foto-1-1-3-1_optimized-2-450x338.jpeg 450w, https:\/\/radiorevelacionfm.cl\/wp-content\/uploads\/2025\/09\/foto-1-1-3-1_optimized-2-600x451.jpeg 600w\" sizes=\"(max-width: 801px) 100vw, 801px\" \/><\/div><\/div><\/div><\/div><div class=\"flex_column av_one_full  flex_column_div av-zero-column-padding first  avia-builder-el-2  el_after_av_one_full  el_before_av_one_full  column-top-margin\" style='border-radius:0px; '><section class=\"av_textblock_section \"  itemscope=\"itemscope\" itemtype=\"https:\/\/schema.org\/BlogPosting\" itemprop=\"blogPost\" ><div class='avia_textblock  '   itemprop=\"text\" ><p style=\"text-align: center;\"><strong><span style=\"font-size: 18pt;\">Comisi\u00f3n Verdad y Ni\u00f1ez: Autoridades llaman a las personas a entregar sus testimonios<\/span><\/strong><\/p>\n<div id=\"gtx-trans\" style=\"position: absolute; left: -50px; top: 4.31534px;\">\n<div class=\"gtx-trans-icon\"><\/div>\n<\/div>\n<\/div><\/section><\/div><div class=\"flex_column av_one_full  flex_column_div av-zero-column-padding first  avia-builder-el-4  el_after_av_one_full  el_before_av_hr  column-top-margin\" style='border-radius:0px; '><section class=\"av_textblock_section \"  itemscope=\"itemscope\" itemtype=\"https:\/\/schema.org\/BlogPosting\" itemprop=\"blogPost\" ><div class='avia_textblock  '   itemprop=\"text\" ><p style=\"text-align: justify;\"><em>Se busca esclarecer las vulneraciones a ni\u00f1os, ni\u00f1as y adolescentes bajo custodia del Estado o instituciones colaboradoras entre los a\u00f1os 1979 y 2021.<\/em><\/p>\n<p style=\"text-align: justify;\">En un punto de prensa, encabezado por el Delegado Presidencial Jorge D\u00edaz, en compa\u00f1\u00eda del Seremi de Justicia y Derechos Humanos, Samuel Navarro, y la Seremi de Gobierno, \u00darsula Mix, el Delegado se\u00f1al\u00f3: \u201cEl Presidente de la Rep\u00fablica tom\u00f3 (esto) como una tarea de Estado, puesto que del a\u00f1o 1979 tenemos registros de muchas personas que hoy d\u00eda son adultos y que por diversas razones fueron vulnerados sus\u00a0 derechos de protecci\u00f3n (&#8230;) al ver esa realidad es que el Presidente conform\u00f3 esta comisi\u00f3n asesora presidencial que tiene como tarea visibilizar esta situaci\u00f3n que afecta a toda la comunidad nacional. M\u00e1s de alguien puede tener un familiar, alg\u00fan v\u00ednculo con personas que fueron vulneradas en lugares como el Sename u otras instituciones privadas. Sin embargo, esas vulneraciones hoy d\u00eda tambi\u00e9n generan estragos en personas adultas, por lo tanto, el Estado de Chile tiene que investigar, hacer verdad respecto de eso y tambi\u00e9n reparar respecto de esos casos y es por eso que esta Comisi\u00f3n de Verdad y Ni\u00f1ez est\u00e1 en esta tarea ya en la fase final que es recoger precisamente los testimonios de estas personas\u201d.<\/p>\n<p style=\"text-align: justify;\">Durante a\u00f1os, ni\u00f1as, ni\u00f1os y adolescentes fueron v\u00edctimas de maltratos, abandono, violencia o falta de protecci\u00f3n mientras se encontraban bajo la custodia del Estado en centros del Sename u otros de cuidado privado, violando sus derechos humanos, y los establecidos en la Convenci\u00f3n sobre los Derechos del Ni\u00f1o (CDN).<\/p>\n<p style=\"text-align: justify;\">El 10 de diciembre de 2024, D\u00eda de los Derechos Humanos, el Presidente Gabriel Boric cre\u00f3 la Comisi\u00f3n Asesora Presidencial para el esclarecimiento de la verdad sobre violaciones a los Derechos Humanos de ni\u00f1os, ni\u00f1as y adolescentes bajo la custodia del Sename o en Sistemas de Cuidados Alternativos Privados, m\u00e1s conocida como Comisi\u00f3n Verdad y Ni\u00f1ez.<\/p>\n<p style=\"text-align: justify;\">Por este motivo, diferentes instituciones nacionales e internacionales pidieron al pa\u00eds investigar los casos y dar una respuesta a las personas, lo que se tradujo en la creaci\u00f3n de la Comisi\u00f3n que se encuentra en el proceso de escucha de testimonios de v\u00edctimas y sobrevivientes.<\/p>\n<p style=\"text-align: justify;\">Adem\u00e1s, el Seremi de Justicia agreg\u00f3: \u201cEn nuestra regi\u00f3n las personas se inscriben a trav\u00e9s de la p\u00e1gina web <a href=\"http:\/\/comisionverdadyninez.gob.cl\">comisionverdadyninez.gob.cl<\/a> donde se les agenda una hora, un d\u00eda para prestar este testimonio. Este testimonio idealmente puede ser presencial, pero si la persona por alg\u00fan motivo no desea declarar presencialmente, tambi\u00e9n lo puede hacer a trav\u00e9s de una videollamada o por escrito. Lo importante es que se puedan recopilar y recoger estos testimonios, m\u00e1s los antecedentes que tambi\u00e9n est\u00e1 recogiendo la Comisi\u00f3n para los efectos de hacer un informe que le va a proponer al Presidente de la Rep\u00fablica. Va a haber un informe preliminar a fines de este a\u00f1o y un informe final que se va a presentar m\u00e1s adelante para los efectos que el Presidente de la Rep\u00fablica o la Presidenta, porque esto va a continuar hasta el a\u00f1o 2027, que est\u00e9 en ejercicio, en mandato en esa oportunidad, adopte las medidas administrativas o legales que sean procedentes para avanzar en medidas de reparaci\u00f3n\u201d.<\/p>\n<p style=\"text-align: justify;\">Finalmente, la Seremi de Gobierno, \u00darsula Mix, invit\u00f3 a la comunidad a entregar su testimonio indicando el proceso para llevarlo a cabo: \u201cEn <a href=\"http:\/\/comisionverdadyninez.cl\">comisionverdadyninez.cl<\/a> est\u00e1n todas las formas de acceso (&#8230;) Ah\u00ed uno llena un formulario, establece cu\u00e1l es el formato en el cual usted quiere acceder, si lo quiere hacer de manera presencial, videollamada o a trav\u00e9s de un escrito. Si va a ir, por ejemplo de manera presencial, lo puede acompa\u00f1ar alguien para que usted se sienta m\u00e1s seguro. Y ah\u00ed desde nivel central se deriva a las distintas instancias, porque sabemos que la idea es que el lugar donde van a ir no sea tan conocido para no tener ning\u00fan tipo de molestia dentro de su intervenci\u00f3n\u201d concluy\u00f3.<\/p>\n<\/div><\/section><\/div><div  style='height:50px' class='hr hr-invisible   avia-builder-el-6  el_after_av_one_full  el_before_av_social_share '><span class='hr-inner ' ><span class='hr-inner-style'><\/span><\/span><\/div><\/p>\n<div  class='av-social-sharing-box  avia-builder-el-7  el_after_av_hr  el_before_av_hr  '><div class='av-share-box'><h5 class='av-share-link-description av-no-toc '>Compartir esta noticia<\/h5><ul class='av-share-box-list noLightbox'><li class='av-share-link av-social-link-facebook' ><a target=\"_blank\" aria-label=\"Compartir en Facebook\" href='https:\/\/www.facebook.com\/sharer.php?u=https:\/\/radiorevelacionfm.cl\/?p=59548&#038;t=Comisi%C3%B3n%20Verdad%20y%20Ni%C3%B1ez%3A%20Autoridades%20llaman%20a%20las%20personas%20a%20entregar%20sus%20testimonios' aria-hidden='false' data-av_icon='\ue8f3' data-av_iconfont='entypo-fontello' title='' data-avia-related-tooltip='Compartir en Facebook' rel=\"noopener\"><span class='avia_hidden_link_text'>Compartir en Facebook<\/span><\/a><\/li><li class='av-share-link av-social-link-twitter' ><a target=\"_blank\" aria-label=\"Compartir en Twitter\" href='https:\/\/twitter.com\/share?text=Comisi%C3%B3n%20Verdad%20y%20Ni%C3%B1ez%3A%20Autoridades%20llaman%20a%20las%20personas%20a%20entregar%20sus%20testimonios&#038;url=https:\/\/radiorevelacionfm.cl\/?p=59548' aria-hidden='false' data-av_icon='\ue8f1' data-av_iconfont='entypo-fontello' title='' data-avia-related-tooltip='Compartir en Twitter' rel=\"noopener\"><span class='avia_hidden_link_text'>Compartir en Twitter<\/span><\/a><\/li><li class='av-share-link av-social-link-whatsapp' ><a target=\"_blank\" aria-label=\"Compartir en Whatsapp\" href='https:\/\/api.whatsapp.com\/send?text=https:\/\/radiorevelacionfm.cl\/?p=59548' aria-hidden='false' data-av_icon='\uf232' data-av_iconfont='entypo-fontello' title='' data-avia-related-tooltip='Compartir en Whatsapp' rel=\"noopener\"><span class='avia_hidden_link_text'>Compartir en Whatsapp<\/span><\/a><\/li><li class='av-share-link av-social-link-linkedin' ><a target=\"_blank\" aria-label=\"Compartir en LinkedIn\" href='https:\/\/linkedin.com\/shareArticle?mini=true&#038;title=Comisi%C3%B3n%20Verdad%20y%20Ni%C3%B1ez%3A%20Autoridades%20llaman%20a%20las%20personas%20a%20entregar%20sus%20testimonios&#038;url=https:\/\/radiorevelacionfm.cl\/?p=59548' aria-hidden='false' data-av_icon='\ue8fc' data-av_iconfont='entypo-fontello' title='' data-avia-related-tooltip='Compartir en LinkedIn' rel=\"noopener\"><span class='avia_hidden_link_text'>Compartir en LinkedIn<\/span><\/a><\/li><li class='av-share-link av-social-link-mail' ><a  aria-label=\"Compartir por correo\" href='mailto:?subject=Comisi%C3%B3n%20Verdad%20y%20Ni%C3%B1ez%3A%20Autoridades%20llaman%20a%20las%20personas%20a%20entregar%20sus%20testimonios&#038;body=https:\/\/radiorevelacionfm.cl\/?p=59548' aria-hidden='false' data-av_icon='\ue805' data-av_iconfont='entypo-fontello' title='' data-avia-related-tooltip='Compartir por correo'><span class='avia_hidden_link_text'>Compartir por correo<\/span><\/a><\/li><\/ul><\/div><\/div>\n<div  style='height:50px' class='hr hr-invisible   avia-builder-el-8  el_after_av_social_share  el_before_av_comments_list '><span class='hr-inner ' ><span class='hr-inner-style'><\/span><\/span><\/div>\n<div  class='av-buildercomment  av-blog-meta-html-info-disabled av-blog-meta-tag-disabled  '><\/div>\n","protected":false},"excerpt":{"rendered":"","protected":false},"author":1,"featured_media":59549,"comment_status":"closed","ping_status":"closed","sticky":false,"template":"","format":"standard","meta":{"footnotes":""},"categories":[38],"tags":[],"class_list":["post-59548","post","type-post","status-publish","format-standard","has-post-thumbnail","hentry","category-regional"],"jetpack_featured_media_url":"https:\/\/radiorevelacionfm.cl\/wp-content\/uploads\/2025\/09\/foto-1-1-3-1_optimized-2.jpeg","_links":{"self":[{"href":"https:\/\/radiorevelacionfm.cl\/index.php?rest_route=\/wp\/v2\/posts\/59548","targetHints":{"allow":["GET"]}}],"collection":[{"href":"https:\/\/radiorevelacionfm.cl\/index.php?rest_route=\/wp\/v2\/posts"}],"about":[{"href":"https:\/\/radiorevelacionfm.cl\/index.php?rest_route=\/wp\/v2\/types\/post"}],"author":[{"embeddable":true,"href":"https:\/\/radiorevelacionfm.cl\/index.php?rest_route=\/wp\/v2\/users\/1"}],"replies":[{"embeddable":true,"href":"https:\/\/radiorevelacionfm.cl\/index.php?rest_route=%2Fwp%2Fv2%2Fcomments&post=59548"}],"version-history":[{"count":2,"href":"https:\/\/radiorevelacionfm.cl\/index.php?rest_route=\/wp\/v2\/posts\/59548\/revisions"}],"predecessor-version":[{"id":59618,"href":"https:\/\/radiorevelacionfm.cl\/index.php?rest_route=\/wp\/v2\/posts\/59548\/revisions\/59618"}],"wp:featuredmedia":[{"embeddable":true,"href":"https:\/\/radiorevelacionfm.cl\/index.php?rest_route=\/wp\/v2\/media\/59549"}],"wp:attachment":[{"href":"https:\/\/radiorevelacionfm.cl\/index.php?rest_route=%2Fwp%2Fv2%2Fmedia&parent=59548"}],"wp:term":[{"taxonomy":"category","embeddable":true,"href":"https:\/\/radiorevelacionfm.cl\/index.php?rest_route=%2Fwp%2Fv2%2Fcategories&post=59548"},{"taxonomy":"post_tag","embeddable":true,"href":"https:\/\/radiorevelacionfm.cl\/index.php?rest_route=%2Fwp%2Fv2%2Ftags&post=59548"}],"curies":[{"name":"wp","href":"https:\/\/api.w.org\/{rel}","templated":true}]}}