{"id":59544,"date":"2025-09-25T19:03:05","date_gmt":"2025-09-25T22:03:05","guid":{"rendered":"https:\/\/radiorevelacionfm.cl\/?p=59544"},"modified":"2025-09-25T19:03:05","modified_gmt":"2025-09-25T22:03:05","slug":"delegacion-presidencial-provincial-de-aysen-inicia-campana-de-reciclaje","status":"publish","type":"post","link":"https:\/\/radiorevelacionfm.cl\/?p=59544","title":{"rendered":"Delegaci\u00f3n Presidencial Provincial de Ays\u00e9n inicia campa\u00f1a de reciclaje"},"content":{"rendered":"<div class=\"flex_column av_one_full  flex_column_div av-zero-column-padding first  avia-builder-el-0  el_before_av_one_full  avia-builder-el-first  \" style='border-radius:0px; '><div  class='avia-image-container  av-styling-    avia-builder-el-1  avia-builder-el-no-sibling  avia-align-center '  itemprop=\"image\" itemscope=\"itemscope\" itemtype=\"https:\/\/schema.org\/ImageObject\"  ><div class='avia-image-container-inner'><div class='avia-image-overlay-wrap'><img decoding=\"async\" class='wp-image-59545 avia-img-lazy-loading-not-59545 avia_image' src=\"https:\/\/radiorevelacionfm.cl\/wp-content\/uploads\/2025\/09\/WhatsApp-Image-2025-09-25-at-16.28.40-1-1.jpeg\" alt='' title='WhatsApp Image 2025-09-25 at 16.28.40 (1) (1)' height=\"600\" width=\"800\"  itemprop=\"thumbnailUrl\" srcset=\"https:\/\/radiorevelacionfm.cl\/wp-content\/uploads\/2025\/09\/WhatsApp-Image-2025-09-25-at-16.28.40-1-1.jpeg 800w, https:\/\/radiorevelacionfm.cl\/wp-content\/uploads\/2025\/09\/WhatsApp-Image-2025-09-25-at-16.28.40-1-1-300x225.jpeg 300w, https:\/\/radiorevelacionfm.cl\/wp-content\/uploads\/2025\/09\/WhatsApp-Image-2025-09-25-at-16.28.40-1-1-768x576.jpeg 768w, https:\/\/radiorevelacionfm.cl\/wp-content\/uploads\/2025\/09\/WhatsApp-Image-2025-09-25-at-16.28.40-1-1-705x529.jpeg 705w, https:\/\/radiorevelacionfm.cl\/wp-content\/uploads\/2025\/09\/WhatsApp-Image-2025-09-25-at-16.28.40-1-1-450x338.jpeg 450w, https:\/\/radiorevelacionfm.cl\/wp-content\/uploads\/2025\/09\/WhatsApp-Image-2025-09-25-at-16.28.40-1-1-600x450.jpeg 600w\" sizes=\"(max-width: 800px) 100vw, 800px\" \/><\/div><\/div><\/div><\/div><div class=\"flex_column av_one_full  flex_column_div av-zero-column-padding first  avia-builder-el-2  el_after_av_one_full  el_before_av_one_full  column-top-margin\" style='border-radius:0px; '><section class=\"av_textblock_section \"  itemscope=\"itemscope\" itemtype=\"https:\/\/schema.org\/BlogPosting\" itemprop=\"blogPost\" ><div class='avia_textblock  '   itemprop=\"text\" ><p style=\"text-align: center;\"><strong><span style=\"font-size: 18pt;\">Delegaci\u00f3n Presidencial Provincial de Ays\u00e9n inicia campa\u00f1a de reciclaje<\/span><\/strong><\/p>\n<div id=\"gtx-trans\" style=\"position: absolute; left: -50px; top: 4.31534px;\">\n<div class=\"gtx-trans-icon\"><\/div>\n<\/div>\n<\/div><\/section><\/div><div class=\"flex_column av_one_full  flex_column_div av-zero-column-padding first  avia-builder-el-4  el_after_av_one_full  el_before_av_hr  column-top-margin\" style='border-radius:0px; '><section class=\"av_textblock_section \"  itemscope=\"itemscope\" itemtype=\"https:\/\/schema.org\/BlogPosting\" itemprop=\"blogPost\" ><div class='avia_textblock  '   itemprop=\"text\" ><p style=\"text-align: justify;\">Este mes de septiembre la Delegaci\u00f3n Provincial se capacit\u00f2 en educaci\u00f3n ambiental para iniciar un reciclaje interno con sus funcionarios y funcionarias adem\u00e1s de abrir puertas para la comunidad para reciclar pilas y tapas.<\/p>\n<p style=\"text-align: justify;\">Esta iniciativa parte debido a lo relevante que es darle otro uso a los desechos que diariamente se botan y poder darles una segunda utilidad sirve para crear h\u00e1bitos en los hogares y as\u00ed posteriormente compartirlos con sus familias. La relevancia de cuidar el medio ambiente se hace cada vez m\u00e1s necesaria en el mundo.<\/p>\n<p style=\"text-align: justify;\">\u201cComo delegaci\u00f3n presidencial provincial hemos generado una estrategia con la empresa Bahamonde, la cual se dedica al reciclaje, por lo mismo estamos muy contentos de que hemos iniciado esta nueva alianza. Vamos a ser un punto de reciclaje como Delegaci\u00f3n y as\u00ed poder incentivar a toda la comunidad a reciclar y contaminar menos la provincia. Pudimos visitar la planta de Bahamonde para ver in situ cual es el proceso\u00a0 que ellos desarrollan con mucho agrado nos hemos dado cuenta que es una empresa local con responsabilidad social; es por esto que nos sumamos como delegaci\u00f3n a esta iniciativa para en conjunto cuidar nuestro planeta y nuestra provincia, as\u00ed como lo est\u00e1n realizando otras instituciones p\u00fablicas para que as\u00ed todos en conjunto cuidemos el medio ambiente\u201d, afirmo Rodrigo Moreno Rivera, Delegado Presidencial Provincial de Ays\u00e9n.<\/p>\n<p style=\"text-align: justify;\">Alejandro Bahamonde, due\u00f1o de la empresa Bahamonde se\u00f1al\u00f3 que, \u201cHace unos d\u00edas tuvimos la visita del Delegado de Ays\u00e9n, a las instalaciones de la planta de reciclaje que est\u00e1 ubicada en el kil\u00f3metro 4, llevamos realizando un trabajo conjunto con ellos como tambi\u00e9n realizamos una inducci\u00f3n de educaci\u00f3n ambiental para todos los funcionarios de la Delegaci\u00f3n, para que ducha instituci\u00f3n parta su reciclaje y no solamente estamos trabajando con la delegaci\u00f3n provincial sino con las oficinas de Conaf, SAG y Sercotec e instamos a otras instituciones p\u00fablicas que se sumen a esta campa\u00f1a, comentarles que estamos disponibles para sus requerimientos\u201d.<\/p>\n<p style=\"text-align: justify;\">La iniciativa de reciclar es fundamental para mejorar nuestra provincia, la regi\u00f3n y el pa\u00eds; por lo mismo generar h\u00e1bitos peque\u00f1os, ayudan de igual forma a crecer en tem\u00e1ticas ambientales.<\/p>\n<\/div><\/section><\/div><div  style='height:50px' class='hr hr-invisible   avia-builder-el-6  el_after_av_one_full  el_before_av_social_share '><span class='hr-inner ' ><span class='hr-inner-style'><\/span><\/span><\/div><\/p>\n<div  class='av-social-sharing-box  avia-builder-el-7  el_after_av_hr  el_before_av_hr  '><div class='av-share-box'><h5 class='av-share-link-description av-no-toc '>Compartir esta noticia<\/h5><ul class='av-share-box-list noLightbox'><li class='av-share-link av-social-link-facebook' ><a target=\"_blank\" aria-label=\"Compartir en Facebook\" href='https:\/\/www.facebook.com\/sharer.php?u=https:\/\/radiorevelacionfm.cl\/?p=59544&#038;t=Delegaci%C3%B3n%20Presidencial%20Provincial%20de%20Ays%C3%A9n%20inicia%20campa%C3%B1a%20de%20reciclaje' aria-hidden='false' data-av_icon='\ue8f3' data-av_iconfont='entypo-fontello' title='' data-avia-related-tooltip='Compartir en Facebook' rel=\"noopener\"><span class='avia_hidden_link_text'>Compartir en Facebook<\/span><\/a><\/li><li class='av-share-link av-social-link-twitter' ><a target=\"_blank\" aria-label=\"Compartir en Twitter\" href='https:\/\/twitter.com\/share?text=Delegaci%C3%B3n%20Presidencial%20Provincial%20de%20Ays%C3%A9n%20inicia%20campa%C3%B1a%20de%20reciclaje&#038;url=https:\/\/radiorevelacionfm.cl\/?p=59544' aria-hidden='false' data-av_icon='\ue8f1' data-av_iconfont='entypo-fontello' title='' data-avia-related-tooltip='Compartir en Twitter' rel=\"noopener\"><span class='avia_hidden_link_text'>Compartir en Twitter<\/span><\/a><\/li><li class='av-share-link av-social-link-whatsapp' ><a target=\"_blank\" aria-label=\"Compartir en Whatsapp\" href='https:\/\/api.whatsapp.com\/send?text=https:\/\/radiorevelacionfm.cl\/?p=59544' aria-hidden='false' data-av_icon='\uf232' data-av_iconfont='entypo-fontello' title='' data-avia-related-tooltip='Compartir en Whatsapp' rel=\"noopener\"><span class='avia_hidden_link_text'>Compartir en Whatsapp<\/span><\/a><\/li><li class='av-share-link av-social-link-linkedin' ><a target=\"_blank\" aria-label=\"Compartir en LinkedIn\" href='https:\/\/linkedin.com\/shareArticle?mini=true&#038;title=Delegaci%C3%B3n%20Presidencial%20Provincial%20de%20Ays%C3%A9n%20inicia%20campa%C3%B1a%20de%20reciclaje&#038;url=https:\/\/radiorevelacionfm.cl\/?p=59544' aria-hidden='false' data-av_icon='\ue8fc' data-av_iconfont='entypo-fontello' title='' data-avia-related-tooltip='Compartir en LinkedIn' rel=\"noopener\"><span class='avia_hidden_link_text'>Compartir en LinkedIn<\/span><\/a><\/li><li class='av-share-link av-social-link-mail' ><a  aria-label=\"Compartir por correo\" href='mailto:?subject=Delegaci%C3%B3n%20Presidencial%20Provincial%20de%20Ays%C3%A9n%20inicia%20campa%C3%B1a%20de%20reciclaje&#038;body=https:\/\/radiorevelacionfm.cl\/?p=59544' aria-hidden='false' data-av_icon='\ue805' data-av_iconfont='entypo-fontello' title='' data-avia-related-tooltip='Compartir por correo'><span class='avia_hidden_link_text'>Compartir por correo<\/span><\/a><\/li><\/ul><\/div><\/div>\n<div  style='height:50px' class='hr hr-invisible   avia-builder-el-8  el_after_av_social_share  el_before_av_comments_list '><span class='hr-inner ' ><span class='hr-inner-style'><\/span><\/span><\/div>\n<div  class='av-buildercomment  av-blog-meta-html-info-disabled av-blog-meta-tag-disabled  '><\/div>\n","protected":false},"excerpt":{"rendered":"","protected":false},"author":1,"featured_media":59545,"comment_status":"closed","ping_status":"closed","sticky":false,"template":"","format":"standard","meta":{"footnotes":""},"categories":[38],"tags":[],"class_list":["post-59544","post","type-post","status-publish","format-standard","has-post-thumbnail","hentry","category-regional"],"jetpack_featured_media_url":"https:\/\/radiorevelacionfm.cl\/wp-content\/uploads\/2025\/09\/WhatsApp-Image-2025-09-25-at-16.28.40-1-1.jpeg","_links":{"self":[{"href":"https:\/\/radiorevelacionfm.cl\/index.php?rest_route=\/wp\/v2\/posts\/59544","targetHints":{"allow":["GET"]}}],"collection":[{"href":"https:\/\/radiorevelacionfm.cl\/index.php?rest_route=\/wp\/v2\/posts"}],"about":[{"href":"https:\/\/radiorevelacionfm.cl\/index.php?rest_route=\/wp\/v2\/types\/post"}],"author":[{"embeddable":true,"href":"https:\/\/radiorevelacionfm.cl\/index.php?rest_route=\/wp\/v2\/users\/1"}],"replies":[{"embeddable":true,"href":"https:\/\/radiorevelacionfm.cl\/index.php?rest_route=%2Fwp%2Fv2%2Fcomments&post=59544"}],"version-history":[{"count":2,"href":"https:\/\/radiorevelacionfm.cl\/index.php?rest_route=\/wp\/v2\/posts\/59544\/revisions"}],"predecessor-version":[{"id":59547,"href":"https:\/\/radiorevelacionfm.cl\/index.php?rest_route=\/wp\/v2\/posts\/59544\/revisions\/59547"}],"wp:featuredmedia":[{"embeddable":true,"href":"https:\/\/radiorevelacionfm.cl\/index.php?rest_route=\/wp\/v2\/media\/59545"}],"wp:attachment":[{"href":"https:\/\/radiorevelacionfm.cl\/index.php?rest_route=%2Fwp%2Fv2%2Fmedia&parent=59544"}],"wp:term":[{"taxonomy":"category","embeddable":true,"href":"https:\/\/radiorevelacionfm.cl\/index.php?rest_route=%2Fwp%2Fv2%2Fcategories&post=59544"},{"taxonomy":"post_tag","embeddable":true,"href":"https:\/\/radiorevelacionfm.cl\/index.php?rest_route=%2Fwp%2Fv2%2Ftags&post=59544"}],"curies":[{"name":"wp","href":"https:\/\/api.w.org\/{rel}","templated":true}]}}