{"id":59537,"date":"2025-09-25T17:07:43","date_gmt":"2025-09-25T20:07:43","guid":{"rendered":"https:\/\/radiorevelacionfm.cl\/?p=59537"},"modified":"2025-09-25T17:07:43","modified_gmt":"2025-09-25T20:07:43","slug":"entregan-por-primera-vez-en-aysen-fondo-del-patrimonio-cultural-indigena","status":"publish","type":"post","link":"https:\/\/radiorevelacionfm.cl\/?p=59537","title":{"rendered":"Entregan por primera vez en Ays\u00e9n Fondo del Patrimonio Cultural Ind\u00edgena"},"content":{"rendered":"<div class=\"flex_column av_one_full  flex_column_div av-zero-column-padding first  avia-builder-el-0  el_before_av_one_full  avia-builder-el-first  \" style='border-radius:0px; '><div  class='avia-image-container  av-styling-    avia-builder-el-1  avia-builder-el-no-sibling  avia-align-center '  itemprop=\"image\" itemscope=\"itemscope\" itemtype=\"https:\/\/schema.org\/ImageObject\"  ><div class='avia-image-container-inner'><div class='avia-image-overlay-wrap'><img decoding=\"async\" class='wp-image-59538 avia-img-lazy-loading-not-59538 avia_image' src=\"https:\/\/radiorevelacionfm.cl\/wp-content\/uploads\/2025\/09\/patrimonio-1-1-1_optimized-1.jpeg\" alt='' title='patrimonio-1-(1)-(1)_optimized (1)' height=\"600\" width=\"800\"  itemprop=\"thumbnailUrl\" srcset=\"https:\/\/radiorevelacionfm.cl\/wp-content\/uploads\/2025\/09\/patrimonio-1-1-1_optimized-1.jpeg 800w, https:\/\/radiorevelacionfm.cl\/wp-content\/uploads\/2025\/09\/patrimonio-1-1-1_optimized-1-300x225.jpeg 300w, https:\/\/radiorevelacionfm.cl\/wp-content\/uploads\/2025\/09\/patrimonio-1-1-1_optimized-1-768x576.jpeg 768w, https:\/\/radiorevelacionfm.cl\/wp-content\/uploads\/2025\/09\/patrimonio-1-1-1_optimized-1-705x529.jpeg 705w, https:\/\/radiorevelacionfm.cl\/wp-content\/uploads\/2025\/09\/patrimonio-1-1-1_optimized-1-450x338.jpeg 450w, https:\/\/radiorevelacionfm.cl\/wp-content\/uploads\/2025\/09\/patrimonio-1-1-1_optimized-1-600x450.jpeg 600w\" sizes=\"(max-width: 800px) 100vw, 800px\" \/><\/div><\/div><\/div><\/div><div class=\"flex_column av_one_full  flex_column_div av-zero-column-padding first  avia-builder-el-2  el_after_av_one_full  el_before_av_one_full  column-top-margin\" style='border-radius:0px; '><section class=\"av_textblock_section \"  itemscope=\"itemscope\" itemtype=\"https:\/\/schema.org\/BlogPosting\" itemprop=\"blogPost\" ><div class='avia_textblock  '   itemprop=\"text\" ><p style=\"text-align: center;\"><strong><span style=\"font-size: 18pt;\">Entregan por primera vez en Ays\u00e9n Fondo del Patrimonio Cultural Ind\u00edgena<\/span><\/strong><\/p>\n<div id=\"gtx-trans\" style=\"position: absolute; left: -50px; top: 4.31534px;\">\n<div class=\"gtx-trans-icon\"><\/div>\n<\/div>\n<\/div><\/section><\/div><div class=\"flex_column av_one_full  flex_column_div av-zero-column-padding first  avia-builder-el-4  el_after_av_one_full  el_before_av_hr  column-top-margin\" style='border-radius:0px; '><section class=\"av_textblock_section \"  itemscope=\"itemscope\" itemtype=\"https:\/\/schema.org\/BlogPosting\" itemprop=\"blogPost\" ><div class='avia_textblock  '   itemprop=\"text\" ><p style=\"text-align: justify;\">Desde el Ministerio de Desarrollo Social y Familia a trav\u00e9s de Conadi y con una simb\u00f3lica entrega de un cheque en la Plaza de Armas de Coyhaique, otorgaron por primera vez en la regi\u00f3n de Ays\u00e9n el Fondo Protecci\u00f3n del Patrimonio Cultural Ind\u00edgena, en donde concursaron con distintas iniciativas Asociaciones, Comunidades y personas naturales, resultando 5 beneficiarios de las comunas de Cochrane, Coyhaique y Puerto Ays\u00e9n por un monto total de $25.000.000.<\/p>\n<p style=\"text-align: justify;\">Destacando el hito de lograr que este beneficio llegue por primera vez a la regi\u00f3n de Ays\u00e9n, la Seremi de Desarrollo Social y Familia, Karina Acevedo Auad relev\u00f3 que \u201cson 5 millones para cada una de las comunidades que postularon, lo que les va a permitir poder mejorar las condiciones de sus rucas, mejorar las condiciones de c\u00f3mo hacen la transmisi\u00f3n de los saberes ancestrales como la medicina y tambi\u00e9n la lengua, su cultura y educaci\u00f3n, que es lo que cada una de las comunidades ha definido. Nosotros como Gobierno estamos tremendamente contentos con lograr que estos recursos lleguen y se mantengan en la regi\u00f3n de Ays\u00e9n, de los cuales 3 de las comunidades son de la comuna de Coyhaique, una es de Cochrane y la otra es de Puerto Ays\u00e9n\u201d.<\/p>\n<p style=\"text-align: justify;\">Es as\u00ed que los beneficiados con 5 millones cada uno, son la Comunidad ind\u00edgena Carfulef de Coyhaique, la Asociaci\u00f3n Ind\u00edgena Antu ka Pire Mapu Mew de Alto Baguales, Asociaci\u00f3n ind\u00edgena Mawun Mapu de Puerto Ays\u00e9n, Mar\u00eda Margot Anti\u00f1irre Ruiz de Coyhaique y Mar\u00eda Francisca Z\u00fa\u00f1iga de Cochrane.<\/p>\n<p style=\"text-align: justify;\">Sergio Huenul quien representa a la Asociaci\u00f3n Ind\u00edgena Antu ka Pire Mapu Mew, se\u00f1al\u00f3 que \u201cYo estoy agradecido por esta instancia, para nosotros es bastante importante poder que se pudiera desarrollar esta acci\u00f3n porque estamos constantemente en transmitir saberes. Hemos recibido bastantes visitas en nuestra ruca y era importante poder contar con este beneficio cuando postulamos fue bastante complejo porque no se sabe, pero buscamos las herramientas para que nos pudieran ayudar y este proyecto va destinado netamente a revestimiento t\u00e9rmico\u201d.<\/p>\n<p style=\"text-align: justify;\">Memorias del Linaje del Cacique Anti\u00f1irre, es el nombre del proyecto que desarrollar\u00e1 Mar\u00eda Anti\u00f1irre, en su representaci\u00f3n asisti\u00f3 su hermano Gustavo Anti\u00f1irre Ruiz quien se\u00f1al\u00f3 \u201cest\u00e1 haciendo un libro en el cual nosotros estamos apoy\u00e1ndola como Comunidad, en donde habla de las memorias del linaje del cacique Anti\u00f1irre, un ancestro, un cacique que fue expulsado de sus tierras en los a\u00f1os 1800 y tantos y habla de toda la continuaci\u00f3n despu\u00e9s de \u00e9l, su vida y de c\u00f3mo nos golpe\u00f3 despu\u00e9s de haber sido expulsados nuestros ancestros, hasta el momento de hoy\u201d.<\/p>\n<p style=\"text-align: justify;\">Iv\u00e1n C\u00e1rdenas Carfulef en representaci\u00f3n de la Comunidad coment\u00f3 \u201cEl beneficio que postulamos como comunidad es el mejoramiento de nuestra ruca, el mejoramiento de terreno, cercos y varios que tenemos para seguir manteniendo el linaje Carfulef. Para eso estamos agradecidos de la CONADI, que nos han apoyado mucho en estos pasos a seguir adelante\u201d.<\/p>\n<p style=\"text-align: justify;\">Finalmente, la encargada de la Oficina de Enlace Coyhaique de Conadi, Pamela Huaitiao detall\u00f3 \u201cEs primera vez que lanzamos el concurso en la regi\u00f3n, participaron 12 agrupaciones y tambi\u00e9n personas naturales ind\u00edgenas, de las cuales 5 quedaron seleccionadas para recibir este beneficio de protecci\u00f3n al patrimonio cultural. Se agradecen todas las gestiones que hubo a nivel ministerial y tambi\u00e9n como Corporaci\u00f3n, para que por primera vez podamos contar con este subsidio\u201d.<\/p>\n<\/div><\/section><\/div><div  style='height:50px' class='hr hr-invisible   avia-builder-el-6  el_after_av_one_full  el_before_av_social_share '><span class='hr-inner ' ><span class='hr-inner-style'><\/span><\/span><\/div><\/p>\n<div  class='av-social-sharing-box  avia-builder-el-7  el_after_av_hr  el_before_av_hr  '><div class='av-share-box'><h5 class='av-share-link-description av-no-toc '>Compartir esta noticia<\/h5><ul class='av-share-box-list noLightbox'><li class='av-share-link av-social-link-facebook' ><a target=\"_blank\" aria-label=\"Compartir en Facebook\" href='https:\/\/www.facebook.com\/sharer.php?u=https:\/\/radiorevelacionfm.cl\/?p=59537&#038;t=Entregan%20por%20primera%20vez%20en%20Ays%C3%A9n%20Fondo%20del%20Patrimonio%20Cultural%20Ind%C3%ADgena' aria-hidden='false' data-av_icon='\ue8f3' data-av_iconfont='entypo-fontello' title='' data-avia-related-tooltip='Compartir en Facebook' rel=\"noopener\"><span class='avia_hidden_link_text'>Compartir en Facebook<\/span><\/a><\/li><li class='av-share-link av-social-link-twitter' ><a target=\"_blank\" aria-label=\"Compartir en Twitter\" href='https:\/\/twitter.com\/share?text=Entregan%20por%20primera%20vez%20en%20Ays%C3%A9n%20Fondo%20del%20Patrimonio%20Cultural%20Ind%C3%ADgena&#038;url=https:\/\/radiorevelacionfm.cl\/?p=59537' aria-hidden='false' data-av_icon='\ue8f1' data-av_iconfont='entypo-fontello' title='' data-avia-related-tooltip='Compartir en Twitter' rel=\"noopener\"><span class='avia_hidden_link_text'>Compartir en Twitter<\/span><\/a><\/li><li class='av-share-link av-social-link-whatsapp' ><a target=\"_blank\" aria-label=\"Compartir en Whatsapp\" href='https:\/\/api.whatsapp.com\/send?text=https:\/\/radiorevelacionfm.cl\/?p=59537' aria-hidden='false' data-av_icon='\uf232' data-av_iconfont='entypo-fontello' title='' data-avia-related-tooltip='Compartir en Whatsapp' rel=\"noopener\"><span class='avia_hidden_link_text'>Compartir en Whatsapp<\/span><\/a><\/li><li class='av-share-link av-social-link-linkedin' ><a target=\"_blank\" aria-label=\"Compartir en LinkedIn\" href='https:\/\/linkedin.com\/shareArticle?mini=true&#038;title=Entregan%20por%20primera%20vez%20en%20Ays%C3%A9n%20Fondo%20del%20Patrimonio%20Cultural%20Ind%C3%ADgena&#038;url=https:\/\/radiorevelacionfm.cl\/?p=59537' aria-hidden='false' data-av_icon='\ue8fc' data-av_iconfont='entypo-fontello' title='' data-avia-related-tooltip='Compartir en LinkedIn' rel=\"noopener\"><span class='avia_hidden_link_text'>Compartir en LinkedIn<\/span><\/a><\/li><li class='av-share-link av-social-link-mail' ><a  aria-label=\"Compartir por correo\" href='mailto:?subject=Entregan%20por%20primera%20vez%20en%20Ays%C3%A9n%20Fondo%20del%20Patrimonio%20Cultural%20Ind%C3%ADgena&#038;body=https:\/\/radiorevelacionfm.cl\/?p=59537' aria-hidden='false' data-av_icon='\ue805' data-av_iconfont='entypo-fontello' title='' data-avia-related-tooltip='Compartir por correo'><span class='avia_hidden_link_text'>Compartir por correo<\/span><\/a><\/li><\/ul><\/div><\/div>\n<div  style='height:50px' class='hr hr-invisible   avia-builder-el-8  el_after_av_social_share  el_before_av_comments_list '><span class='hr-inner ' ><span class='hr-inner-style'><\/span><\/span><\/div>\n<div  class='av-buildercomment  av-blog-meta-html-info-disabled av-blog-meta-tag-disabled  '><\/div>\n","protected":false},"excerpt":{"rendered":"","protected":false},"author":1,"featured_media":59538,"comment_status":"closed","ping_status":"closed","sticky":false,"template":"","format":"standard","meta":{"footnotes":""},"categories":[38],"tags":[],"class_list":["post-59537","post","type-post","status-publish","format-standard","has-post-thumbnail","hentry","category-regional"],"jetpack_featured_media_url":"https:\/\/radiorevelacionfm.cl\/wp-content\/uploads\/2025\/09\/patrimonio-1-1-1_optimized-1.jpeg","_links":{"self":[{"href":"https:\/\/radiorevelacionfm.cl\/index.php?rest_route=\/wp\/v2\/posts\/59537","targetHints":{"allow":["GET"]}}],"collection":[{"href":"https:\/\/radiorevelacionfm.cl\/index.php?rest_route=\/wp\/v2\/posts"}],"about":[{"href":"https:\/\/radiorevelacionfm.cl\/index.php?rest_route=\/wp\/v2\/types\/post"}],"author":[{"embeddable":true,"href":"https:\/\/radiorevelacionfm.cl\/index.php?rest_route=\/wp\/v2\/users\/1"}],"replies":[{"embeddable":true,"href":"https:\/\/radiorevelacionfm.cl\/index.php?rest_route=%2Fwp%2Fv2%2Fcomments&post=59537"}],"version-history":[{"count":2,"href":"https:\/\/radiorevelacionfm.cl\/index.php?rest_route=\/wp\/v2\/posts\/59537\/revisions"}],"predecessor-version":[{"id":59540,"href":"https:\/\/radiorevelacionfm.cl\/index.php?rest_route=\/wp\/v2\/posts\/59537\/revisions\/59540"}],"wp:featuredmedia":[{"embeddable":true,"href":"https:\/\/radiorevelacionfm.cl\/index.php?rest_route=\/wp\/v2\/media\/59538"}],"wp:attachment":[{"href":"https:\/\/radiorevelacionfm.cl\/index.php?rest_route=%2Fwp%2Fv2%2Fmedia&parent=59537"}],"wp:term":[{"taxonomy":"category","embeddable":true,"href":"https:\/\/radiorevelacionfm.cl\/index.php?rest_route=%2Fwp%2Fv2%2Fcategories&post=59537"},{"taxonomy":"post_tag","embeddable":true,"href":"https:\/\/radiorevelacionfm.cl\/index.php?rest_route=%2Fwp%2Fv2%2Ftags&post=59537"}],"curies":[{"name":"wp","href":"https:\/\/api.w.org\/{rel}","templated":true}]}}