{"id":59532,"date":"2025-09-25T16:01:50","date_gmt":"2025-09-25T19:01:50","guid":{"rendered":"https:\/\/radiorevelacionfm.cl\/?p=59532"},"modified":"2025-09-25T16:01:50","modified_gmt":"2025-09-25T19:01:50","slug":"con-una-feria-del-destino-aysen-patagonia-y-reconocimientos-a-empresarios-as-del-sector-sernatur-aysen-celebra-el-dia-mundial-del-turismo-2025","status":"publish","type":"post","link":"https:\/\/radiorevelacionfm.cl\/?p=59532","title":{"rendered":"Con una feria del destino Ays\u00e9n Patagonia y reconocimientos a empresarios\/as del sector, Sernatur Ays\u00e9n celebra el D\u00eda Mundial del Turismo 2025"},"content":{"rendered":"<div class=\"flex_column av_one_full  flex_column_div av-zero-column-padding first  avia-builder-el-0  el_before_av_one_full  avia-builder-el-first  \" style='border-radius:0px; '><div  class='avia-image-container  av-styling-    avia-builder-el-1  avia-builder-el-no-sibling  avia-align-center '  itemprop=\"image\" itemscope=\"itemscope\" itemtype=\"https:\/\/schema.org\/ImageObject\"  ><div class='avia-image-container-inner'><div class='avia-image-overlay-wrap'><img decoding=\"async\" class='wp-image-59533 avia-img-lazy-loading-not-59533 avia_image' src=\"https:\/\/radiorevelacionfm.cl\/wp-content\/uploads\/2025\/09\/feria-turismo-2024-1_optimized-1_optimized-1.jpg\" alt='' title='feria-turismo-2024-(1)_optimized-(1)_optimized (1)' height=\"600\" width=\"1032\"  itemprop=\"thumbnailUrl\" srcset=\"https:\/\/radiorevelacionfm.cl\/wp-content\/uploads\/2025\/09\/feria-turismo-2024-1_optimized-1_optimized-1.jpg 1032w, https:\/\/radiorevelacionfm.cl\/wp-content\/uploads\/2025\/09\/feria-turismo-2024-1_optimized-1_optimized-1-300x174.jpg 300w, https:\/\/radiorevelacionfm.cl\/wp-content\/uploads\/2025\/09\/feria-turismo-2024-1_optimized-1_optimized-1-1030x599.jpg 1030w, https:\/\/radiorevelacionfm.cl\/wp-content\/uploads\/2025\/09\/feria-turismo-2024-1_optimized-1_optimized-1-768x447.jpg 768w, https:\/\/radiorevelacionfm.cl\/wp-content\/uploads\/2025\/09\/feria-turismo-2024-1_optimized-1_optimized-1-705x410.jpg 705w, https:\/\/radiorevelacionfm.cl\/wp-content\/uploads\/2025\/09\/feria-turismo-2024-1_optimized-1_optimized-1-450x262.jpg 450w, https:\/\/radiorevelacionfm.cl\/wp-content\/uploads\/2025\/09\/feria-turismo-2024-1_optimized-1_optimized-1-600x349.jpg 600w\" sizes=\"(max-width: 1032px) 100vw, 1032px\" \/><\/div><\/div><\/div><\/div><div class=\"flex_column av_one_full  flex_column_div av-zero-column-padding first  avia-builder-el-2  el_after_av_one_full  el_before_av_one_full  column-top-margin\" style='border-radius:0px; '><section class=\"av_textblock_section \"  itemscope=\"itemscope\" itemtype=\"https:\/\/schema.org\/BlogPosting\" itemprop=\"blogPost\" ><div class='avia_textblock  '   itemprop=\"text\" ><p style=\"text-align: center;\"><strong><span style=\"font-size: 18pt;\">Con una feria del destino Ays\u00e9n Patagonia y reconocimientos a empresarios\/as del sector, Sernatur Ays\u00e9n celebra el D\u00eda Mundial del Turismo 2025<\/span><\/strong><\/p>\n<div id=\"gtx-trans\" style=\"position: absolute; left: -50px; top: 4.31534px;\">\n<div class=\"gtx-trans-icon\"><\/div>\n<\/div>\n<\/div><\/section><\/div><div class=\"flex_column av_one_full  flex_column_div av-zero-column-padding first  avia-builder-el-4  el_after_av_one_full  el_before_av_hr  column-top-margin\" style='border-radius:0px; '><section class=\"av_textblock_section \"  itemscope=\"itemscope\" itemtype=\"https:\/\/schema.org\/BlogPosting\" itemprop=\"blogPost\" ><div class='avia_textblock  '   itemprop=\"text\" ><p style=\"text-align: justify;\">Este s\u00e1bado 27 de septiembre, la Regi\u00f3n de Ays\u00e9n celebrar\u00e1 el D\u00eda Mundial del Turismo, con la Feria de Turismo Ays\u00e9n Patagonia, un encuentro gratuito que invita a dinamizar el turismo interno y que las familias y viajeros programen su pr\u00f3xima escapada por la regi\u00f3n.<\/p>\n<p style=\"text-align: justify;\">Este a\u00f1o, la celebraci\u00f3n mundial se enmarca en el lema \u201cTurismo y transformaci\u00f3n sostenible\u201d, que destaca la contribuci\u00f3n del sector como un motor de cambio que impulsa la educaci\u00f3n, la inclusi\u00f3n social, el cuidado del medio ambiente y el desarrollo econ\u00f3mico local.<\/p>\n<p style=\"text-align: justify;\">La actividad es organizada por Sernatur Ays\u00e9n gracias al financiamiento del Gobierno Regional de Ays\u00e9n, y busca acercar la oferta tur\u00edstica regional a la comunidad, motivando a las y los habitantes de la comuna a elegir su propia regi\u00f3n para su pr\u00f3xima escapada.<\/p>\n<p style=\"text-align: justify;\">La iniciativa busca adem\u00e1s\u00a0promover el turismo responsable y las buenas pr\u00e1cticas en materia de sostenibilidad, en concordancia con la Estrategia Nacional de Turismo Sostenible y con el compromiso regional de reducir impactos ambientales y potenciar las econom\u00edas locales.<\/p>\n<p style=\"text-align: justify;\">Claudio Montecinos, director regional de Sernatur Ays\u00e9n, destac\u00f3 la importancia de dar a conocer la diversidad de destinos a los que pueden acceder los habitantes de la regi\u00f3n, promoviendo de esta manera el turismo interno. \u201cPara nosotros es muy importante el que la comunidad pueda visitar esta feria regional de turismo, porque nos interesa mucho fortalecer el turismo interno. Necesitamos que los residentes de la regi\u00f3n de Ays\u00e9n sean los principales turistas de nuestra regi\u00f3n, que conozcan los distintos atractivos que tenemos en el destino Ays\u00e9n Patagonia, que conozcan los distintos atractivos tur\u00edsticos que se encuentran a lo largo de toda la carretera austral, la ruta de los parques. Por lo tanto, la invitaci\u00f3n es a poder visitarnos en esta gran feria de turismo\u201d, indic\u00f3 el director.<\/p>\n<p style=\"text-align: justify;\">La feria se instalar\u00e1 en una gran carpa que se ubicar\u00e1 en calle Bilbao, en la intersecci\u00f3n de las calles Cochrane y Arturo Prat en Coyhaique, espacio que reunir\u00e1 a 20 operadores tur\u00edsticos, quienes dar\u00e1n a conocer toda la oferta disponible para disfrutar los distintos rincones de la regi\u00f3n, adem\u00e1s de stands de artesanos, artesanas, emprendedores y emprendedoras locales que contribuyen con sus creaciones y propuestas a poner en valor la regi\u00f3n de Ays\u00e9n. De manera complementaria, los asistentes podr\u00e1n participar de cocina en vivo, actividades infantiles, concursos y presentaciones musicales.<\/p>\n<p style=\"text-align: justify;\">En paralelo, el aeropuerto de Balmaceda se sumar\u00e1 a la celebraci\u00f3n con una activaci\u00f3n de bienvenida a los pasajeros y pasajeras que arriben a la regi\u00f3n durante la ma\u00f1ana del s\u00e1bado, entregando merchandising del destino, quienes adem\u00e1s tendr\u00e1n la posibilidad de acceder a una c\u00e1mara 360 para capturar im\u00e1genes de su llegada a la regi\u00f3n de Ays\u00e9n.<\/p>\n<p style=\"text-align: justify;\">Reconocimiento a la contribuci\u00f3n tur\u00edstica<\/p>\n<p style=\"text-align: justify;\">Como parte de la celebraci\u00f3n del D\u00eda Mundial del Turismo, Sernatur Ays\u00e9n reconocer\u00e1 a diez empresarios y empresarias que han contribuido al fortalecimiento del turismo regional, incluyendo el premio nacional \u201cM\u00e1s valor tur\u00edstico\u201d y \u201cMujer empresaria tur\u00edstica\u201d. Adem\u00e1s, se entregar\u00e1n reconocimientos regionales en las categor\u00edas de trayectoria gremial, innovaci\u00f3n tur\u00edstica, trayectoria empresarial, asociatividad y aporte a la identidad del destino.<\/p>\n<p style=\"text-align: justify;\">Las actividades de la Feria de Turismo Ays\u00e9n Patagonia comenzar\u00e1n a las 10:30 horas y se extender\u00e1n hasta 20:00 horas, finalizando con la presentaci\u00f3n musical de la banda regional \u00abTumbao Swing\u00bb.<\/p>\n<\/div><\/section><\/div><div  style='height:50px' class='hr hr-invisible   avia-builder-el-6  el_after_av_one_full  el_before_av_social_share '><span class='hr-inner ' ><span class='hr-inner-style'><\/span><\/span><\/div><\/p>\n<div  class='av-social-sharing-box  avia-builder-el-7  el_after_av_hr  el_before_av_hr  '><div class='av-share-box'><h5 class='av-share-link-description av-no-toc '>Compartir esta noticia<\/h5><ul class='av-share-box-list noLightbox'><li class='av-share-link av-social-link-facebook' ><a target=\"_blank\" aria-label=\"Compartir en Facebook\" href='https:\/\/www.facebook.com\/sharer.php?u=https:\/\/radiorevelacionfm.cl\/?p=59532&#038;t=Con%20una%20feria%20del%20destino%20Ays%C3%A9n%20Patagonia%20y%20reconocimientos%20a%20empresarios%2Fas%20del%20sector%2C%20Sernatur%20Ays%C3%A9n%20celebra%20el%20D%C3%ADa%20Mundial%20del%20Turismo%202025' aria-hidden='false' data-av_icon='\ue8f3' data-av_iconfont='entypo-fontello' title='' data-avia-related-tooltip='Compartir en Facebook' rel=\"noopener\"><span class='avia_hidden_link_text'>Compartir en Facebook<\/span><\/a><\/li><li class='av-share-link av-social-link-twitter' ><a target=\"_blank\" aria-label=\"Compartir en Twitter\" href='https:\/\/twitter.com\/share?text=Con%20una%20feria%20del%20destino%20Ays%C3%A9n%20Patagonia%20y%20reconocimientos%20a%20empresarios%2Fas%20del%20sector%2C%20Sernatur%20Ays%C3%A9n%20celebra%20el%20D%C3%ADa%20Mundial%20del%20Turismo%202025&#038;url=https:\/\/radiorevelacionfm.cl\/?p=59532' aria-hidden='false' data-av_icon='\ue8f1' data-av_iconfont='entypo-fontello' title='' data-avia-related-tooltip='Compartir en Twitter' rel=\"noopener\"><span class='avia_hidden_link_text'>Compartir en Twitter<\/span><\/a><\/li><li class='av-share-link av-social-link-whatsapp' ><a target=\"_blank\" aria-label=\"Compartir en Whatsapp\" href='https:\/\/api.whatsapp.com\/send?text=https:\/\/radiorevelacionfm.cl\/?p=59532' aria-hidden='false' data-av_icon='\uf232' data-av_iconfont='entypo-fontello' title='' data-avia-related-tooltip='Compartir en Whatsapp' rel=\"noopener\"><span class='avia_hidden_link_text'>Compartir en Whatsapp<\/span><\/a><\/li><li class='av-share-link av-social-link-linkedin' ><a target=\"_blank\" aria-label=\"Compartir en LinkedIn\" href='https:\/\/linkedin.com\/shareArticle?mini=true&#038;title=Con%20una%20feria%20del%20destino%20Ays%C3%A9n%20Patagonia%20y%20reconocimientos%20a%20empresarios%2Fas%20del%20sector%2C%20Sernatur%20Ays%C3%A9n%20celebra%20el%20D%C3%ADa%20Mundial%20del%20Turismo%202025&#038;url=https:\/\/radiorevelacionfm.cl\/?p=59532' aria-hidden='false' data-av_icon='\ue8fc' data-av_iconfont='entypo-fontello' title='' data-avia-related-tooltip='Compartir en LinkedIn' rel=\"noopener\"><span class='avia_hidden_link_text'>Compartir en LinkedIn<\/span><\/a><\/li><li class='av-share-link av-social-link-mail' ><a  aria-label=\"Compartir por correo\" href='mailto:?subject=Con%20una%20feria%20del%20destino%20Ays%C3%A9n%20Patagonia%20y%20reconocimientos%20a%20empresarios%2Fas%20del%20sector%2C%20Sernatur%20Ays%C3%A9n%20celebra%20el%20D%C3%ADa%20Mundial%20del%20Turismo%202025&#038;body=https:\/\/radiorevelacionfm.cl\/?p=59532' aria-hidden='false' data-av_icon='\ue805' data-av_iconfont='entypo-fontello' title='' data-avia-related-tooltip='Compartir por correo'><span class='avia_hidden_link_text'>Compartir por correo<\/span><\/a><\/li><\/ul><\/div><\/div>\n<div  style='height:50px' class='hr hr-invisible   avia-builder-el-8  el_after_av_social_share  el_before_av_comments_list '><span class='hr-inner ' ><span class='hr-inner-style'><\/span><\/span><\/div>\n<div  class='av-buildercomment  av-blog-meta-html-info-disabled av-blog-meta-tag-disabled  '><\/div>\n","protected":false},"excerpt":{"rendered":"","protected":false},"author":1,"featured_media":59533,"comment_status":"closed","ping_status":"closed","sticky":false,"template":"","format":"standard","meta":{"footnotes":""},"categories":[54],"tags":[],"class_list":["post-59532","post","type-post","status-publish","format-standard","has-post-thumbnail","hentry","category-turismo"],"jetpack_featured_media_url":"https:\/\/radiorevelacionfm.cl\/wp-content\/uploads\/2025\/09\/feria-turismo-2024-1_optimized-1_optimized-1.jpg","_links":{"self":[{"href":"https:\/\/radiorevelacionfm.cl\/index.php?rest_route=\/wp\/v2\/posts\/59532","targetHints":{"allow":["GET"]}}],"collection":[{"href":"https:\/\/radiorevelacionfm.cl\/index.php?rest_route=\/wp\/v2\/posts"}],"about":[{"href":"https:\/\/radiorevelacionfm.cl\/index.php?rest_route=\/wp\/v2\/types\/post"}],"author":[{"embeddable":true,"href":"https:\/\/radiorevelacionfm.cl\/index.php?rest_route=\/wp\/v2\/users\/1"}],"replies":[{"embeddable":true,"href":"https:\/\/radiorevelacionfm.cl\/index.php?rest_route=%2Fwp%2Fv2%2Fcomments&post=59532"}],"version-history":[{"count":2,"href":"https:\/\/radiorevelacionfm.cl\/index.php?rest_route=\/wp\/v2\/posts\/59532\/revisions"}],"predecessor-version":[{"id":59536,"href":"https:\/\/radiorevelacionfm.cl\/index.php?rest_route=\/wp\/v2\/posts\/59532\/revisions\/59536"}],"wp:featuredmedia":[{"embeddable":true,"href":"https:\/\/radiorevelacionfm.cl\/index.php?rest_route=\/wp\/v2\/media\/59533"}],"wp:attachment":[{"href":"https:\/\/radiorevelacionfm.cl\/index.php?rest_route=%2Fwp%2Fv2%2Fmedia&parent=59532"}],"wp:term":[{"taxonomy":"category","embeddable":true,"href":"https:\/\/radiorevelacionfm.cl\/index.php?rest_route=%2Fwp%2Fv2%2Fcategories&post=59532"},{"taxonomy":"post_tag","embeddable":true,"href":"https:\/\/radiorevelacionfm.cl\/index.php?rest_route=%2Fwp%2Fv2%2Ftags&post=59532"}],"curies":[{"name":"wp","href":"https:\/\/api.w.org\/{rel}","templated":true}]}}