{"id":59528,"date":"2025-09-25T15:34:31","date_gmt":"2025-09-25T18:34:31","guid":{"rendered":"https:\/\/radiorevelacionfm.cl\/?p=59528"},"modified":"2025-09-25T15:34:31","modified_gmt":"2025-09-25T18:34:31","slug":"injuv-impulsa-el-autocuidado-juvenil-con-charla-sobre-violencia-digital-en-puerto-aysen","status":"publish","type":"post","link":"https:\/\/radiorevelacionfm.cl\/?p=59528","title":{"rendered":"INJUV impulsa el autocuidado juvenil con charla sobre violencia digital en Puerto Ays\u00e9n"},"content":{"rendered":"<div class=\"flex_column av_one_full  flex_column_div av-zero-column-padding first  avia-builder-el-0  el_before_av_one_full  avia-builder-el-first  \" style='border-radius:0px; '><div  class='avia-image-container  av-styling-    avia-builder-el-1  avia-builder-el-no-sibling  avia-align-center '  itemprop=\"image\" itemscope=\"itemscope\" itemtype=\"https:\/\/schema.org\/ImageObject\"  ><div class='avia-image-container-inner'><div class='avia-image-overlay-wrap'><img decoding=\"async\" class='wp-image-59529 avia-img-lazy-loading-not-59529 avia_image' src=\"https:\/\/radiorevelacionfm.cl\/wp-content\/uploads\/2025\/09\/foto-1-2025-09-25t153121_optimized.937-1.jpg\" alt='' title='foto-1 - -2025-09-25t153121_optimized.937-(1)' height=\"600\" width=\"1182\"  itemprop=\"thumbnailUrl\" srcset=\"https:\/\/radiorevelacionfm.cl\/wp-content\/uploads\/2025\/09\/foto-1-2025-09-25t153121_optimized.937-1.jpg 1182w, https:\/\/radiorevelacionfm.cl\/wp-content\/uploads\/2025\/09\/foto-1-2025-09-25t153121_optimized.937-1-300x152.jpg 300w, https:\/\/radiorevelacionfm.cl\/wp-content\/uploads\/2025\/09\/foto-1-2025-09-25t153121_optimized.937-1-1030x523.jpg 1030w, https:\/\/radiorevelacionfm.cl\/wp-content\/uploads\/2025\/09\/foto-1-2025-09-25t153121_optimized.937-1-768x390.jpg 768w, https:\/\/radiorevelacionfm.cl\/wp-content\/uploads\/2025\/09\/foto-1-2025-09-25t153121_optimized.937-1-705x358.jpg 705w, https:\/\/radiorevelacionfm.cl\/wp-content\/uploads\/2025\/09\/foto-1-2025-09-25t153121_optimized.937-1-450x228.jpg 450w, https:\/\/radiorevelacionfm.cl\/wp-content\/uploads\/2025\/09\/foto-1-2025-09-25t153121_optimized.937-1-600x305.jpg 600w\" sizes=\"(max-width: 1182px) 100vw, 1182px\" \/><\/div><\/div><\/div><\/div><div class=\"flex_column av_one_full  flex_column_div av-zero-column-padding first  avia-builder-el-2  el_after_av_one_full  el_before_av_one_full  column-top-margin\" style='border-radius:0px; '><section class=\"av_textblock_section \"  itemscope=\"itemscope\" itemtype=\"https:\/\/schema.org\/BlogPosting\" itemprop=\"blogPost\" ><div class='avia_textblock  '   itemprop=\"text\" ><p style=\"text-align: center;\"><strong><span style=\"font-size: 18pt;\">INJUV impulsa el autocuidado juvenil con charla sobre violencia digital en Puerto Ays\u00e9n<\/span><\/strong><\/p>\n<div id=\"gtx-trans\" style=\"position: absolute; left: -50px; top: 4.31534px;\">\n<div class=\"gtx-trans-icon\"><\/div>\n<\/div>\n<\/div><\/section><\/div><div class=\"flex_column av_one_full  flex_column_div av-zero-column-padding first  avia-builder-el-4  el_after_av_one_full  el_before_av_hr  column-top-margin\" style='border-radius:0px; '><section class=\"av_textblock_section \"  itemscope=\"itemscope\" itemtype=\"https:\/\/schema.org\/BlogPosting\" itemprop=\"blogPost\" ><div class='avia_textblock  '   itemprop=\"text\" ><p style=\"text-align: justify;\">Con el objetivo de promover el bienestar f\u00edsico y mental de las juventudes, el Instituto Nacional de la Juventud (INJUV) desarroll\u00f3 una activaci\u00f3n regional en el Liceo Polit\u00e9cnico A-1 de la comuna de Ays\u00e9n, en el marco del programa de autocuidado Hablemos de Todo.<\/p>\n<p style=\"text-align: justify;\">La jornada estuvo dirigida a estudiantes de ense\u00f1anza media y fue liderada por el psic\u00f3logo de INJUV Ays\u00e9n, Mauro Finlez Godoy, quien abord\u00f3 tem\u00e1ticas vinculadas a la violencia digital, entregando informaci\u00f3n actualizada y herramientas pr\u00e1cticas para identificarla, enfrentarla y prevenirla. De esta manera, se busca fortalecer el autocuidado y la salud mental en las juventudes de Puerto Ays\u00e9n.<\/p>\n<p style=\"text-align: justify;\">\u00abAbordar la violencia digital con las juventudes no es solo entregar informaci\u00f3n, sino abrir espacios de di\u00e1logo que les permitan comprender c\u00f3mo estas din\u00e1micas impactan en su vida cotidiana. Desde INJUV buscamos que estas instancias sean un punto de partida para reflexionar, generar conciencia colectiva y reforzar el valor del autocuidado como una pr\u00e1ctica permanente, no solo como una reacci\u00f3n frente a un problema\u201d, sostuvo el director regional de INJUV Ays\u00e9n, Camilo Trivi\u00f1o Urtubia.<\/p>\n<p style=\"text-align: justify;\">Para Fernanda Quin\u00e1n Calder\u00f3n fue \u201cs\u00faper importante que se hablara de la violencia digital, porque muchas veces no sabemos c\u00f3mo enfrentarla ni a qui\u00e9n recurrir. Estas instancias nos ayudan a entender m\u00e1s y cuidarnos mejor\u201d, coment\u00f3 una de las j\u00f3venes participantes.<\/p>\n<p style=\"text-align: justify;\">El programa Hablemos de Todo de INJUV ofrece un servicio de chat en l\u00ednea gratuito y confidencial, atendido por profesionales de la salud mental. El canal funciona de lunes a viernes entre las 11:00 y 23:00 horas, y los s\u00e1bados de 12:00 a 18:00 horas, entregando orientaci\u00f3n, contenci\u00f3n emocional y, en caso de ser necesario, derivaci\u00f3n a redes de apoyo especializadas.<\/p>\n<p style=\"text-align: justify;\">Durante el 2025, el programa ha priorizado el trabajo en torno a tres tem\u00e1ticas identificadas por las propias juventudes en el Encuentro Territorial realizado el 2024: ansiedad, consumo de alcohol y drogas, e interrupci\u00f3n voluntaria del embarazo, ejes que han guiado el trabajo regional en Ays\u00e9n durante este a\u00f1o.<\/p>\n<p style=\"text-align: justify;\">Las y los j\u00f3venes interesados pueden acceder a m\u00e1s informaci\u00f3n a trav\u00e9s del sitio web <a href=\"http:\/\/hablemosdetodo.injuv.gob.cl\">http:\/\/hablemosdetodo.injuv.gob.cl<\/a>, en redes sociales (@injuvaysen en Instagram, X y Facebook), o de manera presencial en la Direcci\u00f3n Regional de INJUV Ays\u00e9n, ubicada en Manuel Rodr\u00edguez #239, Coyhaique, de lunes a jueves de 09:00 a 17:00 horas (horario continuado) y los viernes hasta las 16:00 horas.<\/p>\n<\/div><\/section><\/div><div  style='height:50px' class='hr hr-invisible   avia-builder-el-6  el_after_av_one_full  el_before_av_social_share '><span class='hr-inner ' ><span class='hr-inner-style'><\/span><\/span><\/div><\/p>\n<div  class='av-social-sharing-box  avia-builder-el-7  el_after_av_hr  el_before_av_hr  '><div class='av-share-box'><h5 class='av-share-link-description av-no-toc '>Compartir esta noticia<\/h5><ul class='av-share-box-list noLightbox'><li class='av-share-link av-social-link-facebook' ><a target=\"_blank\" aria-label=\"Compartir en Facebook\" href='https:\/\/www.facebook.com\/sharer.php?u=https:\/\/radiorevelacionfm.cl\/?p=59528&#038;t=INJUV%20impulsa%20el%20autocuidado%20juvenil%20con%20charla%20sobre%20violencia%20digital%20en%20Puerto%20Ays%C3%A9n' aria-hidden='false' data-av_icon='\ue8f3' data-av_iconfont='entypo-fontello' title='' data-avia-related-tooltip='Compartir en Facebook' rel=\"noopener\"><span class='avia_hidden_link_text'>Compartir en Facebook<\/span><\/a><\/li><li class='av-share-link av-social-link-twitter' ><a target=\"_blank\" aria-label=\"Compartir en Twitter\" href='https:\/\/twitter.com\/share?text=INJUV%20impulsa%20el%20autocuidado%20juvenil%20con%20charla%20sobre%20violencia%20digital%20en%20Puerto%20Ays%C3%A9n&#038;url=https:\/\/radiorevelacionfm.cl\/?p=59528' aria-hidden='false' data-av_icon='\ue8f1' data-av_iconfont='entypo-fontello' title='' data-avia-related-tooltip='Compartir en Twitter' rel=\"noopener\"><span class='avia_hidden_link_text'>Compartir en Twitter<\/span><\/a><\/li><li class='av-share-link av-social-link-whatsapp' ><a target=\"_blank\" aria-label=\"Compartir en Whatsapp\" href='https:\/\/api.whatsapp.com\/send?text=https:\/\/radiorevelacionfm.cl\/?p=59528' aria-hidden='false' data-av_icon='\uf232' data-av_iconfont='entypo-fontello' title='' data-avia-related-tooltip='Compartir en Whatsapp' rel=\"noopener\"><span class='avia_hidden_link_text'>Compartir en Whatsapp<\/span><\/a><\/li><li class='av-share-link av-social-link-linkedin' ><a target=\"_blank\" aria-label=\"Compartir en LinkedIn\" href='https:\/\/linkedin.com\/shareArticle?mini=true&#038;title=INJUV%20impulsa%20el%20autocuidado%20juvenil%20con%20charla%20sobre%20violencia%20digital%20en%20Puerto%20Ays%C3%A9n&#038;url=https:\/\/radiorevelacionfm.cl\/?p=59528' aria-hidden='false' data-av_icon='\ue8fc' data-av_iconfont='entypo-fontello' title='' data-avia-related-tooltip='Compartir en LinkedIn' rel=\"noopener\"><span class='avia_hidden_link_text'>Compartir en LinkedIn<\/span><\/a><\/li><li class='av-share-link av-social-link-mail' ><a  aria-label=\"Compartir por correo\" href='mailto:?subject=INJUV%20impulsa%20el%20autocuidado%20juvenil%20con%20charla%20sobre%20violencia%20digital%20en%20Puerto%20Ays%C3%A9n&#038;body=https:\/\/radiorevelacionfm.cl\/?p=59528' aria-hidden='false' data-av_icon='\ue805' data-av_iconfont='entypo-fontello' title='' data-avia-related-tooltip='Compartir por correo'><span class='avia_hidden_link_text'>Compartir por correo<\/span><\/a><\/li><\/ul><\/div><\/div>\n<div  style='height:50px' class='hr hr-invisible   avia-builder-el-8  el_after_av_social_share  el_before_av_comments_list '><span class='hr-inner ' ><span class='hr-inner-style'><\/span><\/span><\/div>\n<div  class='av-buildercomment  av-blog-meta-html-info-disabled av-blog-meta-tag-disabled  '><\/div>\n","protected":false},"excerpt":{"rendered":"","protected":false},"author":1,"featured_media":59529,"comment_status":"closed","ping_status":"closed","sticky":false,"template":"","format":"standard","meta":{"footnotes":""},"categories":[38],"tags":[],"class_list":["post-59528","post","type-post","status-publish","format-standard","has-post-thumbnail","hentry","category-regional"],"jetpack_featured_media_url":"https:\/\/radiorevelacionfm.cl\/wp-content\/uploads\/2025\/09\/foto-1-2025-09-25t153121_optimized.937-1.jpg","_links":{"self":[{"href":"https:\/\/radiorevelacionfm.cl\/index.php?rest_route=\/wp\/v2\/posts\/59528","targetHints":{"allow":["GET"]}}],"collection":[{"href":"https:\/\/radiorevelacionfm.cl\/index.php?rest_route=\/wp\/v2\/posts"}],"about":[{"href":"https:\/\/radiorevelacionfm.cl\/index.php?rest_route=\/wp\/v2\/types\/post"}],"author":[{"embeddable":true,"href":"https:\/\/radiorevelacionfm.cl\/index.php?rest_route=\/wp\/v2\/users\/1"}],"replies":[{"embeddable":true,"href":"https:\/\/radiorevelacionfm.cl\/index.php?rest_route=%2Fwp%2Fv2%2Fcomments&post=59528"}],"version-history":[{"count":2,"href":"https:\/\/radiorevelacionfm.cl\/index.php?rest_route=\/wp\/v2\/posts\/59528\/revisions"}],"predecessor-version":[{"id":59531,"href":"https:\/\/radiorevelacionfm.cl\/index.php?rest_route=\/wp\/v2\/posts\/59528\/revisions\/59531"}],"wp:featuredmedia":[{"embeddable":true,"href":"https:\/\/radiorevelacionfm.cl\/index.php?rest_route=\/wp\/v2\/media\/59529"}],"wp:attachment":[{"href":"https:\/\/radiorevelacionfm.cl\/index.php?rest_route=%2Fwp%2Fv2%2Fmedia&parent=59528"}],"wp:term":[{"taxonomy":"category","embeddable":true,"href":"https:\/\/radiorevelacionfm.cl\/index.php?rest_route=%2Fwp%2Fv2%2Fcategories&post=59528"},{"taxonomy":"post_tag","embeddable":true,"href":"https:\/\/radiorevelacionfm.cl\/index.php?rest_route=%2Fwp%2Fv2%2Ftags&post=59528"}],"curies":[{"name":"wp","href":"https:\/\/api.w.org\/{rel}","templated":true}]}}