{"id":59524,"date":"2025-09-26T21:14:55","date_gmt":"2025-09-27T00:14:55","guid":{"rendered":"https:\/\/radiorevelacionfm.cl\/?p=59524"},"modified":"2025-09-29T21:15:11","modified_gmt":"2025-09-30T00:15:11","slug":"reforma-al-sistema-de-permisos-sectoriales-a-punto-de-convertirse-en-ley-de-la-republica-2","status":"publish","type":"post","link":"https:\/\/radiorevelacionfm.cl\/?p=59524","title":{"rendered":"Reforma al sistema de permisos sectoriales a punto de convertirse en Ley de la Rep\u00fablica"},"content":{"rendered":"<div class=\"flex_column av_one_full  flex_column_div av-zero-column-padding first  avia-builder-el-0  el_before_av_one_full  avia-builder-el-first  \" style='border-radius:0px; '><div  class='avia-image-container  av-styling-    avia-builder-el-1  avia-builder-el-no-sibling  avia-align-center '  itemprop=\"image\" itemscope=\"itemscope\" itemtype=\"https:\/\/schema.org\/ImageObject\"  ><div class='avia-image-container-inner'><div class='avia-image-overlay-wrap'><img decoding=\"async\" class='wp-image-59525 avia-img-lazy-loading-not-59525 avia_image' src=\"https:\/\/radiorevelacionfm.cl\/wp-content\/uploads\/2025\/09\/PSEC-1-1.jpg\" alt='' title='PSEC (1) (1)' height=\"600\" width=\"952\"  itemprop=\"thumbnailUrl\" srcset=\"https:\/\/radiorevelacionfm.cl\/wp-content\/uploads\/2025\/09\/PSEC-1-1.jpg 952w, https:\/\/radiorevelacionfm.cl\/wp-content\/uploads\/2025\/09\/PSEC-1-1-300x189.jpg 300w, https:\/\/radiorevelacionfm.cl\/wp-content\/uploads\/2025\/09\/PSEC-1-1-768x484.jpg 768w, https:\/\/radiorevelacionfm.cl\/wp-content\/uploads\/2025\/09\/PSEC-1-1-705x444.jpg 705w, https:\/\/radiorevelacionfm.cl\/wp-content\/uploads\/2025\/09\/PSEC-1-1-450x284.jpg 450w, https:\/\/radiorevelacionfm.cl\/wp-content\/uploads\/2025\/09\/PSEC-1-1-600x378.jpg 600w\" sizes=\"(max-width: 952px) 100vw, 952px\" \/><\/div><\/div><\/div><\/div><div class=\"flex_column av_one_full  flex_column_div av-zero-column-padding first  avia-builder-el-2  el_after_av_one_full  el_before_av_one_full  column-top-margin\" style='border-radius:0px; '><section class=\"av_textblock_section \"  itemscope=\"itemscope\" itemtype=\"https:\/\/schema.org\/BlogPosting\" itemprop=\"blogPost\" ><div class='avia_textblock  '   itemprop=\"text\" ><p style=\"text-align: center;\"><strong><span style=\"font-size: 18pt;\">Reforma al sistema de permisos sectoriales a punto de convertirse en Ley de la Rep\u00fablica<\/span><\/strong><\/p>\n<div id=\"gtx-trans\" style=\"position: absolute; left: -50px; top: 4.31534px;\">\n<div class=\"gtx-trans-icon\"><\/div>\n<\/div>\n<\/div><\/section><\/div><div class=\"flex_column av_one_full  flex_column_div av-zero-column-padding first  avia-builder-el-4  el_after_av_one_full  el_before_av_hr  column-top-margin\" style='border-radius:0px; '><section class=\"av_textblock_section \"  itemscope=\"itemscope\" itemtype=\"https:\/\/schema.org\/BlogPosting\" itemprop=\"blogPost\" ><div class='avia_textblock  '   itemprop=\"text\" ><p style=\"text-align: justify;\"><em>El Ministerio de Econom\u00eda envi\u00f3 el texto al Diario Oficial para concretar la publicaci\u00f3n de la Ley 21.770. Una vez que sea publicada, entrar\u00e1 en vigencia la normativa que busca optimizar y reducir entre un 30% y un 70% los tiempos de tramitaci\u00f3n de permisos sectoriales, simplificando y modernizando los procesos administrativos de los proyectos estrat\u00e9gicos para el desarrollo nacional que ver\u00e1n reducido los tiempos de tramitaci\u00f3n en un 50%.<\/em><\/p>\n<p style=\"text-align: justify;\">Tras la toma de raz\u00f3n del decreto promulgatorio por parte de la Contralor\u00eda General de la Rep\u00fablica, el Ministerio de Econom\u00eda, Fomento y Turismo, envi\u00f3 al Diario Oficial la Ley Marco de Autorizaciones Sectoriales para concretar el \u00faltimo paso para su entrada en vigencia como Ley de la Rep\u00fablica. Se espera que el texto sea publicado en el Diario Oficial el lunes 29 de septiembre.<\/p>\n<p style=\"text-align: justify;\">Esta Ley fue impulsada por el Ministerio de Econom\u00eda con el objetivo de avanzar en simplificar la obtenci\u00f3n de permisos, entregando mayores certezas a los proyectos de inversi\u00f3n, sin comprometer los est\u00e1ndares regulatorios ni disminuir las exigencias ambientales y t\u00e9cnicas vigentes. La iniciativa legislativa busca optimizar y reducir entre un 30% y un 70% los tiempos de tramitaci\u00f3n de permisos sectoriales, simplificando y modernizando los procesos administrativos de los proyectos estrat\u00e9gicos para el desarrollo nacional que ver\u00e1n reducido los tiempos de tramitaci\u00f3n en un 50%. De esta forma, incorpora diversas medidas orientadas a agilizar y hacer m\u00e1s eficiente la tramitaci\u00f3n de autorizaciones sectoriales.<\/p>\n<p style=\"text-align: justify;\">El proyecto que ingres\u00f3 al Congreso en enero de 2024 y fue despachado por el Congreso luego de 18 meses de tramitaci\u00f3n, ha sorteado todas las etapas clave para convertirse en ley. El pasado 4 de septiembre el Tribunal Constitucional (TC) culmin\u00f3 el control de constitucionalidad, resolviendo que el articulado cumpl\u00eda con la Carta Fundamental. Luego, el d\u00eda 17 de septiembre se firm\u00f3 el decreto promulgatorio que fue enviado a Contralor\u00eda para la toma de raz\u00f3n, la que ocurri\u00f3 el 23 de septiembre.<\/p>\n<p style=\"text-align: justify;\"><em>\u201cEstamos a punto de cumplir toda la tramitaci\u00f3n para que este proyecto se convierta en Ley. Esta es una normativa muy esperada por el sector privado y para los trabajadores, ya que facilitar\u00e1 la creaci\u00f3n de m\u00e1s y mejores empleos. Nuestro principal objetivo es que quede totalmente operativa durante este gobierno para potenciar la inversi\u00f3n, pilar fundamental del crecimiento y as\u00ed impulsar la creaci\u00f3n de m\u00e1s y mejores empleos\u201d,<\/em> indic\u00f3 el Ministro de Econom\u00eda, \u00c1lvaro Garc\u00eda.<\/p>\n<p style=\"text-align: justify;\">Una de las primeras medidas que empezar\u00e1 a regir es la tramitaci\u00f3n paralela de autorizaciones, un nuevo principio clave en la simplificaci\u00f3n administrativa que permitir\u00e1 a los titulares de proyectos tramitar de forma m\u00e1s \u00e1gil y simult\u00e1nea los permisos, salvo que una ley indique lo contrario. De esta forma, se proh\u00edben expresamente las exigencias de tr\u00e1mites secuenciales.<\/p>\n<p style=\"text-align: justify;\">Por su parte el Seremi de Econom\u00eda, Fomento y Turismo de la Regi\u00f3n de Ays\u00e9n, Felipe Rojas enfatiz\u00f3 que; <em>\u201cLuego de 18 meses de tramitaci\u00f3n, estamos ad portas de materializar una de las iniciativas m\u00e1s emblem\u00e1ticas para nuestro ministerio y para el Gobierno del Presidente Gabriel Boric. El Sistema Inteligente de Permisos Sectoriales es un proyecto transformador marcar\u00e1 un antes y un despu\u00e9s para la econom\u00eda de nuestro pa\u00eds. En la mirada regional y a la luz de las cifras del PIB donde ya anotamos 1 a\u00f1o completo de fuerte crecimiento econ\u00f3mico, la promulgaci\u00f3n de este proyecto nos permite avizorar un crecimiento potencial mayor para la econom\u00eda regional en los pr\u00f3ximos a\u00f1os. Adem\u00e1s, este es un proyecto transformador que se vincula con la pol\u00edtica de zonas extremas (PDZE) que permite aumentar las posibilidades de bienestar para las familias de Ays\u00e9n\u201d. \u00a0<\/em><\/p>\n<p style=\"text-align: justify;\">Principales Soluciones del Proyecto:<\/p>\n<ul style=\"text-align: justify;\">\n<li>Normas m\u00ednimas de tramitaci\u00f3n. Se establece un conjunto de reglas comunes para todos los permisos sectoriales: inicio mediante formularios, ex\u00e1menes de admisibilidad, informes entre servicios, plazos m\u00e1ximos obligatorios, y uso del silencio administrativo como herramienta de garant\u00eda.<\/li>\n<li>T\u00e9cnicas Habilitantes Alternativas (THA). Permite reemplazar permisos de bajo riesgo por declaraciones juradas o avisos, sin reducir los est\u00e1ndares regulatorios. Estas THA est\u00e1n sujetas a fiscalizaci\u00f3n ex post, con fuertes sanciones en caso de<\/li>\n<li>Ventanilla \u00danica Digital \u2013 Plataforma El proyecto transforma en pol\u00edtica de Estado permanente la plataforma SUPER, la cual, tras su plena implementaci\u00f3n, funcionar\u00e1 como entrada \u00fanica y trazable para todas las solicitudes de autorizaciones sectoriales.<\/li>\n<li>Institucionalidad t\u00e9cnica. Crea la Oficina de Autorizaciones Sectoriales e Inversi\u00f3n dentro del Ministerio de Econom\u00eda, encargada de coordinar, monitorear, asesorar y operar el sistema. Tambi\u00e9n impulsa mesas regionales, modernizaci\u00f3n continua de permisos, y promueve la mejora de gesti\u00f3n mediante convenios y metas<\/li>\n<li>Modificaciones legales El proyecto modifica m\u00e1s de 40 leyes sectoriales para adaptar sus permisos a la LMAS, establecer nuevas facultades regulatorias y aplicar THA. Se incluyen sectores como miner\u00eda, obras p\u00fablicas, salud, aguas, energ\u00eda, concesiones mar\u00edtimas y DOM.<\/li>\n<\/ul>\n<\/div><\/section><\/div><div  style='height:50px' class='hr hr-invisible   avia-builder-el-6  el_after_av_one_full  el_before_av_social_share '><span class='hr-inner ' ><span class='hr-inner-style'><\/span><\/span><\/div><\/p>\n<div  class='av-social-sharing-box  avia-builder-el-7  el_after_av_hr  el_before_av_hr  '><div class='av-share-box'><h5 class='av-share-link-description av-no-toc '>Compartir esta noticia<\/h5><ul class='av-share-box-list noLightbox'><li class='av-share-link av-social-link-facebook' ><a target=\"_blank\" aria-label=\"Compartir en Facebook\" href='https:\/\/www.facebook.com\/sharer.php?u=https:\/\/radiorevelacionfm.cl\/?p=59524&#038;t=Reforma%20al%20sistema%20de%20permisos%20sectoriales%20a%20punto%20de%20convertirse%20en%20Ley%20de%20la%20Rep%C3%BAblica' aria-hidden='false' data-av_icon='\ue8f3' data-av_iconfont='entypo-fontello' title='' data-avia-related-tooltip='Compartir en Facebook' rel=\"noopener\"><span class='avia_hidden_link_text'>Compartir en Facebook<\/span><\/a><\/li><li class='av-share-link av-social-link-twitter' ><a target=\"_blank\" aria-label=\"Compartir en Twitter\" href='https:\/\/twitter.com\/share?text=Reforma%20al%20sistema%20de%20permisos%20sectoriales%20a%20punto%20de%20convertirse%20en%20Ley%20de%20la%20Rep%C3%BAblica&#038;url=https:\/\/radiorevelacionfm.cl\/?p=59524' aria-hidden='false' data-av_icon='\ue8f1' data-av_iconfont='entypo-fontello' title='' data-avia-related-tooltip='Compartir en Twitter' rel=\"noopener\"><span class='avia_hidden_link_text'>Compartir en Twitter<\/span><\/a><\/li><li class='av-share-link av-social-link-whatsapp' ><a target=\"_blank\" aria-label=\"Compartir en Whatsapp\" href='https:\/\/api.whatsapp.com\/send?text=https:\/\/radiorevelacionfm.cl\/?p=59524' aria-hidden='false' data-av_icon='\uf232' data-av_iconfont='entypo-fontello' title='' data-avia-related-tooltip='Compartir en Whatsapp' rel=\"noopener\"><span class='avia_hidden_link_text'>Compartir en Whatsapp<\/span><\/a><\/li><li class='av-share-link av-social-link-linkedin' ><a target=\"_blank\" aria-label=\"Compartir en LinkedIn\" href='https:\/\/linkedin.com\/shareArticle?mini=true&#038;title=Reforma%20al%20sistema%20de%20permisos%20sectoriales%20a%20punto%20de%20convertirse%20en%20Ley%20de%20la%20Rep%C3%BAblica&#038;url=https:\/\/radiorevelacionfm.cl\/?p=59524' aria-hidden='false' data-av_icon='\ue8fc' data-av_iconfont='entypo-fontello' title='' data-avia-related-tooltip='Compartir en LinkedIn' rel=\"noopener\"><span class='avia_hidden_link_text'>Compartir en LinkedIn<\/span><\/a><\/li><li class='av-share-link av-social-link-mail' ><a  aria-label=\"Compartir por correo\" href='mailto:?subject=Reforma%20al%20sistema%20de%20permisos%20sectoriales%20a%20punto%20de%20convertirse%20en%20Ley%20de%20la%20Rep%C3%BAblica&#038;body=https:\/\/radiorevelacionfm.cl\/?p=59524' aria-hidden='false' data-av_icon='\ue805' data-av_iconfont='entypo-fontello' title='' data-avia-related-tooltip='Compartir por correo'><span class='avia_hidden_link_text'>Compartir por correo<\/span><\/a><\/li><\/ul><\/div><\/div>\n<div  style='height:50px' class='hr hr-invisible   avia-builder-el-8  el_after_av_social_share  el_before_av_comments_list '><span class='hr-inner ' ><span class='hr-inner-style'><\/span><\/span><\/div>\n<div  class='av-buildercomment  av-blog-meta-html-info-disabled av-blog-meta-tag-disabled  '><\/div>\n","protected":false},"excerpt":{"rendered":"","protected":false},"author":1,"featured_media":59525,"comment_status":"closed","ping_status":"closed","sticky":false,"template":"","format":"standard","meta":{"footnotes":""},"categories":[61],"tags":[],"class_list":["post-59524","post","type-post","status-publish","format-standard","has-post-thumbnail","hentry","category-nacional"],"jetpack_featured_media_url":"https:\/\/radiorevelacionfm.cl\/wp-content\/uploads\/2025\/09\/PSEC-1-1.jpg","_links":{"self":[{"href":"https:\/\/radiorevelacionfm.cl\/index.php?rest_route=\/wp\/v2\/posts\/59524","targetHints":{"allow":["GET"]}}],"collection":[{"href":"https:\/\/radiorevelacionfm.cl\/index.php?rest_route=\/wp\/v2\/posts"}],"about":[{"href":"https:\/\/radiorevelacionfm.cl\/index.php?rest_route=\/wp\/v2\/types\/post"}],"author":[{"embeddable":true,"href":"https:\/\/radiorevelacionfm.cl\/index.php?rest_route=\/wp\/v2\/users\/1"}],"replies":[{"embeddable":true,"href":"https:\/\/radiorevelacionfm.cl\/index.php?rest_route=%2Fwp%2Fv2%2Fcomments&post=59524"}],"version-history":[{"count":2,"href":"https:\/\/radiorevelacionfm.cl\/index.php?rest_route=\/wp\/v2\/posts\/59524\/revisions"}],"predecessor-version":[{"id":59714,"href":"https:\/\/radiorevelacionfm.cl\/index.php?rest_route=\/wp\/v2\/posts\/59524\/revisions\/59714"}],"wp:featuredmedia":[{"embeddable":true,"href":"https:\/\/radiorevelacionfm.cl\/index.php?rest_route=\/wp\/v2\/media\/59525"}],"wp:attachment":[{"href":"https:\/\/radiorevelacionfm.cl\/index.php?rest_route=%2Fwp%2Fv2%2Fmedia&parent=59524"}],"wp:term":[{"taxonomy":"category","embeddable":true,"href":"https:\/\/radiorevelacionfm.cl\/index.php?rest_route=%2Fwp%2Fv2%2Fcategories&post=59524"},{"taxonomy":"post_tag","embeddable":true,"href":"https:\/\/radiorevelacionfm.cl\/index.php?rest_route=%2Fwp%2Fv2%2Ftags&post=59524"}],"curies":[{"name":"wp","href":"https:\/\/api.w.org\/{rel}","templated":true}]}}