{"id":59520,"date":"2025-09-25T12:03:27","date_gmt":"2025-09-25T15:03:27","guid":{"rendered":"https:\/\/radiorevelacionfm.cl\/?p=59520"},"modified":"2025-09-25T12:03:27","modified_gmt":"2025-09-25T15:03:27","slug":"la-otra-corriente-documental-chileno-llega-a-aysen-para-relevar-la-importancia-de-la-energia-comunitaria","status":"publish","type":"post","link":"https:\/\/radiorevelacionfm.cl\/?p=59520","title":{"rendered":"\u201cLa otra corriente\u201d: Documental chileno llega a Ays\u00e9n para relevar la importancia de la energ\u00eda comunitaria"},"content":{"rendered":"<div class=\"flex_column av_one_full  flex_column_div av-zero-column-padding first  avia-builder-el-0  el_before_av_one_full  avia-builder-el-first  \" style='border-radius:0px; '><div  class='avia-image-container  av-styling-    avia-builder-el-1  avia-builder-el-no-sibling  avia-align-center '  itemprop=\"image\" itemscope=\"itemscope\" itemtype=\"https:\/\/schema.org\/ImageObject\"  ><div class='avia-image-container-inner'><div class='avia-image-overlay-wrap'><img decoding=\"async\" class='wp-image-59521 avia-img-lazy-loading-not-59521 avia_image' src=\"https:\/\/radiorevelacionfm.cl\/wp-content\/uploads\/2025\/09\/coyhaique-1-1_optimized-1.jpg\" alt='' title='coyhaique-1-(1)_optimized (1)' height=\"640\" width=\"800\"  itemprop=\"thumbnailUrl\" srcset=\"https:\/\/radiorevelacionfm.cl\/wp-content\/uploads\/2025\/09\/coyhaique-1-1_optimized-1.jpg 800w, https:\/\/radiorevelacionfm.cl\/wp-content\/uploads\/2025\/09\/coyhaique-1-1_optimized-1-300x240.jpg 300w, https:\/\/radiorevelacionfm.cl\/wp-content\/uploads\/2025\/09\/coyhaique-1-1_optimized-1-768x614.jpg 768w, https:\/\/radiorevelacionfm.cl\/wp-content\/uploads\/2025\/09\/coyhaique-1-1_optimized-1-705x564.jpg 705w, https:\/\/radiorevelacionfm.cl\/wp-content\/uploads\/2025\/09\/coyhaique-1-1_optimized-1-450x360.jpg 450w, https:\/\/radiorevelacionfm.cl\/wp-content\/uploads\/2025\/09\/coyhaique-1-1_optimized-1-600x480.jpg 600w\" sizes=\"(max-width: 800px) 100vw, 800px\" \/><\/div><\/div><\/div><\/div><div class=\"flex_column av_one_full  flex_column_div av-zero-column-padding first  avia-builder-el-2  el_after_av_one_full  el_before_av_one_full  column-top-margin\" style='border-radius:0px; '><section class=\"av_textblock_section \"  itemscope=\"itemscope\" itemtype=\"https:\/\/schema.org\/BlogPosting\" itemprop=\"blogPost\" ><div class='avia_textblock  '   itemprop=\"text\" ><p style=\"text-align: center;\"><strong><span style=\"font-size: 18pt;\">\u201cLa otra corriente\u201d: Documental chileno llega a Ays\u00e9n para relevar la importancia de la energ\u00eda comunitaria<\/span><\/strong><\/p>\n<div id=\"gtx-trans\" style=\"position: absolute; left: -50px; top: 4.31534px;\">\n<div class=\"gtx-trans-icon\"><\/div>\n<\/div>\n<\/div><\/section><\/div><div class=\"flex_column av_one_full  flex_column_div av-zero-column-padding first  avia-builder-el-4  el_after_av_one_full  el_before_av_hr  column-top-margin\" style='border-radius:0px; '><section class=\"av_textblock_section \"  itemscope=\"itemscope\" itemtype=\"https:\/\/schema.org\/BlogPosting\" itemprop=\"blogPost\" ><div class='avia_textblock  '   itemprop=\"text\" ><ul>\n<li dir=\"ltr\">\n<p dir=\"ltr\" style=\"text-align: justify;\" role=\"presentation\"><i>Gracias al apoyo del Centro Cultural de Coyhaique, la ONG Energ\u00eda Colectiva presentar\u00e1 este registro documental el lunes 6 de octubre a las 18:00 horas en la Sala Microcine del mismo centro ubicado en Eusebio Lillo N\u00b023, con entrada gratuita y abierto a todo espectador previa inscripci\u00f3n en el siguiente <a href=\"https:\/\/forms.gle\/DLMg8F3LN2YYyMd76\" target=\"_blank\" rel=\"noopener\" data-saferedirecturl=\"https:\/\/www.google.com\/url?q=https:\/\/forms.gle\/DLMg8F3LN2YYyMd76&amp;source=gmail&amp;ust=1758896165633000&amp;usg=AOvVaw0y-pZ_b2fBKYWhyVJs4DvW\">enlace.<\/a>\u00a0<\/i><\/p>\n<\/li>\n<li dir=\"ltr\" style=\"text-align: justify;\">\n<p dir=\"ltr\" role=\"presentation\"><i>La exhibici\u00f3n ser\u00e1 seguida de un conversatorio en el mismo auditorio, donde se analizar\u00e1n los desaf\u00edos y proyecciones de las Comunidades Energ\u00e9ticas en la regi\u00f3n, en el cual participar\u00e1n Miriam Chible Contreras, presidenta de la Corporaci\u00f3n Chelenko e impulsora de la cooperativa de energ\u00edas renovables EnerCoop Ays\u00e9n; Claudio Herrera Figueroa, subdirector de vinculaci\u00f3n y transferencia del Centro de Investigaci\u00f3n en Ecosistemas de la Patagonia (CIEP); y Carlos D\u00edaz Varela, ex Seremi de Energ\u00eda de la Regi\u00f3n de Ays\u00e9n.<\/i><\/p>\n<\/li>\n<\/ul>\n<p dir=\"ltr\" style=\"text-align: justify;\">La ONG Energ\u00eda Colectiva estrenar\u00e1 en Coyhaique el documental \u00abLa otra corriente, el poder de la energ\u00eda comunitaria\u00bb, donde se retrata c\u00f3mo la ciudadan\u00eda est\u00e1 impulsando\u00a0 el cambio hacia un sistema energ\u00e9tico m\u00e1s justo, ecol\u00f3gico y democr\u00e1tico.<\/p>\n<p dir=\"ltr\" style=\"text-align: justify;\">La crisis clim\u00e1tica y sus efectos en el d\u00eda a d\u00eda han puesto en relieve la urgencia de una transici\u00f3n energ\u00e9tica justa y ecol\u00f3gica, y en el registro audiovisual se profundiza en la realidad de las diversas Comunidades Energ\u00e9ticas que existen; que en su mayor\u00eda son agrupaciones de vecinos, cooperativas, municipios u organizaciones territoriales que generan y gestionan su propia energ\u00eda.<\/p>\n<p dir=\"ltr\" style=\"text-align: justify;\">Un caso que aparece en el documental es el de Ant\u00fc Energ\u00eda, que con su proyecto \u201cTit\u00e1n\u201d destaca como la primera planta solar asociativa de la Patagonia, y se ubica en Coyhaique en el techo del\u00a0 Liceo San Felipe Benicio. Gracias a la ley Netbilling, esta planta permite que sus copropietarios produzcan y vendan energ\u00eda dentro de la red el\u00e9ctrica regional, lo que se traduce en la reducci\u00f3n del pago mensual en su boleta de consumo el\u00e9ctrico.<\/p>\n<p dir=\"ltr\" style=\"text-align: justify;\">Manuel Mata, experto en energ\u00eda solar y CEO de Ant\u00fc Energ\u00eda, dio su testimonio en el documental, donde asegura que \u00abcon el proyecto Tit\u00e1n logramos transformar uno de los problemas m\u00e1s grandes de la regi\u00f3n, que es tener la energ\u00eda m\u00e1s cara de Chile, en una oportunidad de desarrollo sostenible. Creamos un modelo de energ\u00eda asociativa donde los propios ayseninos se convierten en protagonistas; dejan de ser solo consumidores para ser tambi\u00e9n inversores y due\u00f1os de su propia energ\u00eda limpia. Esto no solo les permite bajar el costo de su boleta de luz, sino que los hace part\u00edcipes de un negocio que antes les era ajeno, todo mientras cuidamos activamente nuestra Patagonia\u00bb.<\/p>\n<p dir=\"ltr\" style=\"text-align: justify;\">Por su parte, la actual presidenta de la Corporaci\u00f3n Chelenko, Miriam Chible Contreras, y quien fuera una de las impulsoras de la primera cooperativa creada para fomentar el desarrollo de ERNC en la Regi\u00f3n de Ays\u00e9n, destac\u00f3 el valor de los movimientos ciudadanos en la construcci\u00f3n de modelos energ\u00e9ticos alternativos, y asegur\u00f3 que en su oportunidad, con EnerCoop Ays\u00e9n, quer\u00edan \u201cdemostrar que otra forma de generaci\u00f3n y distribuci\u00f3n de energ\u00eda es posible, a menor escala y con soluciones pertinentes para los territorios\u201d.<\/p>\n<p dir=\"ltr\" style=\"text-align: justify;\">Cabe se\u00f1alar que en la Regi\u00f3n de Ays\u00e9n existen diversas alternativas para el desarrollo de la generaci\u00f3n comunitaria, m\u00e1s all\u00e1 de la energ\u00eda solar. Por las condiciones propias del territorio, la microhidro familiar y comunitaria se presenta como una opci\u00f3n concreta; actualmente es estudiada por el Centro de Investigaci\u00f3n en Ecosistemas de la Patagonia (CIEP) y otros actores regionales, y durante el conversatorio del estreno se debatir\u00e1n y analizar\u00e1n sus posibilidades de implementaci\u00f3n en la regi\u00f3n.<\/p>\n<p dir=\"ltr\" style=\"text-align: justify;\">Adem\u00e1s, el documental se basa en el estudio \u00abLet Communities Lead\u00bb, presentado en la COP26 de Glasgow, y recopila experiencias de Chile, Colombia, Reino Unido y Brasil, destacando c\u00f3mo estas comunidades son una alternativa viable para la acci\u00f3n clim\u00e1tica y una transformaci\u00f3n cultural que entiende la energ\u00eda como un bien com\u00fan.<\/p>\n<p dir=\"ltr\" style=\"text-align: justify;\">Pr\u00f3ximas proyecciones<\/p>\n<p dir=\"ltr\" style=\"text-align: justify;\">Tras su estreno en Santiago, el pasado 31 de julio en la Facultad de Administraci\u00f3n y Econom\u00eda de la USACH, el documental se exhibir\u00e1 gratuitamente en el Centro Cultural de Coyhaique, previa inscripci\u00f3n en el\u00a0<a href=\"https:\/\/forms.gle\/DLMg8F3LN2YYyMd76\" target=\"_blank\" rel=\"noopener\" data-saferedirecturl=\"https:\/\/www.google.com\/url?q=https:\/\/forms.gle\/DLMg8F3LN2YYyMd76&amp;source=gmail&amp;ust=1758896165633000&amp;usg=AOvVaw0y-pZ_b2fBKYWhyVJs4DvW\">formulario online<\/a>\u00a0(cupos limitados); y\u00a0 luego en la Cineteca de la Universidad Cat\u00f3lica de Valpara\u00edso.<\/p>\n<p dir=\"ltr\" style=\"text-align: justify;\">Pronto tambi\u00e9n estar\u00e1 disponible a nivel nacional a trav\u00e9s de las plataformas digitales de Canal 13C y redes sociales. Revisa el trailer <a href=\"https:\/\/www.instagram.com\/reel\/DMtV14Eter_\/?utm_source=ig_web_copy_link&amp;igsh=MzRlODBiNWFlZA==\" target=\"_blank\" rel=\"noopener\" data-saferedirecturl=\"https:\/\/www.google.com\/url?q=https:\/\/www.instagram.com\/reel\/DMtV14Eter_\/?utm_source%3Dig_web_copy_link%26igsh%3DMzRlODBiNWFlZA%3D%3D&amp;source=gmail&amp;ust=1758896165633000&amp;usg=AOvVaw13S7g5yWrczYttx-Or8JAG\">aqu\u00ed<\/a>\u00a0y chequea m\u00e1s informaci\u00f3n en\u00a0<a href=\"https:\/\/www.instagram.com\/ongenergiacolectiva\/\" target=\"_blank\" rel=\"noopener\" data-saferedirecturl=\"https:\/\/www.google.com\/url?q=https:\/\/www.instagram.com\/ongenergiacolectiva\/&amp;source=gmail&amp;ust=1758896165633000&amp;usg=AOvVaw1qhUtcGuUjH4O3L19hqF2Q\">https:\/\/www.instagram.com\/<wbr \/>ongenergiacolectiva\/<\/a><\/p>\n<p dir=\"ltr\" style=\"text-align: justify;\">La realizaci\u00f3n de \u201cLa Otra Corriente\u201d fue posible gracias al programa Ciencia P\u00fablica del Ministerio de Ciencia, Tecnolog\u00eda, Conocimiento e Innovaci\u00f3n, que promueve la socializaci\u00f3n del conocimiento. Adem\u00e1s, el proyecto cuenta con el apoyo del Fondo Movimiento Energ\u00e9tico de la Alianza Potencia Energ\u00e9tica Latinoamericana, reforzando su impacto en la regi\u00f3n.<\/p>\n<div class=\"yj6qo\" style=\"text-align: justify;\"><\/div>\n<div class=\"adL\" style=\"text-align: justify;\"><\/div>\n<\/div><\/section><\/div><div  style='height:50px' class='hr hr-invisible   avia-builder-el-6  el_after_av_one_full  el_before_av_social_share '><span class='hr-inner ' ><span class='hr-inner-style'><\/span><\/span><\/div><\/p>\n<div  class='av-social-sharing-box  avia-builder-el-7  el_after_av_hr  el_before_av_hr  '><div class='av-share-box'><h5 class='av-share-link-description av-no-toc '>Compartir esta noticia<\/h5><ul class='av-share-box-list noLightbox'><li class='av-share-link av-social-link-facebook' ><a target=\"_blank\" aria-label=\"Compartir en Facebook\" href='https:\/\/www.facebook.com\/sharer.php?u=https:\/\/radiorevelacionfm.cl\/?p=59520&#038;t=%E2%80%9CLa%20otra%20corriente%E2%80%9D%3A%20Documental%20chileno%20llega%20a%20Ays%C3%A9n%20para%20relevar%20la%20importancia%20de%20la%20energ%C3%ADa%20comunitaria' aria-hidden='false' data-av_icon='\ue8f3' data-av_iconfont='entypo-fontello' title='' data-avia-related-tooltip='Compartir en Facebook' rel=\"noopener\"><span class='avia_hidden_link_text'>Compartir en Facebook<\/span><\/a><\/li><li class='av-share-link av-social-link-twitter' ><a target=\"_blank\" aria-label=\"Compartir en Twitter\" href='https:\/\/twitter.com\/share?text=%E2%80%9CLa%20otra%20corriente%E2%80%9D%3A%20Documental%20chileno%20llega%20a%20Ays%C3%A9n%20para%20relevar%20la%20importancia%20de%20la%20energ%C3%ADa%20comunitaria&#038;url=https:\/\/radiorevelacionfm.cl\/?p=59520' aria-hidden='false' data-av_icon='\ue8f1' data-av_iconfont='entypo-fontello' title='' data-avia-related-tooltip='Compartir en Twitter' rel=\"noopener\"><span class='avia_hidden_link_text'>Compartir en Twitter<\/span><\/a><\/li><li class='av-share-link av-social-link-whatsapp' ><a target=\"_blank\" aria-label=\"Compartir en Whatsapp\" href='https:\/\/api.whatsapp.com\/send?text=https:\/\/radiorevelacionfm.cl\/?p=59520' aria-hidden='false' data-av_icon='\uf232' data-av_iconfont='entypo-fontello' title='' data-avia-related-tooltip='Compartir en Whatsapp' rel=\"noopener\"><span class='avia_hidden_link_text'>Compartir en Whatsapp<\/span><\/a><\/li><li class='av-share-link av-social-link-linkedin' ><a target=\"_blank\" aria-label=\"Compartir en LinkedIn\" href='https:\/\/linkedin.com\/shareArticle?mini=true&#038;title=%E2%80%9CLa%20otra%20corriente%E2%80%9D%3A%20Documental%20chileno%20llega%20a%20Ays%C3%A9n%20para%20relevar%20la%20importancia%20de%20la%20energ%C3%ADa%20comunitaria&#038;url=https:\/\/radiorevelacionfm.cl\/?p=59520' aria-hidden='false' data-av_icon='\ue8fc' data-av_iconfont='entypo-fontello' title='' data-avia-related-tooltip='Compartir en LinkedIn' rel=\"noopener\"><span class='avia_hidden_link_text'>Compartir en LinkedIn<\/span><\/a><\/li><li class='av-share-link av-social-link-mail' ><a  aria-label=\"Compartir por correo\" href='mailto:?subject=%E2%80%9CLa%20otra%20corriente%E2%80%9D%3A%20Documental%20chileno%20llega%20a%20Ays%C3%A9n%20para%20relevar%20la%20importancia%20de%20la%20energ%C3%ADa%20comunitaria&#038;body=https:\/\/radiorevelacionfm.cl\/?p=59520' aria-hidden='false' data-av_icon='\ue805' data-av_iconfont='entypo-fontello' title='' data-avia-related-tooltip='Compartir por correo'><span class='avia_hidden_link_text'>Compartir por correo<\/span><\/a><\/li><\/ul><\/div><\/div>\n<div  style='height:50px' class='hr hr-invisible   avia-builder-el-8  el_after_av_social_share  el_before_av_comments_list '><span class='hr-inner ' ><span class='hr-inner-style'><\/span><\/span><\/div>\n<div  class='av-buildercomment  av-blog-meta-html-info-disabled av-blog-meta-tag-disabled  '><\/div>\n","protected":false},"excerpt":{"rendered":"","protected":false},"author":1,"featured_media":59521,"comment_status":"closed","ping_status":"closed","sticky":false,"template":"","format":"standard","meta":{"footnotes":""},"categories":[38],"tags":[],"class_list":["post-59520","post","type-post","status-publish","format-standard","has-post-thumbnail","hentry","category-regional"],"jetpack_featured_media_url":"https:\/\/radiorevelacionfm.cl\/wp-content\/uploads\/2025\/09\/coyhaique-1-1_optimized-1.jpg","_links":{"self":[{"href":"https:\/\/radiorevelacionfm.cl\/index.php?rest_route=\/wp\/v2\/posts\/59520","targetHints":{"allow":["GET"]}}],"collection":[{"href":"https:\/\/radiorevelacionfm.cl\/index.php?rest_route=\/wp\/v2\/posts"}],"about":[{"href":"https:\/\/radiorevelacionfm.cl\/index.php?rest_route=\/wp\/v2\/types\/post"}],"author":[{"embeddable":true,"href":"https:\/\/radiorevelacionfm.cl\/index.php?rest_route=\/wp\/v2\/users\/1"}],"replies":[{"embeddable":true,"href":"https:\/\/radiorevelacionfm.cl\/index.php?rest_route=%2Fwp%2Fv2%2Fcomments&post=59520"}],"version-history":[{"count":2,"href":"https:\/\/radiorevelacionfm.cl\/index.php?rest_route=\/wp\/v2\/posts\/59520\/revisions"}],"predecessor-version":[{"id":59523,"href":"https:\/\/radiorevelacionfm.cl\/index.php?rest_route=\/wp\/v2\/posts\/59520\/revisions\/59523"}],"wp:featuredmedia":[{"embeddable":true,"href":"https:\/\/radiorevelacionfm.cl\/index.php?rest_route=\/wp\/v2\/media\/59521"}],"wp:attachment":[{"href":"https:\/\/radiorevelacionfm.cl\/index.php?rest_route=%2Fwp%2Fv2%2Fmedia&parent=59520"}],"wp:term":[{"taxonomy":"category","embeddable":true,"href":"https:\/\/radiorevelacionfm.cl\/index.php?rest_route=%2Fwp%2Fv2%2Fcategories&post=59520"},{"taxonomy":"post_tag","embeddable":true,"href":"https:\/\/radiorevelacionfm.cl\/index.php?rest_route=%2Fwp%2Fv2%2Ftags&post=59520"}],"curies":[{"name":"wp","href":"https:\/\/api.w.org\/{rel}","templated":true}]}}