{"id":59514,"date":"2025-09-25T10:11:55","date_gmt":"2025-09-25T13:11:55","guid":{"rendered":"https:\/\/radiorevelacionfm.cl\/?p=59514"},"modified":"2025-09-25T10:11:55","modified_gmt":"2025-09-25T13:11:55","slug":"se-inicia-pionero-curso-de-guias-de-banos-de-naturaleza-en-el-campus-patagonia-uach","status":"publish","type":"post","link":"https:\/\/radiorevelacionfm.cl\/?p=59514","title":{"rendered":"Se inicia pionero curso de \u201cGu\u00edas de Ba\u00f1os de Naturaleza\u201d en el Campus Patagonia UACh"},"content":{"rendered":"<div class=\"flex_column av_one_full  flex_column_div av-zero-column-padding first  avia-builder-el-0  el_before_av_one_full  avia-builder-el-first  \" style='border-radius:0px; '><div  class='avia-image-container  av-styling-    avia-builder-el-1  avia-builder-el-no-sibling  avia-align-center '  itemprop=\"image\" itemscope=\"itemscope\" itemtype=\"https:\/\/schema.org\/ImageObject\"  ><div class='avia-image-container-inner'><div class='avia-image-overlay-wrap'><img decoding=\"async\" class='wp-image-59515 avia-img-lazy-loading-not-59515 avia_image' src=\"https:\/\/radiorevelacionfm.cl\/wp-content\/uploads\/2025\/09\/banSos-naturaleza-1_optimized-1.jpeg\" alt='' title='ban\u015eos-naturaleza-(1)_optimized (1)' height=\"610\" width=\"807\"  itemprop=\"thumbnailUrl\" srcset=\"https:\/\/radiorevelacionfm.cl\/wp-content\/uploads\/2025\/09\/banSos-naturaleza-1_optimized-1.jpeg 807w, https:\/\/radiorevelacionfm.cl\/wp-content\/uploads\/2025\/09\/banSos-naturaleza-1_optimized-1-300x227.jpeg 300w, https:\/\/radiorevelacionfm.cl\/wp-content\/uploads\/2025\/09\/banSos-naturaleza-1_optimized-1-768x581.jpeg 768w, https:\/\/radiorevelacionfm.cl\/wp-content\/uploads\/2025\/09\/banSos-naturaleza-1_optimized-1-705x533.jpeg 705w, https:\/\/radiorevelacionfm.cl\/wp-content\/uploads\/2025\/09\/banSos-naturaleza-1_optimized-1-450x340.jpeg 450w, https:\/\/radiorevelacionfm.cl\/wp-content\/uploads\/2025\/09\/banSos-naturaleza-1_optimized-1-600x454.jpeg 600w\" sizes=\"(max-width: 807px) 100vw, 807px\" \/><\/div><\/div><\/div><\/div>\n<div class=\"flex_column av_one_full  flex_column_div av-zero-column-padding first  avia-builder-el-2  el_after_av_one_full  el_before_av_one_full  column-top-margin\" style='border-radius:0px; '><section class=\"av_textblock_section \"  itemscope=\"itemscope\" itemtype=\"https:\/\/schema.org\/BlogPosting\" itemprop=\"blogPost\" ><div class='avia_textblock  '   itemprop=\"text\" ><p style=\"text-align: center;\"><strong><span style=\"font-size: 18pt;\">Se inicia pionero curso de \u201cGu\u00edas de Ba\u00f1os de Naturaleza\u201d en el Campus Patagonia UACh<\/span><\/strong><\/p>\n<div id=\"gtx-trans\" style=\"position: absolute; left: -50px; top: 4.31534px;\">\n<div class=\"gtx-trans-icon\"><\/div>\n<\/div>\n<\/div><\/section><\/div>\n<div class=\"flex_column av_one_full  flex_column_div av-zero-column-padding first  avia-builder-el-4  el_after_av_one_full  el_before_av_hr  column-top-margin\" style='border-radius:0px; '><section class=\"av_textblock_section \"  itemscope=\"itemscope\" itemtype=\"https:\/\/schema.org\/BlogPosting\" itemprop=\"blogPost\" ><div class='avia_textblock  '   itemprop=\"text\" ><ul>\n<li style=\"text-align: justify;\"><em>Esta iniciativa de formaci\u00f3n en terapias complementarias, pionera en la regi\u00f3n, incluye clases presenciales, trabajo aut\u00f3nomo y actividades pr\u00e1cticas terreno.<\/em><\/li>\n<\/ul>\n<p style=\"text-align: justify;\">Pionero diploma \u201c<strong>Gu\u00edas de Ba\u00f1os de Naturaleza<\/strong>\u201d organizado por el\u00a0Campus Patagonia de la Universidad Austral de Chile, en\u00a0conjunto con\u00a0el centro terap\u00e9utico UNALOME de Coyhaique, \u00a0inicio su proceso formativo.<\/p>\n<p style=\"text-align: justify;\">Por primera vez en el pa\u00eds, una universidad certifica este tipo de capacitaci\u00f3n en terapias complementarias, respondiendo a la necesidad de incorporar la naturaleza en la salud integral.<\/p>\n<p style=\"text-align: justify;\">El director del Campus Patagonia, Prof. Juan Carlos Miranda dio la bienvenida a quienes participar\u00e1n en este diploma e indic\u00f3 que es una gran satisfacci\u00f3n haber podido materializar esta capacitaci\u00f3n en la regi\u00f3n de Ays\u00e9n. \u201cEste es un programa novedoso, que se enmarca en nuestra carrera T\u00e9cnico Universitario en Turismo de\u00a0Naturaleza y tambi\u00e9n en los conceptos que nuestra universidad est\u00e1 impulsando hace bastante tiempo, cuando hablamos de conocimiento. Este tipo de formaci\u00f3n \u00a0est\u00e1 en l\u00ednea tambi\u00e9n con las tem\u00e1ticas que a la universidad le interesan, sobre todo aquellas relacionadas con el cuidado del medio ambiente y el desarrollo sostenible. Para el Campus es un privilegio innovar en temas que antes eran abordados s\u00f3lo para la casa matriz en Valdivia, pero hoy desde la sede m\u00e1s austral del mundo, la universidad tambi\u00e9n pone a disposici\u00f3n, el conocimiento en estos temas emergentes. El hecho de estar desarroll\u00e1ndose ac\u00e1 en la Patagonia implica un plus a este tipo de capacitaci\u00f3n, ya que estamos en un laboratorio natural, donde la Patagonia es s\u00ed misma es una regi\u00f3n con la naturaleza en su estado m\u00e1s pr\u00edstino, convirti\u00e9ndola en la mejor aula\u201d.<\/p>\n<p style=\"text-align: justify;\">Por su parte, la directora acad\u00e9mica del diploma, la psic\u00f3loga Marcela Ram\u00edrez Soto, se mostr\u00f3 muy satisfecha con el inicio\u00a0de esta capacitaci\u00f3n, convirti\u00e9ndola en un hito muy relevante para la formaci\u00f3n de personas interesadas en \u00e1reas poco tradicionales del saber. \u201cAcabamos de iniciar la primera versi\u00f3n de este programa que por primera vez en Chile es certificado por una universidad. Esta formaci\u00f3n est\u00e1 inspirada en Shinrin Yoku japon\u00e9s que busca acercar a las personas a la naturaleza, con el objeto de tomar la atm\u00f3sfera del bosque y con ello aportar a la salud f\u00edsica, neurocognitiva, psicol\u00f3gica y al bienestar humano en general, siendo tambi\u00e9n esta terapia forestal una herramienta preventiva para reducir riesgos de enfermedades, as\u00ed como tambi\u00e9n para promover una conciencia ecol\u00f3gica y para el desarrollo regional, por tanto es un verdadero hito para Ays\u00e9n y para todo nuestro pa\u00eds\u201d.<\/p>\n<p style=\"text-align: justify;\">El diploma en Gu\u00edas de Ba\u00f1os de Naturaleza responde a la creciente necesidad de integrar terapias complementarias a la medicina convencional, aprovechando el poder sanador de los espacios naturales. Basado en el Shinrin Yoku japon\u00e9s, este programa capacita a gu\u00edas expertos para aplicar esta estrategia que permite el fortalecimiento del sistema inmunol\u00f3gico, reducir el estr\u00e9s y mejorar la salud mental.<\/p>\n<p style=\"text-align: justify;\">En el \u00e1rea del turismo, este diploma busca formar profesionales capacitados en t\u00e9cnicas de ba\u00f1o de naturaleza, con un enfoque integral que va m\u00e1s all\u00e1 del desarrollo convencional del sector, abriendo nuevas alternativas para el logro del bienestar general, enriqueciendo cada experiencia.<\/p>\n<\/div><\/section><\/div><div  style='height:50px' class='hr hr-invisible   avia-builder-el-6  el_after_av_one_full  el_before_av_social_share '><span class='hr-inner ' ><span class='hr-inner-style'><\/span><\/span><\/div><\/p>\n<div  class='av-social-sharing-box  avia-builder-el-7  el_after_av_hr  el_before_av_hr  '><div class='av-share-box'><h5 class='av-share-link-description av-no-toc '>Compartir esta noticia<\/h5><ul class='av-share-box-list noLightbox'><li class='av-share-link av-social-link-facebook' ><a target=\"_blank\" aria-label=\"Compartir en Facebook\" href='https:\/\/www.facebook.com\/sharer.php?u=https:\/\/radiorevelacionfm.cl\/?p=59514&#038;t=Se%20inicia%20pionero%20curso%20de%20%E2%80%9CGu%C3%ADas%20de%20Ba%C3%B1os%20de%20Naturaleza%E2%80%9D%20en%20el%20Campus%20Patagonia%20UACh' aria-hidden='false' data-av_icon='\ue8f3' data-av_iconfont='entypo-fontello' title='' data-avia-related-tooltip='Compartir en Facebook' rel=\"noopener\"><span class='avia_hidden_link_text'>Compartir en Facebook<\/span><\/a><\/li><li class='av-share-link av-social-link-twitter' ><a target=\"_blank\" aria-label=\"Compartir en Twitter\" href='https:\/\/twitter.com\/share?text=Se%20inicia%20pionero%20curso%20de%20%E2%80%9CGu%C3%ADas%20de%20Ba%C3%B1os%20de%20Naturaleza%E2%80%9D%20en%20el%20Campus%20Patagonia%20UACh&#038;url=https:\/\/radiorevelacionfm.cl\/?p=59514' aria-hidden='false' data-av_icon='\ue8f1' data-av_iconfont='entypo-fontello' title='' data-avia-related-tooltip='Compartir en Twitter' rel=\"noopener\"><span class='avia_hidden_link_text'>Compartir en Twitter<\/span><\/a><\/li><li class='av-share-link av-social-link-whatsapp' ><a target=\"_blank\" aria-label=\"Compartir en Whatsapp\" href='https:\/\/api.whatsapp.com\/send?text=https:\/\/radiorevelacionfm.cl\/?p=59514' aria-hidden='false' data-av_icon='\uf232' data-av_iconfont='entypo-fontello' title='' data-avia-related-tooltip='Compartir en Whatsapp' rel=\"noopener\"><span class='avia_hidden_link_text'>Compartir en Whatsapp<\/span><\/a><\/li><li class='av-share-link av-social-link-linkedin' ><a target=\"_blank\" aria-label=\"Compartir en LinkedIn\" href='https:\/\/linkedin.com\/shareArticle?mini=true&#038;title=Se%20inicia%20pionero%20curso%20de%20%E2%80%9CGu%C3%ADas%20de%20Ba%C3%B1os%20de%20Naturaleza%E2%80%9D%20en%20el%20Campus%20Patagonia%20UACh&#038;url=https:\/\/radiorevelacionfm.cl\/?p=59514' aria-hidden='false' data-av_icon='\ue8fc' data-av_iconfont='entypo-fontello' title='' data-avia-related-tooltip='Compartir en LinkedIn' rel=\"noopener\"><span class='avia_hidden_link_text'>Compartir en LinkedIn<\/span><\/a><\/li><li class='av-share-link av-social-link-mail' ><a  aria-label=\"Compartir por correo\" href='mailto:?subject=Se%20inicia%20pionero%20curso%20de%20%E2%80%9CGu%C3%ADas%20de%20Ba%C3%B1os%20de%20Naturaleza%E2%80%9D%20en%20el%20Campus%20Patagonia%20UACh&#038;body=https:\/\/radiorevelacionfm.cl\/?p=59514' aria-hidden='false' data-av_icon='\ue805' data-av_iconfont='entypo-fontello' title='' data-avia-related-tooltip='Compartir por correo'><span class='avia_hidden_link_text'>Compartir por correo<\/span><\/a><\/li><\/ul><\/div><\/div>\n<div  style='height:50px' class='hr hr-invisible   avia-builder-el-8  el_after_av_social_share  el_before_av_comments_list '><span class='hr-inner ' ><span class='hr-inner-style'><\/span><\/span><\/div>\n<div  class='av-buildercomment  av-blog-meta-html-info-disabled av-blog-meta-tag-disabled  '><\/div>\n","protected":false},"excerpt":{"rendered":"","protected":false},"author":1,"featured_media":59515,"comment_status":"closed","ping_status":"closed","sticky":false,"template":"","format":"standard","meta":{"footnotes":""},"categories":[49],"tags":[],"class_list":["post-59514","post","type-post","status-publish","format-standard","has-post-thumbnail","hentry","category-educacion"],"jetpack_featured_media_url":"https:\/\/radiorevelacionfm.cl\/wp-content\/uploads\/2025\/09\/banSos-naturaleza-1_optimized-1.jpeg","_links":{"self":[{"href":"https:\/\/radiorevelacionfm.cl\/index.php?rest_route=\/wp\/v2\/posts\/59514","targetHints":{"allow":["GET"]}}],"collection":[{"href":"https:\/\/radiorevelacionfm.cl\/index.php?rest_route=\/wp\/v2\/posts"}],"about":[{"href":"https:\/\/radiorevelacionfm.cl\/index.php?rest_route=\/wp\/v2\/types\/post"}],"author":[{"embeddable":true,"href":"https:\/\/radiorevelacionfm.cl\/index.php?rest_route=\/wp\/v2\/users\/1"}],"replies":[{"embeddable":true,"href":"https:\/\/radiorevelacionfm.cl\/index.php?rest_route=%2Fwp%2Fv2%2Fcomments&post=59514"}],"version-history":[{"count":3,"href":"https:\/\/radiorevelacionfm.cl\/index.php?rest_route=\/wp\/v2\/posts\/59514\/revisions"}],"predecessor-version":[{"id":59518,"href":"https:\/\/radiorevelacionfm.cl\/index.php?rest_route=\/wp\/v2\/posts\/59514\/revisions\/59518"}],"wp:featuredmedia":[{"embeddable":true,"href":"https:\/\/radiorevelacionfm.cl\/index.php?rest_route=\/wp\/v2\/media\/59515"}],"wp:attachment":[{"href":"https:\/\/radiorevelacionfm.cl\/index.php?rest_route=%2Fwp%2Fv2%2Fmedia&parent=59514"}],"wp:term":[{"taxonomy":"category","embeddable":true,"href":"https:\/\/radiorevelacionfm.cl\/index.php?rest_route=%2Fwp%2Fv2%2Fcategories&post=59514"},{"taxonomy":"post_tag","embeddable":true,"href":"https:\/\/radiorevelacionfm.cl\/index.php?rest_route=%2Fwp%2Fv2%2Ftags&post=59514"}],"curies":[{"name":"wp","href":"https:\/\/api.w.org\/{rel}","templated":true}]}}