{"id":59506,"date":"2025-09-24T22:14:02","date_gmt":"2025-09-25T01:14:02","guid":{"rendered":"https:\/\/radiorevelacionfm.cl\/?p=59506"},"modified":"2025-09-24T22:18:08","modified_gmt":"2025-09-25T01:18:08","slug":"superficie-de-15-hectareas-ha-consumido-incendio-forestal-en-comuna-de-rio-ibanez","status":"publish","type":"post","link":"https:\/\/radiorevelacionfm.cl\/?p=59506","title":{"rendered":"Superficie de 15 hect\u00e1reas ha consumido incendio forestal en comuna de R\u00edo Iba\u00f1ez"},"content":{"rendered":"<div class=\"flex_column av_one_full  flex_column_div av-zero-column-padding first  avia-builder-el-0  el_before_av_one_full  avia-builder-el-first  \" style='border-radius:0px; '><div  class='avia-image-container  av-styling-    avia-builder-el-1  avia-builder-el-no-sibling  avia-align-center '  itemprop=\"image\" itemscope=\"itemscope\" itemtype=\"https:\/\/schema.org\/ImageObject\"  ><div class='avia-image-container-inner'><div class='avia-image-overlay-wrap'><img decoding=\"async\" class='wp-image-59507 avia-img-lazy-loading-not-59507 avia_image' src=\"https:\/\/radiorevelacionfm.cl\/wp-content\/uploads\/2025\/09\/IMG-20250924-WA0018-1-1.jpg\" alt='' title='IMG-20250924-WA0018 (1) (1)' height=\"630\" width=\"801\"  itemprop=\"thumbnailUrl\" srcset=\"https:\/\/radiorevelacionfm.cl\/wp-content\/uploads\/2025\/09\/IMG-20250924-WA0018-1-1.jpg 801w, https:\/\/radiorevelacionfm.cl\/wp-content\/uploads\/2025\/09\/IMG-20250924-WA0018-1-1-300x236.jpg 300w, https:\/\/radiorevelacionfm.cl\/wp-content\/uploads\/2025\/09\/IMG-20250924-WA0018-1-1-768x604.jpg 768w, https:\/\/radiorevelacionfm.cl\/wp-content\/uploads\/2025\/09\/IMG-20250924-WA0018-1-1-705x554.jpg 705w, https:\/\/radiorevelacionfm.cl\/wp-content\/uploads\/2025\/09\/IMG-20250924-WA0018-1-1-450x354.jpg 450w, https:\/\/radiorevelacionfm.cl\/wp-content\/uploads\/2025\/09\/IMG-20250924-WA0018-1-1-600x472.jpg 600w\" sizes=\"(max-width: 801px) 100vw, 801px\" \/><\/div><\/div><\/div><\/div><div class=\"flex_column av_one_full  flex_column_div av-zero-column-padding first  avia-builder-el-2  el_after_av_one_full  el_before_av_one_full  column-top-margin\" style='border-radius:0px; '><section class=\"av_textblock_section \"  itemscope=\"itemscope\" itemtype=\"https:\/\/schema.org\/BlogPosting\" itemprop=\"blogPost\" ><div class='avia_textblock  '   itemprop=\"text\" ><p style=\"text-align: center;\"><strong><span style=\"font-size: 18pt;\">Superficie de 15 hect\u00e1reas ha consumido incendio forestal en comuna de R\u00edo Iba\u00f1ez<\/span><\/strong><\/p>\n<div id=\"gtx-trans\" style=\"position: absolute; left: -50px; top: 4.31534px;\">\n<div class=\"gtx-trans-icon\"><\/div>\n<\/div>\n<\/div><\/section><\/div><div class=\"flex_column av_one_full  flex_column_div av-zero-column-padding first  avia-builder-el-4  el_after_av_one_full  el_before_av_hr  column-top-margin\" style='border-radius:0px; '><section class=\"av_textblock_section \"  itemscope=\"itemscope\" itemtype=\"https:\/\/schema.org\/BlogPosting\" itemprop=\"blogPost\" ><div class='avia_textblock  '   itemprop=\"text\" ><p style=\"text-align: justify;\">Referente al Incendio Forestal denominado \u00abEl Maitenal\u00bb se mantiene Alerta Amarilla para la comuna de R\u00edo Ib\u00e1\u00f1ez. CONAF informa que, el incendio baj\u00f3 su intensidad en gran parte de los sectores afectados. Solo en frente de avance se mantiene actividad media, manteniendo una superficie de 15 hect\u00e1reas al momento, las viviendas se encuentran fuera de peligro y personal de bomberos mantendr\u00e1 resguardo de estas durante la jornada vespertina.<\/p>\n<p>Cabe se\u00f1alar que, al momento no se reportan personas lesionadas producto de esta emergencia.<\/p>\n<p>Personal CONAF se retira del lugar para continuar las labores el d\u00eda de ma\u00f1ana. Durante esta jornada trabajaron en el lugar los siguientes recursos:<\/p>\n<p>*\u00a0 \u00a04 T\u00e9cnicos de CONAF<br \/>\n*\u00a0 \u00a04 Unidades del Cuerpo de Bomberos de Coyhaique (3era y 5ta c\u00eda con 4 unidades y una dotaci\u00f3n total de 19 bomberos)<\/p>\n<p>Para la jornada de ma\u00f1ana se movilizar\u00e1n los siguientes recursos:<\/p>\n<p>*\u00a0 \u00a01 Helic\u00f3ptero durante la jornada de la ma\u00f1ana<br \/>\n*\u00a0 \u00a0CONAF<br \/>\n*\u00a0 \u00a01 BRIFE con una dotaci\u00f3n de 23 combatientes<br \/>\n*\u00a0 \u00a0Unidades del Cuerpo de Bomberos de Coyhaique<\/p>\n<\/div><\/section><\/div><div  style='height:50px' class='hr hr-invisible   avia-builder-el-6  el_after_av_one_full  el_before_av_social_share '><span class='hr-inner ' ><span class='hr-inner-style'><\/span><\/span><\/div><\/p>\n<div  class='av-social-sharing-box  avia-builder-el-7  el_after_av_hr  el_before_av_hr  '><div class='av-share-box'><h5 class='av-share-link-description av-no-toc '>Compartir esta noticia<\/h5><ul class='av-share-box-list noLightbox'><li class='av-share-link av-social-link-facebook' ><a target=\"_blank\" aria-label=\"Compartir en Facebook\" href='https:\/\/www.facebook.com\/sharer.php?u=https:\/\/radiorevelacionfm.cl\/?p=59506&#038;t=Superficie%20de%2015%20hect%C3%A1reas%20ha%20consumido%20incendio%20forestal%20en%20comuna%20de%20R%C3%ADo%20Iba%C3%B1ez' aria-hidden='false' data-av_icon='\ue8f3' data-av_iconfont='entypo-fontello' title='' data-avia-related-tooltip='Compartir en Facebook' rel=\"noopener\"><span class='avia_hidden_link_text'>Compartir en Facebook<\/span><\/a><\/li><li class='av-share-link av-social-link-twitter' ><a target=\"_blank\" aria-label=\"Compartir en Twitter\" href='https:\/\/twitter.com\/share?text=Superficie%20de%2015%20hect%C3%A1reas%20ha%20consumido%20incendio%20forestal%20en%20comuna%20de%20R%C3%ADo%20Iba%C3%B1ez&#038;url=https:\/\/radiorevelacionfm.cl\/?p=59506' aria-hidden='false' data-av_icon='\ue8f1' data-av_iconfont='entypo-fontello' title='' data-avia-related-tooltip='Compartir en Twitter' rel=\"noopener\"><span class='avia_hidden_link_text'>Compartir en Twitter<\/span><\/a><\/li><li class='av-share-link av-social-link-whatsapp' ><a target=\"_blank\" aria-label=\"Compartir en Whatsapp\" href='https:\/\/api.whatsapp.com\/send?text=https:\/\/radiorevelacionfm.cl\/?p=59506' aria-hidden='false' data-av_icon='\uf232' data-av_iconfont='entypo-fontello' title='' data-avia-related-tooltip='Compartir en Whatsapp' rel=\"noopener\"><span class='avia_hidden_link_text'>Compartir en Whatsapp<\/span><\/a><\/li><li class='av-share-link av-social-link-linkedin' ><a target=\"_blank\" aria-label=\"Compartir en LinkedIn\" href='https:\/\/linkedin.com\/shareArticle?mini=true&#038;title=Superficie%20de%2015%20hect%C3%A1reas%20ha%20consumido%20incendio%20forestal%20en%20comuna%20de%20R%C3%ADo%20Iba%C3%B1ez&#038;url=https:\/\/radiorevelacionfm.cl\/?p=59506' aria-hidden='false' data-av_icon='\ue8fc' data-av_iconfont='entypo-fontello' title='' data-avia-related-tooltip='Compartir en LinkedIn' rel=\"noopener\"><span class='avia_hidden_link_text'>Compartir en LinkedIn<\/span><\/a><\/li><li class='av-share-link av-social-link-mail' ><a  aria-label=\"Compartir por correo\" href='mailto:?subject=Superficie%20de%2015%20hect%C3%A1reas%20ha%20consumido%20incendio%20forestal%20en%20comuna%20de%20R%C3%ADo%20Iba%C3%B1ez&#038;body=https:\/\/radiorevelacionfm.cl\/?p=59506' aria-hidden='false' data-av_icon='\ue805' data-av_iconfont='entypo-fontello' title='' data-avia-related-tooltip='Compartir por correo'><span class='avia_hidden_link_text'>Compartir por correo<\/span><\/a><\/li><\/ul><\/div><\/div>\n<div  style='height:50px' class='hr hr-invisible   avia-builder-el-8  el_after_av_social_share  el_before_av_comments_list '><span class='hr-inner ' ><span class='hr-inner-style'><\/span><\/span><\/div>\n<div  class='av-buildercomment  av-blog-meta-html-info-disabled av-blog-meta-tag-disabled  '><\/div>\n","protected":false},"excerpt":{"rendered":"","protected":false},"author":1,"featured_media":59507,"comment_status":"closed","ping_status":"closed","sticky":false,"template":"","format":"standard","meta":{"footnotes":""},"categories":[38],"tags":[],"class_list":["post-59506","post","type-post","status-publish","format-standard","has-post-thumbnail","hentry","category-regional"],"jetpack_featured_media_url":"https:\/\/radiorevelacionfm.cl\/wp-content\/uploads\/2025\/09\/IMG-20250924-WA0018-1-1.jpg","_links":{"self":[{"href":"https:\/\/radiorevelacionfm.cl\/index.php?rest_route=\/wp\/v2\/posts\/59506","targetHints":{"allow":["GET"]}}],"collection":[{"href":"https:\/\/radiorevelacionfm.cl\/index.php?rest_route=\/wp\/v2\/posts"}],"about":[{"href":"https:\/\/radiorevelacionfm.cl\/index.php?rest_route=\/wp\/v2\/types\/post"}],"author":[{"embeddable":true,"href":"https:\/\/radiorevelacionfm.cl\/index.php?rest_route=\/wp\/v2\/users\/1"}],"replies":[{"embeddable":true,"href":"https:\/\/radiorevelacionfm.cl\/index.php?rest_route=%2Fwp%2Fv2%2Fcomments&post=59506"}],"version-history":[{"count":2,"href":"https:\/\/radiorevelacionfm.cl\/index.php?rest_route=\/wp\/v2\/posts\/59506\/revisions"}],"predecessor-version":[{"id":59511,"href":"https:\/\/radiorevelacionfm.cl\/index.php?rest_route=\/wp\/v2\/posts\/59506\/revisions\/59511"}],"wp:featuredmedia":[{"embeddable":true,"href":"https:\/\/radiorevelacionfm.cl\/index.php?rest_route=\/wp\/v2\/media\/59507"}],"wp:attachment":[{"href":"https:\/\/radiorevelacionfm.cl\/index.php?rest_route=%2Fwp%2Fv2%2Fmedia&parent=59506"}],"wp:term":[{"taxonomy":"category","embeddable":true,"href":"https:\/\/radiorevelacionfm.cl\/index.php?rest_route=%2Fwp%2Fv2%2Fcategories&post=59506"},{"taxonomy":"post_tag","embeddable":true,"href":"https:\/\/radiorevelacionfm.cl\/index.php?rest_route=%2Fwp%2Fv2%2Ftags&post=59506"}],"curies":[{"name":"wp","href":"https:\/\/api.w.org\/{rel}","templated":true}]}}