{"id":59498,"date":"2025-09-24T18:55:32","date_gmt":"2025-09-24T21:55:32","guid":{"rendered":"https:\/\/radiorevelacionfm.cl\/?p=59498"},"modified":"2025-09-24T18:55:32","modified_gmt":"2025-09-24T21:55:32","slug":"carabineros-del-gope-aysen-rescato-a-dos-excursionistas-extraviados-en-cima-del-cerro-mackay-en-coyhaique","status":"publish","type":"post","link":"https:\/\/radiorevelacionfm.cl\/?p=59498","title":{"rendered":"Carabineros del GOPE Ays\u00e9n rescat\u00f3 a dos excursionistas extraviados en cima del cerro Mackay en Coyhaique"},"content":{"rendered":"<div class=\"flex_column av_one_full  flex_column_div av-zero-column-padding first  avia-builder-el-0  el_before_av_one_full  avia-builder-el-first  \" style='border-radius:0px; '><div  class='avia-image-container  av-styling-    avia-builder-el-1  avia-builder-el-no-sibling  avia-align-center '  itemprop=\"image\" itemscope=\"itemscope\" itemtype=\"https:\/\/schema.org\/ImageObject\"  ><div class='avia-image-container-inner'><div class='avia-image-overlay-wrap'><img decoding=\"async\" class='wp-image-59499 avia-img-lazy-loading-not-59499 avia_image' src=\"https:\/\/radiorevelacionfm.cl\/wp-content\/uploads\/2025\/09\/bcf80172-4e20-4c3f-9bdb-61fa2ba2e0b6-1-1.jpg\" alt='' title='bcf80172-4e20-4c3f-9bdb-61fa2ba2e0b6 (1) (1)' height=\"600\" width=\"802\"  itemprop=\"thumbnailUrl\" srcset=\"https:\/\/radiorevelacionfm.cl\/wp-content\/uploads\/2025\/09\/bcf80172-4e20-4c3f-9bdb-61fa2ba2e0b6-1-1.jpg 802w, https:\/\/radiorevelacionfm.cl\/wp-content\/uploads\/2025\/09\/bcf80172-4e20-4c3f-9bdb-61fa2ba2e0b6-1-1-300x224.jpg 300w, https:\/\/radiorevelacionfm.cl\/wp-content\/uploads\/2025\/09\/bcf80172-4e20-4c3f-9bdb-61fa2ba2e0b6-1-1-768x575.jpg 768w, https:\/\/radiorevelacionfm.cl\/wp-content\/uploads\/2025\/09\/bcf80172-4e20-4c3f-9bdb-61fa2ba2e0b6-1-1-705x527.jpg 705w, https:\/\/radiorevelacionfm.cl\/wp-content\/uploads\/2025\/09\/bcf80172-4e20-4c3f-9bdb-61fa2ba2e0b6-1-1-450x337.jpg 450w, https:\/\/radiorevelacionfm.cl\/wp-content\/uploads\/2025\/09\/bcf80172-4e20-4c3f-9bdb-61fa2ba2e0b6-1-1-600x449.jpg 600w\" sizes=\"(max-width: 802px) 100vw, 802px\" \/><\/div><\/div><\/div><\/div><div class=\"flex_column av_one_full  flex_column_div av-zero-column-padding first  avia-builder-el-2  el_after_av_one_full  el_before_av_one_full  column-top-margin\" style='border-radius:0px; '><section class=\"av_textblock_section \"  itemscope=\"itemscope\" itemtype=\"https:\/\/schema.org\/BlogPosting\" itemprop=\"blogPost\" ><div class='avia_textblock  '   itemprop=\"text\" ><p style=\"text-align: center;\"><strong><span style=\"font-size: 18pt;\">Carabineros del GOPE Ays\u00e9n rescat\u00f3 a dos excursionistas extraviados en cima del cerro Mackay en Coyhaique<\/span><\/strong><\/p>\n<div id=\"gtx-trans\" style=\"position: absolute; left: -50px; top: 4.31534px;\">\n<div class=\"gtx-trans-icon\"><\/div>\n<\/div>\n<\/div><\/section><\/div><div class=\"flex_column av_one_full  flex_column_div av-zero-column-padding first  avia-builder-el-4  el_after_av_one_full  el_before_av_hr  column-top-margin\" style='border-radius:0px; '><section class=\"av_textblock_section \"  itemscope=\"itemscope\" itemtype=\"https:\/\/schema.org\/BlogPosting\" itemprop=\"blogPost\" ><div class='avia_textblock  '   itemprop=\"text\" ><p dir=\"ltr\" style=\"text-align: justify;\" role=\"presentation\"><em>Ambas personas fueron localizadas sanas y salvas, siendo trasladadas hasta un sector seguro.<\/em><\/p>\n<p dir=\"ltr\" style=\"text-align: justify;\" role=\"presentation\"><em>Carabineros record\u00f3 planificar las rutas, verificar la meteorolog\u00eda, contar con la indumentaria adecuada, linterna, tel\u00e9fono celular, alimentos e hidrataci\u00f3n.<\/em><\/p>\n<p dir=\"ltr\" style=\"text-align: justify;\">Carabineros del Grupo de Operaciones Policiales Especiales (GOPE) Ays\u00e9n rescat\u00f3 con \u00e9xito a dos personas que se encontraban desorientadas en la cima del cerro Mackay de esta ciudad.<\/p>\n<p dir=\"ltr\" style=\"text-align: justify;\">El operativo se activ\u00f3 tras una llamada de emergencia recibida por la Central de Comunicaciones (CENCO), en la cual se inform\u00f3 a Carabineros sobre la presencia de dos personas -un hombre y una mujer- quienes se\u00f1alaron que no pod\u00edan encontrar el camino de regreso.<\/p>\n<p dir=\"ltr\" style=\"text-align: justify;\">Ubicaci\u00f3n en tiempo real<\/p>\n<p dir=\"ltr\" style=\"text-align: justify;\">Seg\u00fan indic\u00f3 el Jefe (S) del GOPE Ays\u00e9n, Suboficial Mayor Oscar Cartagena Acevedo, frente a lo anterior, tras recabar los primeros antecedentes, el equipo del GOPE inici\u00f3 de inmediato el ascenso al cerro, manteniendo una constante comunicaci\u00f3n telef\u00f3nica con las personas extraviadas, utilizando la ubicaci\u00f3n en tiempo real enviada por los j\u00f3venes a trav\u00e9s de WhatsApp, lo cual permiti\u00f3 conocer su localizaci\u00f3n y guiar la b\u00fasqueda.<\/p>\n<p dir=\"ltr\" style=\"text-align: justify;\">\u201cReunimos al equipo, nos trasladamos al lugar e ingresamos a trav\u00e9s del bosque a unos 3 a 4 km, ya que ten\u00edamos su ubicaci\u00f3n (&#8230;) despu\u00e9s de una hora y media de caminata, logramos tomar contacto con ellos, se hizo la primera atenci\u00f3n m\u00e9dica. Estaban en buen estado de salud y sin lesiones, se hidrataron\u00a0 e iniciamos el descenso con las personas\u201d, indic\u00f3 el Suboficial Mayor Cartagena.<\/p>\n<p dir=\"ltr\" style=\"text-align: justify;\">Minutos m\u00e1s tarde y tras descender de la monta\u00f1a, el GOPE los llev\u00f3 hasta un lugar seguro donde fueron recibidos por personal de la 1ra. Comisar\u00eda de Carabineros de Coyhaique.<\/p>\n<p dir=\"ltr\" style=\"text-align: justify;\">Planificaci\u00f3n<\/p>\n<p dir=\"ltr\" style=\"text-align: justify;\">Carabineros record\u00f3 una vez a quienes se aventuran en la monta\u00f1a a planificar su salida y comunicar el recorrido y la fecha u hora de retorno a Conaf o Carabineros con la finalidad de organizar un operativo de b\u00fasqueda ante alguna eventualidad.<\/p>\n<p dir=\"ltr\" style=\"text-align: justify;\">Asimismo el Jefe (S) del GOPE Ays\u00e9n record\u00f3 la importancia de chequear la meteorolog\u00eda, la preparaci\u00f3n y el equipamiento adecuado al realizar actividades en \u00e1reas remotas o agrestes, destacando el calzado de trekking, linterna, indumentaria, hidrataci\u00f3n, alimentos ricos en calor\u00edas. \u201cCuando las personas suban a la monta\u00f1a, nunca se deben apartar de los senderos y as\u00ed evitar perder la orientaci\u00f3n\u201d, a\u00f1adi\u00f3<\/p>\n<p dir=\"ltr\" style=\"text-align: justify;\">Es importante considerar que el principal objetivo de un viaje a la monta\u00f1a es regresar sano y salvo. El alcanzar la cumbre constituye la mitad del camino y nunca debemos poner en riesgo nuestra seguridad o la de quienes nos acompa\u00f1an por lograr este anhelo.<\/p>\n<\/div><\/section><\/div><div  style='height:50px' class='hr hr-invisible   avia-builder-el-6  el_after_av_one_full  el_before_av_social_share '><span class='hr-inner ' ><span class='hr-inner-style'><\/span><\/span><\/div><\/p>\n<div  class='av-social-sharing-box  avia-builder-el-7  el_after_av_hr  el_before_av_hr  '><div class='av-share-box'><h5 class='av-share-link-description av-no-toc '>Compartir esta noticia<\/h5><ul class='av-share-box-list noLightbox'><li class='av-share-link av-social-link-facebook' ><a target=\"_blank\" aria-label=\"Compartir en Facebook\" href='https:\/\/www.facebook.com\/sharer.php?u=https:\/\/radiorevelacionfm.cl\/?p=59498&#038;t=Carabineros%20del%20GOPE%20Ays%C3%A9n%20rescat%C3%B3%20a%20dos%20excursionistas%20extraviados%20en%20cima%20del%20cerro%20Mackay%20en%20Coyhaique' aria-hidden='false' data-av_icon='\ue8f3' data-av_iconfont='entypo-fontello' title='' data-avia-related-tooltip='Compartir en Facebook' rel=\"noopener\"><span class='avia_hidden_link_text'>Compartir en Facebook<\/span><\/a><\/li><li class='av-share-link av-social-link-twitter' ><a target=\"_blank\" aria-label=\"Compartir en Twitter\" href='https:\/\/twitter.com\/share?text=Carabineros%20del%20GOPE%20Ays%C3%A9n%20rescat%C3%B3%20a%20dos%20excursionistas%20extraviados%20en%20cima%20del%20cerro%20Mackay%20en%20Coyhaique&#038;url=https:\/\/radiorevelacionfm.cl\/?p=59498' aria-hidden='false' data-av_icon='\ue8f1' data-av_iconfont='entypo-fontello' title='' data-avia-related-tooltip='Compartir en Twitter' rel=\"noopener\"><span class='avia_hidden_link_text'>Compartir en Twitter<\/span><\/a><\/li><li class='av-share-link av-social-link-whatsapp' ><a target=\"_blank\" aria-label=\"Compartir en Whatsapp\" href='https:\/\/api.whatsapp.com\/send?text=https:\/\/radiorevelacionfm.cl\/?p=59498' aria-hidden='false' data-av_icon='\uf232' data-av_iconfont='entypo-fontello' title='' data-avia-related-tooltip='Compartir en Whatsapp' rel=\"noopener\"><span class='avia_hidden_link_text'>Compartir en Whatsapp<\/span><\/a><\/li><li class='av-share-link av-social-link-linkedin' ><a target=\"_blank\" aria-label=\"Compartir en LinkedIn\" href='https:\/\/linkedin.com\/shareArticle?mini=true&#038;title=Carabineros%20del%20GOPE%20Ays%C3%A9n%20rescat%C3%B3%20a%20dos%20excursionistas%20extraviados%20en%20cima%20del%20cerro%20Mackay%20en%20Coyhaique&#038;url=https:\/\/radiorevelacionfm.cl\/?p=59498' aria-hidden='false' data-av_icon='\ue8fc' data-av_iconfont='entypo-fontello' title='' data-avia-related-tooltip='Compartir en LinkedIn' rel=\"noopener\"><span class='avia_hidden_link_text'>Compartir en LinkedIn<\/span><\/a><\/li><li class='av-share-link av-social-link-mail' ><a  aria-label=\"Compartir por correo\" href='mailto:?subject=Carabineros%20del%20GOPE%20Ays%C3%A9n%20rescat%C3%B3%20a%20dos%20excursionistas%20extraviados%20en%20cima%20del%20cerro%20Mackay%20en%20Coyhaique&#038;body=https:\/\/radiorevelacionfm.cl\/?p=59498' aria-hidden='false' data-av_icon='\ue805' data-av_iconfont='entypo-fontello' title='' data-avia-related-tooltip='Compartir por correo'><span class='avia_hidden_link_text'>Compartir por correo<\/span><\/a><\/li><\/ul><\/div><\/div>\n<div  style='height:50px' class='hr hr-invisible   avia-builder-el-8  el_after_av_social_share  el_before_av_comments_list '><span class='hr-inner ' ><span class='hr-inner-style'><\/span><\/span><\/div>\n<div  class='av-buildercomment  av-blog-meta-html-info-disabled av-blog-meta-tag-disabled  '><\/div>\n","protected":false},"excerpt":{"rendered":"","protected":false},"author":1,"featured_media":59499,"comment_status":"closed","ping_status":"closed","sticky":false,"template":"","format":"standard","meta":{"footnotes":""},"categories":[36],"tags":[],"class_list":["post-59498","post","type-post","status-publish","format-standard","has-post-thumbnail","hentry","category-policial"],"jetpack_featured_media_url":"https:\/\/radiorevelacionfm.cl\/wp-content\/uploads\/2025\/09\/bcf80172-4e20-4c3f-9bdb-61fa2ba2e0b6-1-1.jpg","_links":{"self":[{"href":"https:\/\/radiorevelacionfm.cl\/index.php?rest_route=\/wp\/v2\/posts\/59498","targetHints":{"allow":["GET"]}}],"collection":[{"href":"https:\/\/radiorevelacionfm.cl\/index.php?rest_route=\/wp\/v2\/posts"}],"about":[{"href":"https:\/\/radiorevelacionfm.cl\/index.php?rest_route=\/wp\/v2\/types\/post"}],"author":[{"embeddable":true,"href":"https:\/\/radiorevelacionfm.cl\/index.php?rest_route=\/wp\/v2\/users\/1"}],"replies":[{"embeddable":true,"href":"https:\/\/radiorevelacionfm.cl\/index.php?rest_route=%2Fwp%2Fv2%2Fcomments&post=59498"}],"version-history":[{"count":2,"href":"https:\/\/radiorevelacionfm.cl\/index.php?rest_route=\/wp\/v2\/posts\/59498\/revisions"}],"predecessor-version":[{"id":59501,"href":"https:\/\/radiorevelacionfm.cl\/index.php?rest_route=\/wp\/v2\/posts\/59498\/revisions\/59501"}],"wp:featuredmedia":[{"embeddable":true,"href":"https:\/\/radiorevelacionfm.cl\/index.php?rest_route=\/wp\/v2\/media\/59499"}],"wp:attachment":[{"href":"https:\/\/radiorevelacionfm.cl\/index.php?rest_route=%2Fwp%2Fv2%2Fmedia&parent=59498"}],"wp:term":[{"taxonomy":"category","embeddable":true,"href":"https:\/\/radiorevelacionfm.cl\/index.php?rest_route=%2Fwp%2Fv2%2Fcategories&post=59498"},{"taxonomy":"post_tag","embeddable":true,"href":"https:\/\/radiorevelacionfm.cl\/index.php?rest_route=%2Fwp%2Fv2%2Ftags&post=59498"}],"curies":[{"name":"wp","href":"https:\/\/api.w.org\/{rel}","templated":true}]}}