{"id":59491,"date":"2025-09-24T18:10:41","date_gmt":"2025-09-24T21:10:41","guid":{"rendered":"https:\/\/radiorevelacionfm.cl\/?p=59491"},"modified":"2025-09-24T18:10:41","modified_gmt":"2025-09-24T21:10:41","slug":"hospital-regional-coyhaique-ratifica-validacion-como-centro-de-vigilancia-para-enfermedades-respiratorias","status":"publish","type":"post","link":"https:\/\/radiorevelacionfm.cl\/?p=59491","title":{"rendered":"Hospital Regional Coyhaique ratifica validaci\u00f3n como centro de vigilancia para enfermedades respiratorias"},"content":{"rendered":"<div class=\"flex_column av_one_full  flex_column_div av-zero-column-padding first  avia-builder-el-0  el_before_av_one_full  avia-builder-el-first  \" style='border-radius:0px; '><div  class='avia-image-container  av-styling-    avia-builder-el-1  avia-builder-el-no-sibling  avia-align-center '  itemprop=\"image\" itemscope=\"itemscope\" itemtype=\"https:\/\/schema.org\/ImageObject\"  ><div class='avia-image-container-inner'><div class='avia-image-overlay-wrap'><img decoding=\"async\" class='wp-image-59492 avia-img-lazy-loading-not-59492 avia_image' src=\"https:\/\/radiorevelacionfm.cl\/wp-content\/uploads\/2025\/09\/laboratorio-1_optimized-1.jpg\" alt='' title='laboratorio-(1)_optimized (1)' height=\"600\" width=\"1066\"  itemprop=\"thumbnailUrl\" srcset=\"https:\/\/radiorevelacionfm.cl\/wp-content\/uploads\/2025\/09\/laboratorio-1_optimized-1.jpg 1066w, https:\/\/radiorevelacionfm.cl\/wp-content\/uploads\/2025\/09\/laboratorio-1_optimized-1-300x169.jpg 300w, https:\/\/radiorevelacionfm.cl\/wp-content\/uploads\/2025\/09\/laboratorio-1_optimized-1-1030x580.jpg 1030w, https:\/\/radiorevelacionfm.cl\/wp-content\/uploads\/2025\/09\/laboratorio-1_optimized-1-768x432.jpg 768w, https:\/\/radiorevelacionfm.cl\/wp-content\/uploads\/2025\/09\/laboratorio-1_optimized-1-705x397.jpg 705w, https:\/\/radiorevelacionfm.cl\/wp-content\/uploads\/2025\/09\/laboratorio-1_optimized-1-450x253.jpg 450w, https:\/\/radiorevelacionfm.cl\/wp-content\/uploads\/2025\/09\/laboratorio-1_optimized-1-600x338.jpg 600w\" sizes=\"(max-width: 1066px) 100vw, 1066px\" \/><\/div><\/div><\/div><\/div><div class=\"flex_column av_one_full  flex_column_div av-zero-column-padding first  avia-builder-el-2  el_after_av_one_full  el_before_av_one_full  column-top-margin\" style='border-radius:0px; '><section class=\"av_textblock_section \"  itemscope=\"itemscope\" itemtype=\"https:\/\/schema.org\/BlogPosting\" itemprop=\"blogPost\" ><div class='avia_textblock  '   itemprop=\"text\" ><p style=\"text-align: center;\"><strong><span style=\"font-size: 18pt;\">Hospital Regional Coyhaique ratifica validaci\u00f3n como centro de vigilancia para enfermedades respiratorias<\/span><\/strong><\/p>\n<div id=\"gtx-trans\" style=\"position: absolute; left: -50px; top: 4.31534px;\">\n<div class=\"gtx-trans-icon\"><\/div>\n<\/div>\n<\/div><\/section><\/div><div class=\"flex_column av_one_full  flex_column_div av-zero-column-padding first  avia-builder-el-4  el_after_av_one_full  el_before_av_hr  column-top-margin\" style='border-radius:0px; '><section class=\"av_textblock_section \"  itemscope=\"itemscope\" itemtype=\"https:\/\/schema.org\/BlogPosting\" itemprop=\"blogPost\" ><div class='avia_textblock  '   itemprop=\"text\" ><ul>\n<li style=\"text-align: justify;\"><em>Esta validaci\u00f3n, que se extiende hasta la pr\u00f3xima supervisi\u00f3n MINSAL en el 2027, confirma el buen trabajo que realiza el Centro Centinela del Hospital Regional en la vigilancia, prevenci\u00f3n y control de enfermedades respiratorias agudas y graves en la poblaci\u00f3n.<\/em><\/li>\n<\/ul>\n<p style=\"text-align: justify;\">Por espacio de dos d\u00edas, el Hospital Regional Coyhaique fue sometido a una visita de seguimiento por parte de representantes de la Organizaci\u00f3n Panamericana y Mundial de la Salud (OPS\/OMS), para conocer su funcionamiento como Centro Centinela para Infecciones Respiratorias Agudas Graves (IRAG) en la regi\u00f3n Ays\u00e9n; ocasi\u00f3n donde el centro asistencial logr\u00f3 el cumplimiento del 100% de los objetivos cl\u00ednicos, epidemiol\u00f3gicos y de laboratorio para seguir operando bajo esta modalidad, para la observaci\u00f3n, an\u00e1lisis y acciones en resguardo de la salud de la poblaci\u00f3n regional.<\/p>\n<p style=\"text-align: justify;\">Un hecho que fue destacado por el representante de OMS\/OPS en Chile Dr. Giovanni Escalante, quien reconoci\u00f3 el trabajo de los equipos locales. \u201cHe tenido el gusto de visitar Ays\u00e9n, sobre todo para conocer la labor de los centros de vigilancia Centinela de las infecciones respiratorias agudas y enfermedades graves.\u00a0 Y, con alegr\u00eda, visit\u00e9 el Hospital de Coyhaique, que es un centro IRAG, donde se puede ver la capacidad diagn\u00f3stico de laboratorio, el equipamiento, los protocolos de atenci\u00f3n, pero adem\u00e1s tambi\u00e9n tenemos un equipo que est\u00e1 verificando los avances, las mejoras y con esto se van a establecer recomendaciones para el centro hospitalario. Hemos podido ver un trabajo muy cohesionado con la seremi de salud, un trabajo muy importante en preparaci\u00f3n y respuesta ante emergencias y desastres. La regi\u00f3n tiene una serie de desaf\u00edos, sobre todo por su extensi\u00f3n geogr\u00e1fica, y creo que va a ser una contribuci\u00f3n para consolidar el modelo de atenci\u00f3n de salud que tiene Chile, creo que puede ser un modelo que puede servir tambi\u00e9n para otros pa\u00edses\u201d.<\/p>\n<p style=\"text-align: justify;\">Por su parte, el Dr. Gustavo Catrilef Gonz\u00e1lez, Jefe del Subdepto. De Epidemiolog\u00eda del Hospital Regional Coyhaique, expres\u00f3 su satisfacci\u00f3n por la certificaci\u00f3n obtenida. \u201cS\u00ed, la verdad que estamos muy contentos como equipo, agradecer el apoyo de la directora en esta gesti\u00f3n. La verdad es que logramos el 100%\u00a0 de los objetivos que nos pone la Organizaci\u00f3n Mundial de la Salud OPS y el MINSAL en Chile, y es una excelente noticia, porque nosotros vigilamos toda la regi\u00f3n. Nuestra actividad es vigilar a los pacientes que ingresan al Hospital Regional de Coyhaique con una infecci\u00f3n respiratoria aguda grave. Nosotros tenemos la tecnolog\u00eda para detectar y hacerle examen a estos pacientes y determinar qu\u00e9 agente infeccioso los est\u00e1 enfermando. De esa forma, podemos determinar y anticiparnos a los brotes epidemiol\u00f3gicos por VRS, a los brotes epidemiol\u00f3gicos por influenza A, Metapneumovirus, rinovirus y muchos otros virus,\u201d puntualiz\u00f3.<\/p>\n<p style=\"text-align: justify;\">Finalmente, la Seremi de Salud Ays\u00e9n, Gloria \u00c1guila Schmeisser, valor\u00f3 este proceso y el trabajo de los profesionales del centro Centinela. \u201cEn Ays\u00e9n, somos m\u00e1s de 100.000 habitantes en todo el territorio, por lo que el trabajo que realizan los equipos del centro Centinela de IRA Grave es intenso, m\u00e1s a\u00fan con los est\u00e1ndares que exige la Organizaci\u00f3n Panamericana de Salud (OPS) y la propia Organizaci\u00f3n Mundial de la Salud (OMS). Aqu\u00ed queda demostrado el trabajo profesional de los equipos de epidemiolog\u00eda, del laboratorio de an\u00e1lisis y de todos quienes trabajan por la salud de nuestras familias a trav\u00e9s de la pesquisa oportuna de las enfermedades que nos afectan, para as\u00ed desarrollar estrategias de salud y proteger a la poblaci\u00f3n.<\/p>\n<p style=\"text-align: justify;\">A un a\u00f1o de la puesta en marcha oficial de Centinela IRAG de la regi\u00f3n Ays\u00e9n, el centro Centinela del Hospital Regional Coyhaique cumpli\u00f3 con cada uno de los requerimientos solicitados por una comisi\u00f3n compuesta por profesionales del Instituto de Salud P\u00fablica (ISP), el Ministerio de Salud, adem\u00e1s de la Organizaci\u00f3n Panamericana y Mundial de Salud.<\/p>\n<\/div><\/section><\/div><div  style='height:50px' class='hr hr-invisible   avia-builder-el-6  el_after_av_one_full  el_before_av_social_share '><span class='hr-inner ' ><span class='hr-inner-style'><\/span><\/span><\/div><\/p>\n<div  class='av-social-sharing-box  avia-builder-el-7  el_after_av_hr  el_before_av_hr  '><div class='av-share-box'><h5 class='av-share-link-description av-no-toc '>Compartir esta noticia<\/h5><ul class='av-share-box-list noLightbox'><li class='av-share-link av-social-link-facebook' ><a target=\"_blank\" aria-label=\"Compartir en Facebook\" href='https:\/\/www.facebook.com\/sharer.php?u=https:\/\/radiorevelacionfm.cl\/?p=59491&#038;t=Hospital%20Regional%20Coyhaique%20ratifica%20validaci%C3%B3n%20como%20centro%20de%20vigilancia%20para%20enfermedades%20respiratorias' aria-hidden='false' data-av_icon='\ue8f3' data-av_iconfont='entypo-fontello' title='' data-avia-related-tooltip='Compartir en Facebook' rel=\"noopener\"><span class='avia_hidden_link_text'>Compartir en Facebook<\/span><\/a><\/li><li class='av-share-link av-social-link-twitter' ><a target=\"_blank\" aria-label=\"Compartir en Twitter\" href='https:\/\/twitter.com\/share?text=Hospital%20Regional%20Coyhaique%20ratifica%20validaci%C3%B3n%20como%20centro%20de%20vigilancia%20para%20enfermedades%20respiratorias&#038;url=https:\/\/radiorevelacionfm.cl\/?p=59491' aria-hidden='false' data-av_icon='\ue8f1' data-av_iconfont='entypo-fontello' title='' data-avia-related-tooltip='Compartir en Twitter' rel=\"noopener\"><span class='avia_hidden_link_text'>Compartir en Twitter<\/span><\/a><\/li><li class='av-share-link av-social-link-whatsapp' ><a target=\"_blank\" aria-label=\"Compartir en Whatsapp\" href='https:\/\/api.whatsapp.com\/send?text=https:\/\/radiorevelacionfm.cl\/?p=59491' aria-hidden='false' data-av_icon='\uf232' data-av_iconfont='entypo-fontello' title='' data-avia-related-tooltip='Compartir en Whatsapp' rel=\"noopener\"><span class='avia_hidden_link_text'>Compartir en Whatsapp<\/span><\/a><\/li><li class='av-share-link av-social-link-linkedin' ><a target=\"_blank\" aria-label=\"Compartir en LinkedIn\" href='https:\/\/linkedin.com\/shareArticle?mini=true&#038;title=Hospital%20Regional%20Coyhaique%20ratifica%20validaci%C3%B3n%20como%20centro%20de%20vigilancia%20para%20enfermedades%20respiratorias&#038;url=https:\/\/radiorevelacionfm.cl\/?p=59491' aria-hidden='false' data-av_icon='\ue8fc' data-av_iconfont='entypo-fontello' title='' data-avia-related-tooltip='Compartir en LinkedIn' rel=\"noopener\"><span class='avia_hidden_link_text'>Compartir en LinkedIn<\/span><\/a><\/li><li class='av-share-link av-social-link-mail' ><a  aria-label=\"Compartir por correo\" href='mailto:?subject=Hospital%20Regional%20Coyhaique%20ratifica%20validaci%C3%B3n%20como%20centro%20de%20vigilancia%20para%20enfermedades%20respiratorias&#038;body=https:\/\/radiorevelacionfm.cl\/?p=59491' aria-hidden='false' data-av_icon='\ue805' data-av_iconfont='entypo-fontello' title='' data-avia-related-tooltip='Compartir por correo'><span class='avia_hidden_link_text'>Compartir por correo<\/span><\/a><\/li><\/ul><\/div><\/div>\n<div  style='height:50px' class='hr hr-invisible   avia-builder-el-8  el_after_av_social_share  el_before_av_comments_list '><span class='hr-inner ' ><span class='hr-inner-style'><\/span><\/span><\/div>\n<div  class='av-buildercomment  av-blog-meta-html-info-disabled av-blog-meta-tag-disabled  '><\/div>\n","protected":false},"excerpt":{"rendered":"","protected":false},"author":1,"featured_media":59492,"comment_status":"closed","ping_status":"closed","sticky":false,"template":"","format":"standard","meta":{"footnotes":""},"categories":[46],"tags":[],"class_list":["post-59491","post","type-post","status-publish","format-standard","has-post-thumbnail","hentry","category-salud"],"jetpack_featured_media_url":"https:\/\/radiorevelacionfm.cl\/wp-content\/uploads\/2025\/09\/laboratorio-1_optimized-1.jpg","_links":{"self":[{"href":"https:\/\/radiorevelacionfm.cl\/index.php?rest_route=\/wp\/v2\/posts\/59491","targetHints":{"allow":["GET"]}}],"collection":[{"href":"https:\/\/radiorevelacionfm.cl\/index.php?rest_route=\/wp\/v2\/posts"}],"about":[{"href":"https:\/\/radiorevelacionfm.cl\/index.php?rest_route=\/wp\/v2\/types\/post"}],"author":[{"embeddable":true,"href":"https:\/\/radiorevelacionfm.cl\/index.php?rest_route=\/wp\/v2\/users\/1"}],"replies":[{"embeddable":true,"href":"https:\/\/radiorevelacionfm.cl\/index.php?rest_route=%2Fwp%2Fv2%2Fcomments&post=59491"}],"version-history":[{"count":2,"href":"https:\/\/radiorevelacionfm.cl\/index.php?rest_route=\/wp\/v2\/posts\/59491\/revisions"}],"predecessor-version":[{"id":59494,"href":"https:\/\/radiorevelacionfm.cl\/index.php?rest_route=\/wp\/v2\/posts\/59491\/revisions\/59494"}],"wp:featuredmedia":[{"embeddable":true,"href":"https:\/\/radiorevelacionfm.cl\/index.php?rest_route=\/wp\/v2\/media\/59492"}],"wp:attachment":[{"href":"https:\/\/radiorevelacionfm.cl\/index.php?rest_route=%2Fwp%2Fv2%2Fmedia&parent=59491"}],"wp:term":[{"taxonomy":"category","embeddable":true,"href":"https:\/\/radiorevelacionfm.cl\/index.php?rest_route=%2Fwp%2Fv2%2Fcategories&post=59491"},{"taxonomy":"post_tag","embeddable":true,"href":"https:\/\/radiorevelacionfm.cl\/index.php?rest_route=%2Fwp%2Fv2%2Ftags&post=59491"}],"curies":[{"name":"wp","href":"https:\/\/api.w.org\/{rel}","templated":true}]}}