{"id":59488,"date":"2025-09-25T10:55:30","date_gmt":"2025-09-25T13:55:30","guid":{"rendered":"https:\/\/radiorevelacionfm.cl\/?p=59488"},"modified":"2025-09-25T10:55:30","modified_gmt":"2025-09-25T13:55:30","slug":"la-intensa-agenda-territorial-del-consejo-del-salmon-en-aysen","status":"publish","type":"post","link":"https:\/\/radiorevelacionfm.cl\/?p=59488","title":{"rendered":"La intensa agenda territorial del Consejo del Salm\u00f3n en Ays\u00e9n"},"content":{"rendered":"<div class=\"flex_column av_one_full  flex_column_div av-zero-column-padding first  avia-builder-el-0  el_before_av_one_full  avia-builder-el-first  \" style='border-radius:0px; '><div  class='avia-image-container  av-styling-    avia-builder-el-1  avia-builder-el-no-sibling  avia-align-center '  itemprop=\"image\" itemscope=\"itemscope\" itemtype=\"https:\/\/schema.org\/ImageObject\"  ><div class='avia-image-container-inner'><div class='avia-image-overlay-wrap'><img decoding=\"async\" class='wp-image-59489 avia-img-lazy-loading-not-59489 avia_image' src=\"https:\/\/radiorevelacionfm.cl\/wp-content\/uploads\/2025\/09\/aysen1-2_optimized.jpg\" alt='' title='aysen1-(2)_optimized' height=\"600\" width=\"800\"  itemprop=\"thumbnailUrl\" srcset=\"https:\/\/radiorevelacionfm.cl\/wp-content\/uploads\/2025\/09\/aysen1-2_optimized.jpg 800w, https:\/\/radiorevelacionfm.cl\/wp-content\/uploads\/2025\/09\/aysen1-2_optimized-300x225.jpg 300w, https:\/\/radiorevelacionfm.cl\/wp-content\/uploads\/2025\/09\/aysen1-2_optimized-768x576.jpg 768w, https:\/\/radiorevelacionfm.cl\/wp-content\/uploads\/2025\/09\/aysen1-2_optimized-705x529.jpg 705w, https:\/\/radiorevelacionfm.cl\/wp-content\/uploads\/2025\/09\/aysen1-2_optimized-450x338.jpg 450w, https:\/\/radiorevelacionfm.cl\/wp-content\/uploads\/2025\/09\/aysen1-2_optimized-600x450.jpg 600w\" sizes=\"(max-width: 800px) 100vw, 800px\" \/><\/div><\/div><\/div><\/div><div class=\"flex_column av_one_full  flex_column_div av-zero-column-padding first  avia-builder-el-2  el_after_av_one_full  el_before_av_one_full  column-top-margin\" style='border-radius:0px; '><section class=\"av_textblock_section \"  itemscope=\"itemscope\" itemtype=\"https:\/\/schema.org\/BlogPosting\" itemprop=\"blogPost\" ><div class='avia_textblock  '   itemprop=\"text\" ><p style=\"text-align: center;\"><strong><span style=\"font-size: 18pt;\"><span lang=\"ES-MX\">La intensa agenda territorial del Consejo del Salm\u00f3n en Ays\u00e9n<\/span>\u00a0<\/span><\/strong><\/p>\n<div id=\"gtx-trans\" style=\"position: absolute; left: -50px; top: 4.31534px;\">\n<div class=\"gtx-trans-icon\"><\/div>\n<\/div>\n<\/div><\/section><\/div><div class=\"flex_column av_one_full  flex_column_div av-zero-column-padding first  avia-builder-el-4  el_after_av_one_full  el_before_av_hr  column-top-margin\" style='border-radius:0px; '><section class=\"av_textblock_section \"  itemscope=\"itemscope\" itemtype=\"https:\/\/schema.org\/BlogPosting\" itemprop=\"blogPost\" ><div class='avia_textblock  '   itemprop=\"text\" ><div>\n<p style=\"text-align: justify;\"><em><span lang=\"ES-MX\">Durante los encuentros, Loreto Seguel, presidenta ejecutiva del Consejo del salm\u00f3n, abord\u00f3 los desaf\u00edos y oportunidades que conectan a la salmonicultura con el desarrollo regional y sostenible de Ays\u00e9n.\u00a0<\/span>\u00a0<\/em><\/p>\n<\/div>\n<div style=\"text-align: justify;\">\n<p><span lang=\"ES-MX\">Esta semana, la presidenta ejecutiva del Consejo del Salm\u00f3n, Loreto Seguel, comenz\u00f3 una intensa gira estrat\u00e9gica por Ays\u00e9n con el objetivo de reforzar v\u00ednculos entre la industria salmonicultura e instituciones clave para el desarrollo regional de esta actividad, donde Chile es el segundo exportador mundial. <\/span><\/p>\n<\/div>\n<div style=\"text-align: justify;\">\n<p><span lang=\"ES-MX\">La primera parada fue en\u00a0Coyhaique, donde est\u00e1n agendadas diversas actividades. El lunes 22 se realiz\u00f3 un encuentro con Claudia Bunster,\u00a0Directora Regional\u00a0Ays\u00e9n de la ONG Canales, organismo encargado\u00a0acercar a la\u00a0educaci\u00f3n t\u00e9cnico profesional y\u00a0al\u00a0sector empresarial, creando v\u00ednculos s\u00f3lidos y fomentando un compromiso colaborativo para aportar al desarrollo de los territorios y la movilidad social desde la macrozona sur austral. Durante la noche se concret\u00f3 una cena en Coyhaique, como antesala del encuentro del d\u00eda siguiente con SOFOFA.<\/span><\/p>\n<\/div>\n<div style=\"text-align: justify;\">\n<p><span lang=\"ES-MX\">Resultados\u00a0IPOM:\u00a0Cifras\u00a0alentadoras que\u00a0confirman la\u00a0relevancia de la\u00a0salmonicultura en\u00a0el sur\u00a0austral<\/span><\/p>\n<\/div>\n<div style=\"text-align: justify;\">\n<p><span lang=\"ES-MX\">El martes 23, Loreto Seguel asisti\u00f3 a la presentaci\u00f3n del Informe de Pol\u00edtica Monetaria (IPoM) del Banco Central, publicaci\u00f3n trimestral que detalla la visi\u00f3n del Banco sobre la econom\u00eda, sus proyecciones a futuro y la meta de inflaci\u00f3n. En esta ocasi\u00f3n, los datos presentados reafirmaron el impacto positivo que tiene la salmonicultura en la econom\u00eda de las regiones del sur.<\/span><\/p>\n<\/div>\n<div style=\"text-align: justify;\">\n<p><span lang=\"ES-MX\">En efecto, el Banco Central inform\u00f3 que la Regi\u00f3n de Los Lagos creci\u00f3 un 5,1%, la Regi\u00f3n\u00a0de\u00a0 Ays\u00e9n, el PIB se expandi\u00f3 un 8,9% mientras\u00a0que\u00a0en Magallanes, por su parte, registr\u00f3 un alza de 7,5%. Estos resultados confirman c\u00f3mo la salmonicultura act\u00faa como motor econ\u00f3mico en las regiones australes, aportando al empleo, al consumo de los hogares y a un encadenamiento productivo que beneficia a m\u00faltiples sectores, desde los servicios hasta la industria manufacturera.<\/span><\/p>\n<\/div>\n<div style=\"text-align: justify;\">\n<p><span lang=\"ES-CL\">Alianza con proveedores locales y la primera visita de representantes de EE.UU. a un centro de cultivo en Ays\u00e9n.<\/span><\/p>\n<\/div>\n<div style=\"text-align: justify;\">\n<p><span lang=\"ES-MX\">El mi\u00e9rcoles 24 la agenda comenz\u00f3 con la firma del acuerdo con proveedores de\u00a0AquaChile, donde acudieron representantes de los gremios de prestadores de servicios acu\u00edcolas de\u00a0AquaChile\u00a0en Ays\u00e9n. Un hito que permite seguir contribuyendo al crecimiento y desarrollo sostenible de la regi\u00f3n.<\/span><\/p>\n<\/div>\n<div style=\"text-align: justify;\">\n<p><span lang=\"ES-MX\">Con el foco puesto en reforzar de manera estrat\u00e9gica los lazos de cooperaci\u00f3n entre Chile y Estados Unidos, Loreto Seguel acompa\u00f1\u00f3 a la delegaci\u00f3n de la Embajada de Estados Unidos en Chile, integrada por Amanda\u00a0Hinkle, Agregada Agr\u00edcola (USDA\/FAS) y Sergio Gonz\u00e1lez, Especialista Agr\u00edcola (USDA), en una visita al centro de engorda en mar de\u00a0Mowi.\u00a0La visita tuvo un car\u00e1cter in\u00e9dito para ambos representantes, ya que era su primera vez conociendo un centro de cultivo en Ays\u00e9n.<\/span><\/p>\n<\/div>\n<div style=\"text-align: justify;\">\n<p><span lang=\"ES-MX\">Sumado a esto, la comitiva se traslad\u00f3 a la planta de proceso de la misma compa\u00f1\u00eda. Ambas actividades\u00a0fueron un \u00e9xito,\u00a0pues mostrar\u00a0en terreno la\u00a0innovaci\u00f3n y sostenibilidad\u00a0de\u00a0la industria a\u00a0s<\/span><span lang=\"ES-MX\">takeholder<\/span><span lang=\"ES-MX\">\u00a0de\u00a0alta\u00a0relevancia diplom\u00e1tica, es uno de los ejes estrat\u00e9gicos\u00a0que\u00a0promueve\u00a0el\u00a0gremio.<\/span><\/p>\n<\/div>\n<div style=\"text-align: justify;\">\n<p><span lang=\"ES-MX\">Finalmente, por\u00a0la tarde se\u00a0sostuvieron reuniones\u00a0con la Corporaci\u00f3n de Desarrollo Social del Sector Rural (Codesser) y con miembros del Gore de Ays\u00e9n para abordar el proyecto Red de Extensionismo Tecnol\u00f3gico para una Acuicultura Sostenible (REAS), en el que el Consejo participar\u00e1 como colaborador, apoyando el desarrollo de la acuicultura sostenible en la regi\u00f3n.<\/span><\/p>\n<\/div>\n<div style=\"text-align: justify;\">\n<p><span lang=\"ES-MX\">Balance de la gira<\/span><\/p>\n<\/div>\n<div>\n<p style=\"text-align: justify;\"><span lang=\"ES-MX\">La Presidenta Ejecutiva del Consejo del Salm\u00f3n destac\u00f3 que todas las actividades son sumamente relevantes para fortalecer el desarrollo regional a trav\u00e9s de la salmonicultura: \u201cLas reuniones y visitas a terreno con altas autoridades de la misi\u00f3n diplom\u00e1tica estadounidense en Chile, adem\u00e1s de la firma del acuerdo de proveedores, son hitos que nos permite seguir contribuyendo al posicionamiento de la regi\u00f3n de Ays\u00e9n y a su desarrollo sostenible\u201d. Asimismo, Seguel se\u00f1al\u00f3 la relevancia que tiene la industria en el crecimiento del pa\u00eds \u00abSabemos que la salmonicultura es una actividad econ\u00f3mica fundamental, y eso lo reafirmaron nuevamente los indicadores presentados por el Banco Central, pero m\u00e1s all\u00e1 de los n\u00fameros, esto lo vivencian miles de familias que, a trav\u00e9s del encadenamiento productivo y empleo directo, se han hecho parte de esta enorme cadena valor\u201d.\u00a0\u00a0 <\/span><\/p>\n<\/div>\n<\/div><\/section><\/div><div  style='height:50px' class='hr hr-invisible   avia-builder-el-6  el_after_av_one_full  el_before_av_social_share '><span class='hr-inner ' ><span class='hr-inner-style'><\/span><\/span><\/div><\/p>\n<div  class='av-social-sharing-box  avia-builder-el-7  el_after_av_hr  el_before_av_hr  '><div class='av-share-box'><h5 class='av-share-link-description av-no-toc '>Compartir esta noticia<\/h5><ul class='av-share-box-list noLightbox'><li class='av-share-link av-social-link-facebook' ><a target=\"_blank\" aria-label=\"Compartir en Facebook\" href='https:\/\/www.facebook.com\/sharer.php?u=https:\/\/radiorevelacionfm.cl\/?p=59488&#038;t=La%20intensa%20agenda%20territorial%20del%20Consejo%20del%20Salm%C3%B3n%20en%20Ays%C3%A9n' aria-hidden='false' data-av_icon='\ue8f3' data-av_iconfont='entypo-fontello' title='' data-avia-related-tooltip='Compartir en Facebook' rel=\"noopener\"><span class='avia_hidden_link_text'>Compartir en Facebook<\/span><\/a><\/li><li class='av-share-link av-social-link-twitter' ><a target=\"_blank\" aria-label=\"Compartir en Twitter\" href='https:\/\/twitter.com\/share?text=La%20intensa%20agenda%20territorial%20del%20Consejo%20del%20Salm%C3%B3n%20en%20Ays%C3%A9n&#038;url=https:\/\/radiorevelacionfm.cl\/?p=59488' aria-hidden='false' data-av_icon='\ue8f1' data-av_iconfont='entypo-fontello' title='' data-avia-related-tooltip='Compartir en Twitter' rel=\"noopener\"><span class='avia_hidden_link_text'>Compartir en Twitter<\/span><\/a><\/li><li class='av-share-link av-social-link-whatsapp' ><a target=\"_blank\" aria-label=\"Compartir en Whatsapp\" href='https:\/\/api.whatsapp.com\/send?text=https:\/\/radiorevelacionfm.cl\/?p=59488' aria-hidden='false' data-av_icon='\uf232' data-av_iconfont='entypo-fontello' title='' data-avia-related-tooltip='Compartir en Whatsapp' rel=\"noopener\"><span class='avia_hidden_link_text'>Compartir en Whatsapp<\/span><\/a><\/li><li class='av-share-link av-social-link-linkedin' ><a target=\"_blank\" aria-label=\"Compartir en LinkedIn\" href='https:\/\/linkedin.com\/shareArticle?mini=true&#038;title=La%20intensa%20agenda%20territorial%20del%20Consejo%20del%20Salm%C3%B3n%20en%20Ays%C3%A9n&#038;url=https:\/\/radiorevelacionfm.cl\/?p=59488' aria-hidden='false' data-av_icon='\ue8fc' data-av_iconfont='entypo-fontello' title='' data-avia-related-tooltip='Compartir en LinkedIn' rel=\"noopener\"><span class='avia_hidden_link_text'>Compartir en LinkedIn<\/span><\/a><\/li><li class='av-share-link av-social-link-mail' ><a  aria-label=\"Compartir por correo\" href='mailto:?subject=La%20intensa%20agenda%20territorial%20del%20Consejo%20del%20Salm%C3%B3n%20en%20Ays%C3%A9n&#038;body=https:\/\/radiorevelacionfm.cl\/?p=59488' aria-hidden='false' data-av_icon='\ue805' data-av_iconfont='entypo-fontello' title='' data-avia-related-tooltip='Compartir por correo'><span class='avia_hidden_link_text'>Compartir por correo<\/span><\/a><\/li><\/ul><\/div><\/div>\n<div  style='height:50px' class='hr hr-invisible   avia-builder-el-8  el_after_av_social_share  el_before_av_comments_list '><span class='hr-inner ' ><span class='hr-inner-style'><\/span><\/span><\/div>\n<div  class='av-buildercomment  av-blog-meta-html-info-disabled av-blog-meta-tag-disabled  '><\/div>\n","protected":false},"excerpt":{"rendered":"","protected":false},"author":1,"featured_media":59489,"comment_status":"closed","ping_status":"closed","sticky":false,"template":"","format":"standard","meta":{"footnotes":""},"categories":[60],"tags":[],"class_list":["post-59488","post","type-post","status-publish","format-standard","has-post-thumbnail","hentry","category-pesca"],"jetpack_featured_media_url":"https:\/\/radiorevelacionfm.cl\/wp-content\/uploads\/2025\/09\/aysen1-2_optimized.jpg","_links":{"self":[{"href":"https:\/\/radiorevelacionfm.cl\/index.php?rest_route=\/wp\/v2\/posts\/59488","targetHints":{"allow":["GET"]}}],"collection":[{"href":"https:\/\/radiorevelacionfm.cl\/index.php?rest_route=\/wp\/v2\/posts"}],"about":[{"href":"https:\/\/radiorevelacionfm.cl\/index.php?rest_route=\/wp\/v2\/types\/post"}],"author":[{"embeddable":true,"href":"https:\/\/radiorevelacionfm.cl\/index.php?rest_route=\/wp\/v2\/users\/1"}],"replies":[{"embeddable":true,"href":"https:\/\/radiorevelacionfm.cl\/index.php?rest_route=%2Fwp%2Fv2%2Fcomments&post=59488"}],"version-history":[{"count":2,"href":"https:\/\/radiorevelacionfm.cl\/index.php?rest_route=\/wp\/v2\/posts\/59488\/revisions"}],"predecessor-version":[{"id":59519,"href":"https:\/\/radiorevelacionfm.cl\/index.php?rest_route=\/wp\/v2\/posts\/59488\/revisions\/59519"}],"wp:featuredmedia":[{"embeddable":true,"href":"https:\/\/radiorevelacionfm.cl\/index.php?rest_route=\/wp\/v2\/media\/59489"}],"wp:attachment":[{"href":"https:\/\/radiorevelacionfm.cl\/index.php?rest_route=%2Fwp%2Fv2%2Fmedia&parent=59488"}],"wp:term":[{"taxonomy":"category","embeddable":true,"href":"https:\/\/radiorevelacionfm.cl\/index.php?rest_route=%2Fwp%2Fv2%2Fcategories&post=59488"},{"taxonomy":"post_tag","embeddable":true,"href":"https:\/\/radiorevelacionfm.cl\/index.php?rest_route=%2Fwp%2Fv2%2Ftags&post=59488"}],"curies":[{"name":"wp","href":"https:\/\/api.w.org\/{rel}","templated":true}]}}