{"id":59485,"date":"2025-09-24T21:24:19","date_gmt":"2025-09-25T00:24:19","guid":{"rendered":"https:\/\/radiorevelacionfm.cl\/?p=59485"},"modified":"2025-09-24T21:24:19","modified_gmt":"2025-09-25T00:24:19","slug":"mineduc-destaca-al-liceo-josefina-aguirre-montenegro-de-coyhaique-como-liceo-emblematico-de-la-region-de-aysen","status":"publish","type":"post","link":"https:\/\/radiorevelacionfm.cl\/?p=59485","title":{"rendered":"Mineduc destaca al Liceo Josefina Aguirre Montenegro de Coyhaique como Liceo Emblem\u00e1tico de la Regi\u00f3n de Ays\u00e9n"},"content":{"rendered":"<div class=\"flex_column av_one_full  flex_column_div av-zero-column-padding first  avia-builder-el-0  el_before_av_one_full  avia-builder-el-first  \" style='border-radius:0px; '><div  class='avia-image-container  av-styling-    avia-builder-el-1  avia-builder-el-no-sibling  avia-align-center '  itemprop=\"image\" itemscope=\"itemscope\" itemtype=\"https:\/\/schema.org\/ImageObject\"  ><div class='avia-image-container-inner'><div class='avia-image-overlay-wrap'><img decoding=\"async\" class='wp-image-59486 avia-img-lazy-loading-not-59486 avia_image' src=\"https:\/\/radiorevelacionfm.cl\/wp-content\/uploads\/2025\/09\/visita-liceo-JAM-1-1.jpeg\" alt='' title='visita liceo JAM (1) (1)' height=\"600\" width=\"900\"  itemprop=\"thumbnailUrl\" srcset=\"https:\/\/radiorevelacionfm.cl\/wp-content\/uploads\/2025\/09\/visita-liceo-JAM-1-1.jpeg 900w, https:\/\/radiorevelacionfm.cl\/wp-content\/uploads\/2025\/09\/visita-liceo-JAM-1-1-300x200.jpeg 300w, https:\/\/radiorevelacionfm.cl\/wp-content\/uploads\/2025\/09\/visita-liceo-JAM-1-1-768x512.jpeg 768w, https:\/\/radiorevelacionfm.cl\/wp-content\/uploads\/2025\/09\/visita-liceo-JAM-1-1-705x470.jpeg 705w, https:\/\/radiorevelacionfm.cl\/wp-content\/uploads\/2025\/09\/visita-liceo-JAM-1-1-450x300.jpeg 450w, https:\/\/radiorevelacionfm.cl\/wp-content\/uploads\/2025\/09\/visita-liceo-JAM-1-1-600x400.jpeg 600w\" sizes=\"(max-width: 900px) 100vw, 900px\" \/><\/div><\/div><\/div><\/div><div class=\"flex_column av_one_full  flex_column_div av-zero-column-padding first  avia-builder-el-2  el_after_av_one_full  el_before_av_one_full  column-top-margin\" style='border-radius:0px; '><section class=\"av_textblock_section \"  itemscope=\"itemscope\" itemtype=\"https:\/\/schema.org\/BlogPosting\" itemprop=\"blogPost\" ><div class='avia_textblock  '   itemprop=\"text\" ><p style=\"text-align: center;\"><span style=\"font-size: 18pt;\"><b>Mineduc destaca al Liceo Josefina Aguirre Montenegro de Coyhaique como Liceo Emblem\u00e1tico de la Regi\u00f3n de Ays\u00e9n<\/b><\/span><\/p>\n<div id=\"gtx-trans\" style=\"position: absolute; left: -50px; top: 4.31534px;\">\n<div class=\"gtx-trans-icon\"><\/div>\n<\/div>\n<\/div><\/section><\/div><div class=\"flex_column av_one_full  flex_column_div av-zero-column-padding first  avia-builder-el-4  el_after_av_one_full  el_before_av_hr  column-top-margin\" style='border-radius:0px; '><section class=\"av_textblock_section \"  itemscope=\"itemscope\" itemtype=\"https:\/\/schema.org\/BlogPosting\" itemprop=\"blogPost\" ><div class='avia_textblock  '   itemprop=\"text\" ><p style=\"font-weight: 400; text-align: justify;\">Hoy mi\u00e9rcoles 24 la\u00a0 Seremi de Educaci\u00f3n Katherine Miqueles visit\u00f3 el Liceo Josefina Aguirre Montenegro de Coyhaique, junto a Jos\u00e9 Miguel Rodr\u00edguez y Alejandra Rodr\u00edguez, integrantes del equipo nacional del Plan Liceos Emblem\u00e1ticos del Ministerio de Educaci\u00f3n, la jefa del Departamento Provincial de Educaci\u00f3n Michelle Grondona y representantes del<a href=\"https:\/\/www.facebook.com\/SLEPAysen?__cft__%5b0%5d=AZW9Up_xZ9Pm8TGmgoETyel6QwgzIskJsjJX_dwyWccfsuYYHgV2V_0q1XkeoVfXZts-FgC1cVGwGFz-LdnZULiuVRX9opI0dKKCU06biwttdUvCXaNRRQIpH8OgGuStlPdvDZEE3gypHxFgQ_JrfcGYp6Kg-ZxusJ44xojBJJjSQ0y50qlnTYwLJ9MhYhs8LUY&amp;__tn__=-%5dK-R\" data-saferedirecturl=\"https:\/\/www.google.com\/url?q=https:\/\/www.facebook.com\/SLEPAysen?__cft__%255b0%255d%3DAZW9Up_xZ9Pm8TGmgoETyel6QwgzIskJsjJX_dwyWccfsuYYHgV2V_0q1XkeoVfXZts-FgC1cVGwGFz-LdnZULiuVRX9opI0dKKCU06biwttdUvCXaNRRQIpH8OgGuStlPdvDZEE3gypHxFgQ_JrfcGYp6Kg-ZxusJ44xojBJJjSQ0y50qlnTYwLJ9MhYhs8LUY%26__tn__%3D-%255dK-R&amp;source=gmail&amp;ust=1758831203096000&amp;usg=AOvVaw2cbjqNSHyQV_558hoyjHjc\">\u00a0Servicio Local de Educaci\u00f3n P\u00fablica Ays\u00e9<\/a>n.<\/p>\n<p style=\"font-weight: 400; text-align: justify;\">El establecimiento perteneciente a la Red Slep Ays\u00e9n fue seleccionado por el Mineduc como el Liceo Emblem\u00e1tico de la Regi\u00f3n de Ays\u00e9n por su vocaci\u00f3n de educaci\u00f3n p\u00fablica y el reconocimiento que tiene en la comunidad.<\/p>\n<p style=\"font-weight: 400; text-align: justify;\">El prop\u00f3sito del Plan Liceos Emblem\u00e1ticos es fortalecer una cultura de excelencia acad\u00e9mica y de m\u00e9rito estudiantil en los Liceos Emblem\u00e1ticos, que refuerce sus caracter\u00edsticas y valoraci\u00f3n social, a trav\u00e9s de iniciativas focalizadas para el desarrollo de capacidades de los equipos educativos, el fortalecimiento de la participaci\u00f3n y el protagonismo estudiantil que contribuyan al desarrollo integral y a trayectorias pertinentes, continuas, inclusivas, completas y de calidad.<\/p>\n<p style=\"font-weight: 400; text-align: justify;\">Tras un recorrido por sus dependencias, laboratorios y aulas de las especialidades de Atenci\u00f3n de P\u00e1rvulos, Administraci\u00f3n, Atenci\u00f3n de Enfermer\u00eda y Gastronom\u00eda, las autoridades \u00a0relevaron el presente,\u00a0 potencial y desaf\u00edos\u00a0 del hist\u00f3rico establecimiento de ense\u00f1anza media de la capital regional.<\/p>\n<p style=\"font-weight: 400; text-align: justify;\">Alejandra Rodr\u00edguez se\u00f1al\u00f3 que \u201cEs un orgullo estar en este liceo considerando la historia que tiene y a trav\u00e9s del Plan de Liceos Emblem\u00e1ticos queremos consolidar un trabajo que se viene haciendo hace tiempo ac\u00e1. El liceo en el \u00faltimo tiempo ha ido recuperando matr\u00edcula y \u00a0su m\u00edstica y ello se expresa en el importante n\u00famero de postulantes al establecimiento a trav\u00e9s del Sistema de Admisi\u00f3n Escolar SAE y eso es una buena noticia. El plan de liceos emblem\u00e1ticos es eminentemente t\u00e9cnico pedag\u00f3gico y est\u00e1 orientado al desarrollo y fortalecimiento de capacidades en los equipos directivos y educativos y tambi\u00e9n tiene un componente de fortalecimiento de los liderazgos estudiantiles que son muy importantes para generar espacios de bienestar y participaci\u00f3n democr\u00e1tica, de mayor confianza y trabajo colaborativo entre los estamentos del liceo. Todo lo anterior, genera las condiciones habilitantes para que se produzcan los aprendizajes de excelencia que es lo que se busca con este plan\u201d.<\/p>\n<p style=\"font-weight: 400; text-align: justify;\">Por su parte, la seremi Katherine Miqueles valor\u00f3 la distinci\u00f3n de un plantel que cumple 63\u00a0 a\u00f1os de historia<\/p>\n<p style=\"font-weight: 400; text-align: justify;\">\u201cLa presencia del equipo de Liceos Emblem\u00e1ticos del Mineduc da cuenta de un reconocimiento de este liceo que es valorado por la comunidad regional y durante estos d\u00edas se est\u00e1 trabajando junto al equipo directivo para fortalecer los equipos docentes y estudiantes y tambi\u00e9n con el sostenedor el Slep Ays\u00e9n. As\u00ed que el llamado a la comunidad es a elegir este plantel, a matricular a sus hijos con confianza en el trabajo educativo que se est\u00e1 realizando\u201d.<\/p>\n<p style=\"font-weight: 400; text-align: justify;\">El director del Liceo Josefina Aguirre Montenegro Claudio Morales inform\u00f3 que este a\u00f1o a trav\u00e9s del Sistema de Admisi\u00f3n Escolar postularon m\u00e1s de 253 familias al liceo como primera opci\u00f3n, una cifra muy superior a a\u00f1os anteriores.<\/p>\n<p style=\"font-weight: 400; text-align: justify;\">\u201cTendremos que crear nuevos cursos y eso es una buena noticia para la comunidad y demuestra que el trabajo que hemos hecho durante estos \u00faltimos a\u00f1os est\u00e1 dando frutos. Esta distinci\u00f3n del Mineduc no viene muy bien porque ayuda a recuperar la confianza que los habitantes de Coyhaique y la regi\u00f3n tuvieron en el Liceo B 2 o liceo fiscal. Queremos que la gente conf\u00ede en nuestro liceo en su calidad de ense\u00f1anza, en la seguridad que hay en el colegio porque ac\u00e1 cuidamos a los estudiantes. Estamos contentos con esta visita de los coordinadores nacionales de liceos emblem\u00e1ticos\u00a0 e invitamos a las familias a elegir nuestro liceo\u201d.<\/p>\n<p style=\"font-weight: 400; text-align: justify;\">El representante del Servicio Local de Educaci\u00f3n P\u00fablica Slep Ays\u00e9n Gonzalo Torrej\u00f3n se\u00f1al\u00f3 que \u201cEs un orgullo tener un liceo emblem\u00e1tico en la regi\u00f3n y es tambi\u00e9n una gran responsabilidad. El desaf\u00edo es super claro; \u00a0este tiene que ser el mejor liceo de la regi\u00f3n y de esa forma lo tomamos como Slep Ays\u00e9n y esa es nuestra tarea: instalar capacidades pedag\u00f3gicas\u00a0\u00a0 y este programa apunta y se orienta en esa direcci\u00f3n\u201d.<\/p>\n<p style=\"font-weight: 400; text-align: justify;\">El plan de apoyo a los liceos emblem\u00e1ticos est\u00e1 trabajando con 19 establecimientos este a\u00f1o, a los que se sumar\u00e1n 9 en 2026. Considera el desarrollo de capacidades en equipos directivos, profesionales con funciones t\u00e9cnico-pedag\u00f3gicas y profesores jefe, principalmente de 7\u00b0 y 8\u00b0. Con los estudiantes, en tanto, trabaja en el desarrollo de proyectos de vida y en el fortalecimiento de los liderazgos estudiantiles.<\/p>\n<\/div><\/section><\/div><div  style='height:50px' class='hr hr-invisible   avia-builder-el-6  el_after_av_one_full  el_before_av_social_share '><span class='hr-inner ' ><span class='hr-inner-style'><\/span><\/span><\/div><\/p>\n<div  class='av-social-sharing-box  avia-builder-el-7  el_after_av_hr  el_before_av_hr  '><div class='av-share-box'><h5 class='av-share-link-description av-no-toc '>Compartir esta noticia<\/h5><ul class='av-share-box-list noLightbox'><li class='av-share-link av-social-link-facebook' ><a target=\"_blank\" aria-label=\"Compartir en Facebook\" href='https:\/\/www.facebook.com\/sharer.php?u=https:\/\/radiorevelacionfm.cl\/?p=59485&#038;t=Mineduc%20destaca%20al%20Liceo%20Josefina%20Aguirre%20Montenegro%20de%20Coyhaique%20como%20Liceo%20Emblem%C3%A1tico%20de%20la%20Regi%C3%B3n%20de%20Ays%C3%A9n' aria-hidden='false' data-av_icon='\ue8f3' data-av_iconfont='entypo-fontello' title='' data-avia-related-tooltip='Compartir en Facebook' rel=\"noopener\"><span class='avia_hidden_link_text'>Compartir en Facebook<\/span><\/a><\/li><li class='av-share-link av-social-link-twitter' ><a target=\"_blank\" aria-label=\"Compartir en Twitter\" href='https:\/\/twitter.com\/share?text=Mineduc%20destaca%20al%20Liceo%20Josefina%20Aguirre%20Montenegro%20de%20Coyhaique%20como%20Liceo%20Emblem%C3%A1tico%20de%20la%20Regi%C3%B3n%20de%20Ays%C3%A9n&#038;url=https:\/\/radiorevelacionfm.cl\/?p=59485' aria-hidden='false' data-av_icon='\ue8f1' data-av_iconfont='entypo-fontello' title='' data-avia-related-tooltip='Compartir en Twitter' rel=\"noopener\"><span class='avia_hidden_link_text'>Compartir en Twitter<\/span><\/a><\/li><li class='av-share-link av-social-link-whatsapp' ><a target=\"_blank\" aria-label=\"Compartir en Whatsapp\" href='https:\/\/api.whatsapp.com\/send?text=https:\/\/radiorevelacionfm.cl\/?p=59485' aria-hidden='false' data-av_icon='\uf232' data-av_iconfont='entypo-fontello' title='' data-avia-related-tooltip='Compartir en Whatsapp' rel=\"noopener\"><span class='avia_hidden_link_text'>Compartir en Whatsapp<\/span><\/a><\/li><li class='av-share-link av-social-link-linkedin' ><a target=\"_blank\" aria-label=\"Compartir en LinkedIn\" href='https:\/\/linkedin.com\/shareArticle?mini=true&#038;title=Mineduc%20destaca%20al%20Liceo%20Josefina%20Aguirre%20Montenegro%20de%20Coyhaique%20como%20Liceo%20Emblem%C3%A1tico%20de%20la%20Regi%C3%B3n%20de%20Ays%C3%A9n&#038;url=https:\/\/radiorevelacionfm.cl\/?p=59485' aria-hidden='false' data-av_icon='\ue8fc' data-av_iconfont='entypo-fontello' title='' data-avia-related-tooltip='Compartir en LinkedIn' rel=\"noopener\"><span class='avia_hidden_link_text'>Compartir en LinkedIn<\/span><\/a><\/li><li class='av-share-link av-social-link-mail' ><a  aria-label=\"Compartir por correo\" href='mailto:?subject=Mineduc%20destaca%20al%20Liceo%20Josefina%20Aguirre%20Montenegro%20de%20Coyhaique%20como%20Liceo%20Emblem%C3%A1tico%20de%20la%20Regi%C3%B3n%20de%20Ays%C3%A9n&#038;body=https:\/\/radiorevelacionfm.cl\/?p=59485' aria-hidden='false' data-av_icon='\ue805' data-av_iconfont='entypo-fontello' title='' data-avia-related-tooltip='Compartir por correo'><span class='avia_hidden_link_text'>Compartir por correo<\/span><\/a><\/li><\/ul><\/div><\/div>\n<div  style='height:50px' class='hr hr-invisible   avia-builder-el-8  el_after_av_social_share  el_before_av_comments_list '><span class='hr-inner ' ><span class='hr-inner-style'><\/span><\/span><\/div>\n<div  class='av-buildercomment  av-blog-meta-html-info-disabled av-blog-meta-tag-disabled  '><\/div>\n","protected":false},"excerpt":{"rendered":"","protected":false},"author":1,"featured_media":59486,"comment_status":"closed","ping_status":"closed","sticky":false,"template":"","format":"standard","meta":{"footnotes":""},"categories":[49],"tags":[],"class_list":["post-59485","post","type-post","status-publish","format-standard","has-post-thumbnail","hentry","category-educacion"],"jetpack_featured_media_url":"https:\/\/radiorevelacionfm.cl\/wp-content\/uploads\/2025\/09\/visita-liceo-JAM-1-1.jpeg","_links":{"self":[{"href":"https:\/\/radiorevelacionfm.cl\/index.php?rest_route=\/wp\/v2\/posts\/59485","targetHints":{"allow":["GET"]}}],"collection":[{"href":"https:\/\/radiorevelacionfm.cl\/index.php?rest_route=\/wp\/v2\/posts"}],"about":[{"href":"https:\/\/radiorevelacionfm.cl\/index.php?rest_route=\/wp\/v2\/types\/post"}],"author":[{"embeddable":true,"href":"https:\/\/radiorevelacionfm.cl\/index.php?rest_route=\/wp\/v2\/users\/1"}],"replies":[{"embeddable":true,"href":"https:\/\/radiorevelacionfm.cl\/index.php?rest_route=%2Fwp%2Fv2%2Fcomments&post=59485"}],"version-history":[{"count":2,"href":"https:\/\/radiorevelacionfm.cl\/index.php?rest_route=\/wp\/v2\/posts\/59485\/revisions"}],"predecessor-version":[{"id":59505,"href":"https:\/\/radiorevelacionfm.cl\/index.php?rest_route=\/wp\/v2\/posts\/59485\/revisions\/59505"}],"wp:featuredmedia":[{"embeddable":true,"href":"https:\/\/radiorevelacionfm.cl\/index.php?rest_route=\/wp\/v2\/media\/59486"}],"wp:attachment":[{"href":"https:\/\/radiorevelacionfm.cl\/index.php?rest_route=%2Fwp%2Fv2%2Fmedia&parent=59485"}],"wp:term":[{"taxonomy":"category","embeddable":true,"href":"https:\/\/radiorevelacionfm.cl\/index.php?rest_route=%2Fwp%2Fv2%2Fcategories&post=59485"},{"taxonomy":"post_tag","embeddable":true,"href":"https:\/\/radiorevelacionfm.cl\/index.php?rest_route=%2Fwp%2Fv2%2Ftags&post=59485"}],"curies":[{"name":"wp","href":"https:\/\/api.w.org\/{rel}","templated":true}]}}