{"id":59479,"date":"2025-09-24T15:33:34","date_gmt":"2025-09-24T18:33:34","guid":{"rendered":"https:\/\/radiorevelacionfm.cl\/?p=59479"},"modified":"2025-09-24T15:39:06","modified_gmt":"2025-09-24T18:39:06","slug":"realizan-emotiva-premiacion-de-cuentos-de-invierno-2025","status":"publish","type":"post","link":"https:\/\/radiorevelacionfm.cl\/?p=59479","title":{"rendered":"Realizan emotiva premiaci\u00f3n de Cuentos de Invierno 2025"},"content":{"rendered":"<div class=\"flex_column av_one_full  flex_column_div av-zero-column-padding first  avia-builder-el-0  el_before_av_one_full  avia-builder-el-first  \" style='border-radius:0px; '><div  class='avia-image-container  av-styling-    avia-builder-el-1  avia-builder-el-no-sibling  avia-align-center '  itemprop=\"image\" itemscope=\"itemscope\" itemtype=\"https:\/\/schema.org\/ImageObject\"  ><div class='avia-image-container-inner'><div class='avia-image-overlay-wrap'><img decoding=\"async\" class='wp-image-59480 avia-img-lazy-loading-not-59480 avia_image' src=\"https:\/\/radiorevelacionfm.cl\/wp-content\/uploads\/2025\/09\/cuentos-de-invierno4-1_optimized.jpg\" alt='' title='cuentos-de-invierno4-(1)_optimized' height=\"600\" width=\"900\"  itemprop=\"thumbnailUrl\" srcset=\"https:\/\/radiorevelacionfm.cl\/wp-content\/uploads\/2025\/09\/cuentos-de-invierno4-1_optimized.jpg 900w, https:\/\/radiorevelacionfm.cl\/wp-content\/uploads\/2025\/09\/cuentos-de-invierno4-1_optimized-300x200.jpg 300w, https:\/\/radiorevelacionfm.cl\/wp-content\/uploads\/2025\/09\/cuentos-de-invierno4-1_optimized-768x512.jpg 768w, https:\/\/radiorevelacionfm.cl\/wp-content\/uploads\/2025\/09\/cuentos-de-invierno4-1_optimized-705x470.jpg 705w, https:\/\/radiorevelacionfm.cl\/wp-content\/uploads\/2025\/09\/cuentos-de-invierno4-1_optimized-450x300.jpg 450w, https:\/\/radiorevelacionfm.cl\/wp-content\/uploads\/2025\/09\/cuentos-de-invierno4-1_optimized-600x400.jpg 600w\" sizes=\"(max-width: 900px) 100vw, 900px\" \/><\/div><\/div><\/div><\/div>\n<div class=\"flex_column av_one_full  flex_column_div av-zero-column-padding first  avia-builder-el-2  el_after_av_one_full  el_before_av_one_full  column-top-margin\" style='border-radius:0px; '><section class=\"av_textblock_section \"  itemscope=\"itemscope\" itemtype=\"https:\/\/schema.org\/BlogPosting\" itemprop=\"blogPost\" ><div class='avia_textblock  '   itemprop=\"text\" ><p style=\"text-align: center;\"><strong><span style=\"font-size: 18pt;\">Realizan emotiva premiaci\u00f3n de Cuentos de Invierno 2025<\/span><\/strong><\/p>\n<div id=\"gtx-trans\" style=\"position: absolute; left: -50px; top: 4.31534px;\">\n<div class=\"gtx-trans-icon\"><\/div>\n<\/div>\n<\/div><\/section><\/div>\n<div class=\"flex_column av_one_full  flex_column_div av-zero-column-padding first  avia-builder-el-4  el_after_av_one_full  el_before_av_hr  column-top-margin\" style='border-radius:0px; '><section class=\"av_textblock_section \"  itemscope=\"itemscope\" itemtype=\"https:\/\/schema.org\/BlogPosting\" itemprop=\"blogPost\" ><div class='avia_textblock  '   itemprop=\"text\" ><p style=\"text-align: justify;\">\u201cDespu\u00e9s de caminar m\u00e1s de una hora entre el barro y \u00e1rboles torcidos por el viento, llegamos a una zona desde donde se pod\u00eda ver el ventisquero\u2026\u201d. As\u00ed dice parte del cuento de Olivia Z\u00fa\u00f1iga, estudiante de primero medio del Colegio Alianza Austral de Coyhaique, con el que gan\u00f3 el primer lugar de su categor\u00eda en el Concurso Cuentos de Invierno 2025.<\/p>\n<p style=\"text-align: justify;\">Olivia, al igual que decenas de ni\u00f1os y ni\u00f1as de la regi\u00f3n y sus comunidades escolares, se inspir\u00f3 en su entorno patag\u00f3n y sus personajes para sumarse al certamen organizado hace 15 a\u00f1os por la Seremi de Culturas Ays\u00e9n, en el marco del Plan Nacional de la Lectura.<\/p>\n<p style=\"text-align: justify;\">Tras recibir el reconocimiento, Olivia dijo que su inspiraci\u00f3n literaria proviene de\u00a0 sus vivencias: \u00abPara m\u00ed es importante reunir los recuerdos que me trae y las emociones\u201d.<\/p>\n<p style=\"text-align: justify;\">Estudiantes, profesoras, padres y madres acompa\u00f1aron a las y los galardonados en el Sal\u00f3n Cultural de la Seremi de Culturas Ays\u00e9n en una emocionante ceremonia que sella una d\u00e9cada y media de promoci\u00f3n de la creatividad literaria y la lectura en la regi\u00f3n.<\/p>\n<p style=\"text-align: justify;\">La seremi (s) de Culturas Ays\u00e9n, Claudia Bustamante, dijo que \u201cincentivar a los ni\u00f1os y ni\u00f1as y a todo el mundo escolar que puedan seguir escribiendo y so\u00f1ando, contando historias, es algo muy bonito. Cuentos de Invierno ya es parte de las tradiciones literarias de nuestra regi\u00f3n y ver este sal\u00f3n lleno de j\u00f3venes talentos es algo que nos tiene muy felices\u201d.<\/p>\n<p style=\"text-align: justify;\">En lka categor\u00eda de profesores, educadoras de p\u00e1rvulos y otros agentes educativos obtuvo el primer lugar, profesor del Centro de Educaci\u00f3n Integrada de Adultos Josefina M\u00e9ndez de Coyhaique: \u201cPara m\u00ed es un honor muy grande haber estado dentro de los ganadores, habiendo vivido los inviernos tan poco tiempo en comparaci\u00f3n con otros concursantes\u201d.<\/p>\n<p style=\"text-align: justify;\">Ac\u00e1 puede revisar la <a href=\"https:\/\/drive.google.com\/file\/d\/15p_i-U1D1sX5Hxo4wJTsABs2KYh6p8sS\/view?usp=sharing\">n\u00f3mina de seleccionados<\/a>.<\/p>\n<\/div><\/section><\/div><div  style='height:50px' class='hr hr-invisible   avia-builder-el-6  el_after_av_one_full  el_before_av_social_share '><span class='hr-inner ' ><span class='hr-inner-style'><\/span><\/span><\/div><\/p>\n<div  class='av-social-sharing-box  avia-builder-el-7  el_after_av_hr  el_before_av_hr  '><div class='av-share-box'><h5 class='av-share-link-description av-no-toc '>Compartir esta noticia<\/h5><ul class='av-share-box-list noLightbox'><li class='av-share-link av-social-link-facebook' ><a target=\"_blank\" aria-label=\"Compartir en Facebook\" href='https:\/\/www.facebook.com\/sharer.php?u=https:\/\/radiorevelacionfm.cl\/?p=59479&#038;t=Realizan%20emotiva%20premiaci%C3%B3n%20de%20Cuentos%20de%20Invierno%202025' aria-hidden='false' data-av_icon='\ue8f3' data-av_iconfont='entypo-fontello' title='' data-avia-related-tooltip='Compartir en Facebook' rel=\"noopener\"><span class='avia_hidden_link_text'>Compartir en Facebook<\/span><\/a><\/li><li class='av-share-link av-social-link-twitter' ><a target=\"_blank\" aria-label=\"Compartir en Twitter\" href='https:\/\/twitter.com\/share?text=Realizan%20emotiva%20premiaci%C3%B3n%20de%20Cuentos%20de%20Invierno%202025&#038;url=https:\/\/radiorevelacionfm.cl\/?p=59479' aria-hidden='false' data-av_icon='\ue8f1' data-av_iconfont='entypo-fontello' title='' data-avia-related-tooltip='Compartir en Twitter' rel=\"noopener\"><span class='avia_hidden_link_text'>Compartir en Twitter<\/span><\/a><\/li><li class='av-share-link av-social-link-whatsapp' ><a target=\"_blank\" aria-label=\"Compartir en Whatsapp\" href='https:\/\/api.whatsapp.com\/send?text=https:\/\/radiorevelacionfm.cl\/?p=59479' aria-hidden='false' data-av_icon='\uf232' data-av_iconfont='entypo-fontello' title='' data-avia-related-tooltip='Compartir en Whatsapp' rel=\"noopener\"><span class='avia_hidden_link_text'>Compartir en Whatsapp<\/span><\/a><\/li><li class='av-share-link av-social-link-linkedin' ><a target=\"_blank\" aria-label=\"Compartir en LinkedIn\" href='https:\/\/linkedin.com\/shareArticle?mini=true&#038;title=Realizan%20emotiva%20premiaci%C3%B3n%20de%20Cuentos%20de%20Invierno%202025&#038;url=https:\/\/radiorevelacionfm.cl\/?p=59479' aria-hidden='false' data-av_icon='\ue8fc' data-av_iconfont='entypo-fontello' title='' data-avia-related-tooltip='Compartir en LinkedIn' rel=\"noopener\"><span class='avia_hidden_link_text'>Compartir en LinkedIn<\/span><\/a><\/li><li class='av-share-link av-social-link-mail' ><a  aria-label=\"Compartir por correo\" href='mailto:?subject=Realizan%20emotiva%20premiaci%C3%B3n%20de%20Cuentos%20de%20Invierno%202025&#038;body=https:\/\/radiorevelacionfm.cl\/?p=59479' aria-hidden='false' data-av_icon='\ue805' data-av_iconfont='entypo-fontello' title='' data-avia-related-tooltip='Compartir por correo'><span class='avia_hidden_link_text'>Compartir por correo<\/span><\/a><\/li><\/ul><\/div><\/div>\n<div  style='height:50px' class='hr hr-invisible   avia-builder-el-8  el_after_av_social_share  el_before_av_comments_list '><span class='hr-inner ' ><span class='hr-inner-style'><\/span><\/span><\/div>\n<div  class='av-buildercomment  av-blog-meta-html-info-disabled av-blog-meta-tag-disabled  '><\/div>\n","protected":false},"excerpt":{"rendered":"","protected":false},"author":1,"featured_media":59480,"comment_status":"closed","ping_status":"closed","sticky":false,"template":"","format":"standard","meta":{"footnotes":""},"categories":[52],"tags":[],"class_list":["post-59479","post","type-post","status-publish","format-standard","has-post-thumbnail","hentry","category-cultura"],"jetpack_featured_media_url":"https:\/\/radiorevelacionfm.cl\/wp-content\/uploads\/2025\/09\/cuentos-de-invierno4-1_optimized.jpg","_links":{"self":[{"href":"https:\/\/radiorevelacionfm.cl\/index.php?rest_route=\/wp\/v2\/posts\/59479","targetHints":{"allow":["GET"]}}],"collection":[{"href":"https:\/\/radiorevelacionfm.cl\/index.php?rest_route=\/wp\/v2\/posts"}],"about":[{"href":"https:\/\/radiorevelacionfm.cl\/index.php?rest_route=\/wp\/v2\/types\/post"}],"author":[{"embeddable":true,"href":"https:\/\/radiorevelacionfm.cl\/index.php?rest_route=\/wp\/v2\/users\/1"}],"replies":[{"embeddable":true,"href":"https:\/\/radiorevelacionfm.cl\/index.php?rest_route=%2Fwp%2Fv2%2Fcomments&post=59479"}],"version-history":[{"count":3,"href":"https:\/\/radiorevelacionfm.cl\/index.php?rest_route=\/wp\/v2\/posts\/59479\/revisions"}],"predecessor-version":[{"id":59482,"href":"https:\/\/radiorevelacionfm.cl\/index.php?rest_route=\/wp\/v2\/posts\/59479\/revisions\/59482"}],"wp:featuredmedia":[{"embeddable":true,"href":"https:\/\/radiorevelacionfm.cl\/index.php?rest_route=\/wp\/v2\/media\/59480"}],"wp:attachment":[{"href":"https:\/\/radiorevelacionfm.cl\/index.php?rest_route=%2Fwp%2Fv2%2Fmedia&parent=59479"}],"wp:term":[{"taxonomy":"category","embeddable":true,"href":"https:\/\/radiorevelacionfm.cl\/index.php?rest_route=%2Fwp%2Fv2%2Fcategories&post=59479"},{"taxonomy":"post_tag","embeddable":true,"href":"https:\/\/radiorevelacionfm.cl\/index.php?rest_route=%2Fwp%2Fv2%2Ftags&post=59479"}],"curies":[{"name":"wp","href":"https:\/\/api.w.org\/{rel}","templated":true}]}}