{"id":59474,"date":"2025-09-24T22:12:05","date_gmt":"2025-09-25T01:12:05","guid":{"rendered":"https:\/\/radiorevelacionfm.cl\/?p=59474"},"modified":"2025-09-24T22:12:05","modified_gmt":"2025-09-25T01:12:05","slug":"region-de-aysen-sernac-lanza-consulta-ciudadana-para-conocer-los-principales-problemas-que-enfrentan-las-mujeres-en-tematicas-de-consumo","status":"publish","type":"post","link":"https:\/\/radiorevelacionfm.cl\/?p=59474","title":{"rendered":"Regi\u00f3n de Ays\u00e9n: Sernac lanza consulta ciudadana para conocer los principales problemas que enfrentan las mujeres en tem\u00e1ticas de consumo"},"content":{"rendered":"<div class=\"flex_column av_one_full  flex_column_div av-zero-column-padding first  avia-builder-el-0  el_before_av_one_full  avia-builder-el-first  \" style='border-radius:0px; '><div  class='avia-image-container  av-styling-    avia-builder-el-1  avia-builder-el-no-sibling  avia-align-center '  itemprop=\"image\" itemscope=\"itemscope\" itemtype=\"https:\/\/schema.org\/ImageObject\"  ><div class='avia-image-container-inner'><div class='avia-image-overlay-wrap'><img decoding=\"async\" class='wp-image-59475 avia-img-lazy-loading-not-59475 avia_image' src=\"https:\/\/radiorevelacionfm.cl\/wp-content\/uploads\/2025\/09\/2025_sernac-consulta-mujer-1-1_optimized-1.jpg\" alt='' title='2025_sernac-consulta-mujer-(1)-(1)_optimized (1)' height=\"600\" width=\"900\"  itemprop=\"thumbnailUrl\" srcset=\"https:\/\/radiorevelacionfm.cl\/wp-content\/uploads\/2025\/09\/2025_sernac-consulta-mujer-1-1_optimized-1.jpg 900w, https:\/\/radiorevelacionfm.cl\/wp-content\/uploads\/2025\/09\/2025_sernac-consulta-mujer-1-1_optimized-1-300x200.jpg 300w, https:\/\/radiorevelacionfm.cl\/wp-content\/uploads\/2025\/09\/2025_sernac-consulta-mujer-1-1_optimized-1-768x512.jpg 768w, https:\/\/radiorevelacionfm.cl\/wp-content\/uploads\/2025\/09\/2025_sernac-consulta-mujer-1-1_optimized-1-705x470.jpg 705w, https:\/\/radiorevelacionfm.cl\/wp-content\/uploads\/2025\/09\/2025_sernac-consulta-mujer-1-1_optimized-1-450x300.jpg 450w, https:\/\/radiorevelacionfm.cl\/wp-content\/uploads\/2025\/09\/2025_sernac-consulta-mujer-1-1_optimized-1-600x400.jpg 600w\" sizes=\"(max-width: 900px) 100vw, 900px\" \/><\/div><\/div><\/div><\/div><div class=\"flex_column av_one_full  flex_column_div av-zero-column-padding first  avia-builder-el-2  el_after_av_one_full  el_before_av_one_full  column-top-margin\" style='border-radius:0px; '><section class=\"av_textblock_section \"  itemscope=\"itemscope\" itemtype=\"https:\/\/schema.org\/BlogPosting\" itemprop=\"blogPost\" ><div class='avia_textblock  '   itemprop=\"text\" ><p style=\"text-align: center;\"><strong><span style=\"font-size: 18pt;\">Regi\u00f3n de Ays\u00e9n: Sernac lanza consulta ciudadana para conocer los principales problemas que enfrentan las mujeres en tem\u00e1ticas de consumo<\/span><\/strong><\/p>\n<div id=\"gtx-trans\" style=\"position: absolute; left: -50px; top: 4.31534px;\">\n<div class=\"gtx-trans-icon\"><\/div>\n<\/div>\n<\/div><\/section><\/div><div class=\"flex_column av_one_full  flex_column_div av-zero-column-padding first  avia-builder-el-4  el_after_av_one_full  el_before_av_hr  column-top-margin\" style='border-radius:0px; '><section class=\"av_textblock_section \"  itemscope=\"itemscope\" itemtype=\"https:\/\/schema.org\/BlogPosting\" itemprop=\"blogPost\" ><div class='avia_textblock  '   itemprop=\"text\" ><ul>\n<li style=\"text-align: justify;\"><em>El objetivo es indagar respecto de las experiencias diarias que enfrentan las mujeres de la regi\u00f3n al comprar productos o contratar servicios.<\/em><\/li>\n<li style=\"text-align: justify;\"><em>A trav\u00e9s de este instrumento el SERNAC busca saber si las mujeres sufren discriminaci\u00f3n o malas pr\u00e1cticas por parte de las empresas o sus dependientes.<\/em><\/li>\n<li style=\"text-align: justify;\"><em>El llamado a las mujeres es a participar en esta Consulta Ciudadana, la cual estar\u00e1 disponible hasta el pr\u00f3ximo 10 de octubre en el sitio web <a href=\"http:\/\/www.sernac.cl\/consultaysen\">sernac.cl\/consultaysen<\/a><\/em><\/li>\n<\/ul>\n<p style=\"text-align: justify;\">Durante el a\u00f1o 2024 m\u00e1s de un 53% de los reclamos que recibi\u00f3 el SERNAC de personas de la Regi\u00f3n de Ays\u00e9n fueron ingresados por mujeres, lo que refleja la relevancia y el empoderamiento que ellas tienen a la hora de exigir sus derechos como consumidoras.<\/p>\n<p style=\"text-align: justify;\">En este contexto, y con el objetivo de conocer m\u00e1s profundamente cu\u00e1les son los problemas que deben enfrentar diariamente, la Direcci\u00f3n Regional del SERNAC en Ays\u00e9n lanz\u00f3 una <strong>Consulta Ciudadana \u201cMujer y Consumo\u201d<\/strong>.<\/p>\n<p style=\"text-align: justify;\">Esta encuesta, que estar\u00e1 disponible para ser respondida <strong>hasta el pr\u00f3ximo 10 de octubre <\/strong>en <a href=\"http:\/\/www.sernac.cl\/consultaysen\"><strong>www.sernac.cl\/consultaysen<\/strong><\/a>, busca conocer en detalle cu\u00e1les son los principales problemas de consumo a los que deben enfrentarse diariamente las mujeres.<\/p>\n<p style=\"text-align: justify;\">La <strong>Directora Regional del SERNAC, Sandra Espinoza<\/strong>, explic\u00f3 que \u201ca trav\u00e9s de este instrumento buscamos conocer de primera fuente cu\u00e1les son los problemas que enfrentan regularmente las mujeres al momento de comprar productos o contratar servicios, junto con saber si se han sentido discriminadas o sufrido malas pr\u00e1cticas s\u00f3lo por un tema de g\u00e9nero\u201d.<\/p>\n<p style=\"text-align: justify;\">Se trata de una serie de preguntas, muchas de ellas de selecci\u00f3n m\u00faltiple, a trav\u00e9s de las cuales se busca conocer qu\u00e9 conductas de las empresas o sus dependientes est\u00e1n afectando a las consumidoras en el comercio, junto con detectar aquellos \u00e1mbitos en los que puedan ser m\u00e1s vulnerables por ser mujer.<\/p>\n<p style=\"text-align: justify;\">Adem\u00e1s, se consulta si les han solicitado requisitos extras para contratar un cr\u00e9dito por ser mujer, junto con conocer su opini\u00f3n respecto de eventuales sesgos en la publicidad en la que incurren las empresas.<\/p>\n<p style=\"text-align: justify;\">Pero adem\u00e1s de las problem\u00e1ticas, el SERNAC pregunta a las mujeres cu\u00e1les han sido los caminos que siguen al momento de enfrentarse con situaciones que vulneran sus derechos y las medidas que se podr\u00edan implementar para mejorar la situaci\u00f3n actual.<\/p>\n<p style=\"text-align: justify;\">La Directora Regional del SERNAC invita a las consumidoras de la regi\u00f3n a participar activamente en esta consulta ciudadana, cuyos resultados \u201cnos ser\u00e1n de mucha utilidad para profundizar el trabajo en los diferentes mercados, y de esta forma construir una sociedad m\u00e1s justa, equitativa y donde se respeten los derechos de las personas de forma igualitaria, sean hombres o mujeres\u201d.<\/p>\n<p style=\"text-align: justify;\">La autoridad regional explic\u00f3 que una vez procesada la informaci\u00f3n y de acuerdo a los hallazgos, el SERNAC gestionar\u00e1 las acciones que considere m\u00e1s adecuadas para fortalecer la protecci\u00f3n de las consumidoras, por ejemplo, podr\u00eda implicar la realizaci\u00f3n de mesas de trabajo con las empresas de los mercados y rubros que concentran las principales problem\u00e1ticas, solicitar v\u00eda oficio ajuste de conductas a las empresas m\u00e1s mencionadas o incluso la realizaci\u00f3n de fiscalizaciones.<\/p>\n<\/div><\/section><\/div><div  style='height:50px' class='hr hr-invisible   avia-builder-el-6  el_after_av_one_full  el_before_av_social_share '><span class='hr-inner ' ><span class='hr-inner-style'><\/span><\/span><\/div><\/p>\n<div  class='av-social-sharing-box  avia-builder-el-7  el_after_av_hr  el_before_av_hr  '><div class='av-share-box'><h5 class='av-share-link-description av-no-toc '>Compartir esta noticia<\/h5><ul class='av-share-box-list noLightbox'><li class='av-share-link av-social-link-facebook' ><a target=\"_blank\" aria-label=\"Compartir en Facebook\" href='https:\/\/www.facebook.com\/sharer.php?u=https:\/\/radiorevelacionfm.cl\/?p=59474&#038;t=Regi%C3%B3n%20de%20Ays%C3%A9n%3A%20Sernac%20lanza%20consulta%20ciudadana%20para%20conocer%20los%20principales%20problemas%20que%20enfrentan%20las%20mujeres%20en%20tem%C3%A1ticas%20de%20consumo' aria-hidden='false' data-av_icon='\ue8f3' data-av_iconfont='entypo-fontello' title='' data-avia-related-tooltip='Compartir en Facebook' rel=\"noopener\"><span class='avia_hidden_link_text'>Compartir en Facebook<\/span><\/a><\/li><li class='av-share-link av-social-link-twitter' ><a target=\"_blank\" aria-label=\"Compartir en Twitter\" href='https:\/\/twitter.com\/share?text=Regi%C3%B3n%20de%20Ays%C3%A9n%3A%20Sernac%20lanza%20consulta%20ciudadana%20para%20conocer%20los%20principales%20problemas%20que%20enfrentan%20las%20mujeres%20en%20tem%C3%A1ticas%20de%20consumo&#038;url=https:\/\/radiorevelacionfm.cl\/?p=59474' aria-hidden='false' data-av_icon='\ue8f1' data-av_iconfont='entypo-fontello' title='' data-avia-related-tooltip='Compartir en Twitter' rel=\"noopener\"><span class='avia_hidden_link_text'>Compartir en Twitter<\/span><\/a><\/li><li class='av-share-link av-social-link-whatsapp' ><a target=\"_blank\" aria-label=\"Compartir en Whatsapp\" href='https:\/\/api.whatsapp.com\/send?text=https:\/\/radiorevelacionfm.cl\/?p=59474' aria-hidden='false' data-av_icon='\uf232' data-av_iconfont='entypo-fontello' title='' data-avia-related-tooltip='Compartir en Whatsapp' rel=\"noopener\"><span class='avia_hidden_link_text'>Compartir en Whatsapp<\/span><\/a><\/li><li class='av-share-link av-social-link-linkedin' ><a target=\"_blank\" aria-label=\"Compartir en LinkedIn\" href='https:\/\/linkedin.com\/shareArticle?mini=true&#038;title=Regi%C3%B3n%20de%20Ays%C3%A9n%3A%20Sernac%20lanza%20consulta%20ciudadana%20para%20conocer%20los%20principales%20problemas%20que%20enfrentan%20las%20mujeres%20en%20tem%C3%A1ticas%20de%20consumo&#038;url=https:\/\/radiorevelacionfm.cl\/?p=59474' aria-hidden='false' data-av_icon='\ue8fc' data-av_iconfont='entypo-fontello' title='' data-avia-related-tooltip='Compartir en LinkedIn' rel=\"noopener\"><span class='avia_hidden_link_text'>Compartir en LinkedIn<\/span><\/a><\/li><li class='av-share-link av-social-link-mail' ><a  aria-label=\"Compartir por correo\" href='mailto:?subject=Regi%C3%B3n%20de%20Ays%C3%A9n%3A%20Sernac%20lanza%20consulta%20ciudadana%20para%20conocer%20los%20principales%20problemas%20que%20enfrentan%20las%20mujeres%20en%20tem%C3%A1ticas%20de%20consumo&#038;body=https:\/\/radiorevelacionfm.cl\/?p=59474' aria-hidden='false' data-av_icon='\ue805' data-av_iconfont='entypo-fontello' title='' data-avia-related-tooltip='Compartir por correo'><span class='avia_hidden_link_text'>Compartir por correo<\/span><\/a><\/li><\/ul><\/div><\/div>\n<div  style='height:50px' class='hr hr-invisible   avia-builder-el-8  el_after_av_social_share  el_before_av_comments_list '><span class='hr-inner ' ><span class='hr-inner-style'><\/span><\/span><\/div>\n<div  class='av-buildercomment  av-blog-meta-html-info-disabled av-blog-meta-tag-disabled  '><\/div>\n","protected":false},"excerpt":{"rendered":"","protected":false},"author":1,"featured_media":59475,"comment_status":"closed","ping_status":"closed","sticky":false,"template":"","format":"standard","meta":{"footnotes":""},"categories":[38],"tags":[],"class_list":["post-59474","post","type-post","status-publish","format-standard","has-post-thumbnail","hentry","category-regional"],"jetpack_featured_media_url":"https:\/\/radiorevelacionfm.cl\/wp-content\/uploads\/2025\/09\/2025_sernac-consulta-mujer-1-1_optimized-1.jpg","_links":{"self":[{"href":"https:\/\/radiorevelacionfm.cl\/index.php?rest_route=\/wp\/v2\/posts\/59474","targetHints":{"allow":["GET"]}}],"collection":[{"href":"https:\/\/radiorevelacionfm.cl\/index.php?rest_route=\/wp\/v2\/posts"}],"about":[{"href":"https:\/\/radiorevelacionfm.cl\/index.php?rest_route=\/wp\/v2\/types\/post"}],"author":[{"embeddable":true,"href":"https:\/\/radiorevelacionfm.cl\/index.php?rest_route=\/wp\/v2\/users\/1"}],"replies":[{"embeddable":true,"href":"https:\/\/radiorevelacionfm.cl\/index.php?rest_route=%2Fwp%2Fv2%2Fcomments&post=59474"}],"version-history":[{"count":2,"href":"https:\/\/radiorevelacionfm.cl\/index.php?rest_route=\/wp\/v2\/posts\/59474\/revisions"}],"predecessor-version":[{"id":59510,"href":"https:\/\/radiorevelacionfm.cl\/index.php?rest_route=\/wp\/v2\/posts\/59474\/revisions\/59510"}],"wp:featuredmedia":[{"embeddable":true,"href":"https:\/\/radiorevelacionfm.cl\/index.php?rest_route=\/wp\/v2\/media\/59475"}],"wp:attachment":[{"href":"https:\/\/radiorevelacionfm.cl\/index.php?rest_route=%2Fwp%2Fv2%2Fmedia&parent=59474"}],"wp:term":[{"taxonomy":"category","embeddable":true,"href":"https:\/\/radiorevelacionfm.cl\/index.php?rest_route=%2Fwp%2Fv2%2Fcategories&post=59474"},{"taxonomy":"post_tag","embeddable":true,"href":"https:\/\/radiorevelacionfm.cl\/index.php?rest_route=%2Fwp%2Fv2%2Ftags&post=59474"}],"curies":[{"name":"wp","href":"https:\/\/api.w.org\/{rel}","templated":true}]}}