{"id":59472,"date":"2025-09-24T14:59:24","date_gmt":"2025-09-24T17:59:24","guid":{"rendered":"https:\/\/radiorevelacionfm.cl\/?p=59472"},"modified":"2025-09-24T14:59:24","modified_gmt":"2025-09-24T17:59:24","slug":"corte-de-apelaciones-de-coyhaique-deja-sin-efecto-sancion-aplicada-a-liceo-de-puerto-aysen","status":"publish","type":"post","link":"https:\/\/radiorevelacionfm.cl\/?p=59472","title":{"rendered":"Corte de Apelaciones de Coyhaique deja sin efecto sanci\u00f3n aplicada a liceo de Puerto Ays\u00e9n"},"content":{"rendered":"<div class=\"flex_column av_one_full  flex_column_div av-zero-column-padding first  avia-builder-el-0  el_before_av_one_full  avia-builder-el-first  \" style='border-radius:0px; '><div  class='avia-image-container  av-styling-    avia-builder-el-1  avia-builder-el-no-sibling  avia-align-center '  itemprop=\"image\" itemscope=\"itemscope\" itemtype=\"https:\/\/schema.org\/ImageObject\"  ><div class='avia-image-container-inner'><div class='avia-image-overlay-wrap'><img decoding=\"async\" class='wp-image-33022 avia-img-lazy-loading-not-33022 avia_image' src=\"https:\/\/radiorevelacionfm.cl\/wp-content\/uploads\/2023\/07\/Foto-Corte-Coyhaique-002-2-1-1.jpg\" alt='' title='Foto Corte Coyhaique 002 (2) (1) (1)' height=\"600\" width=\"1022\"  itemprop=\"thumbnailUrl\" srcset=\"https:\/\/radiorevelacionfm.cl\/wp-content\/uploads\/2023\/07\/Foto-Corte-Coyhaique-002-2-1-1.jpg 1022w, https:\/\/radiorevelacionfm.cl\/wp-content\/uploads\/2023\/07\/Foto-Corte-Coyhaique-002-2-1-1-300x176.jpg 300w, https:\/\/radiorevelacionfm.cl\/wp-content\/uploads\/2023\/07\/Foto-Corte-Coyhaique-002-2-1-1-768x451.jpg 768w, https:\/\/radiorevelacionfm.cl\/wp-content\/uploads\/2023\/07\/Foto-Corte-Coyhaique-002-2-1-1-705x414.jpg 705w, https:\/\/radiorevelacionfm.cl\/wp-content\/uploads\/2023\/07\/Foto-Corte-Coyhaique-002-2-1-1-450x264.jpg 450w, https:\/\/radiorevelacionfm.cl\/wp-content\/uploads\/2023\/07\/Foto-Corte-Coyhaique-002-2-1-1-600x352.jpg 600w\" sizes=\"(max-width: 1022px) 100vw, 1022px\" \/><\/div><\/div><\/div><\/div><div class=\"flex_column av_one_full  flex_column_div av-zero-column-padding first  avia-builder-el-2  el_after_av_one_full  el_before_av_one_full  column-top-margin\" style='border-radius:0px; '><section class=\"av_textblock_section \"  itemscope=\"itemscope\" itemtype=\"https:\/\/schema.org\/BlogPosting\" itemprop=\"blogPost\" ><div class='avia_textblock  '   itemprop=\"text\" ><p style=\"text-align: center;\"><span style=\"font-size: 18pt;\"><b>Corte de Apelaciones de Coyhaique deja sin efecto sanci\u00f3n aplicada a liceo de Puerto Ays\u00e9n<\/b><\/span><\/p>\n<div id=\"gtx-trans\" style=\"position: absolute; left: -50px; top: 4.31534px;\">\n<div class=\"gtx-trans-icon\"><\/div>\n<\/div>\n<\/div><\/section><\/div><div class=\"flex_column av_one_full  flex_column_div av-zero-column-padding first  avia-builder-el-4  el_after_av_one_full  el_before_av_hr  column-top-margin\" style='border-radius:0px; '><section class=\"av_textblock_section \"  itemscope=\"itemscope\" itemtype=\"https:\/\/schema.org\/BlogPosting\" itemprop=\"blogPost\" ><div class='avia_textblock  '   itemprop=\"text\" ><p style=\"font-weight: 400; text-align: justify;\">La Corte de Apelaciones de Coyhaique acogi\u00f3 el recurso de protecci\u00f3n presentado por la Fundaci\u00f3n Educacional Santa Teresa, sostenedora del Liceo Bicentenario Santa Teresa de los Andes, y dej\u00f3 sin efecto la resoluci\u00f3n exenta, dictada por la Direcci\u00f3n Regional de la Superintendencia de Educaci\u00f3n, que sancion\u00f3 al establecimiento con una amonestaci\u00f3n escrita y la instrucci\u00f3n de implementar asignatura de Lengua y Cultura de los Pueblos Originarios Ancestrales.<\/p>\n<p style=\"font-weight: 400; text-align: justify;\">En fallo un\u00e1nime (causa rol 186-2025), la Primera Sala del tribunal de alzada \u2013integrada por los ministros Luis Mois\u00e9s Aedo Mora, Jos\u00e9 Ignacio Mora Trujillo y Natalia Rencoret Oliva\u2013 estableci\u00f3 que la resoluci\u00f3n sancionatoria incurri\u00f3 en incongruencias y vulner\u00f3 la garant\u00eda constitucional de igualdad ante la ley, al modificar los fundamentos de los cargos originalmente formulados sin otorgar al establecimiento la posibilidad de ejercer adecuadamente su defensa.<\/p>\n<p style=\"font-weight: 400; text-align: justify;\">\u201cQue, atendido el m\u00e9rito de los antecedentes allegados al proceso, resultan evidentes las inconsistencias habidas entre la formulaci\u00f3n de cargos, contenida en el Acto Administrativo N\u00b02025\/FC\/11\/24, dictada por la Sra. Fiscal Instructor de la Superintendencia de Educaci\u00f3n de la Regi\u00f3n de Ays\u00e9n, con el acto impugnado consistente en la Resoluci\u00f3n Exenta N\u00ba2025\/PA\/11\/064, que aprueba el proceso administrativo por contravenci\u00f3n a la normativa educacional, desde que hay manifiestas incongruencias entre aquellos que fueron planteados, confrontados con la motivaci\u00f3n por la que, en definitiva, se sancion\u00f3 a la recurrente. Lo anterior, toda vez que los dos cargos por los que se instruy\u00f3 el proceso dicen relaci\u00f3n con que el Establecimiento Educacional Liceo Bicentenario Santa Teresa de los Andes cumpl\u00eda con el porcentaje m\u00ednimo de estudiantes con ascendencia ind\u00edgena (20%) para implementar la Asignatura de Lengua y Cultura de Pueblos Originarios Ancestrales y\/o Sector de Lengua\u00a0Ind\u00edgena el a\u00f1o\u00a0escolar 2025, ello separado en el primer ciclo (1\u00b0 a 4\u00b0 b\u00e1sico) y segundo ciclo (5\u00b0 a 8\u00b0 b\u00e1sico), en contraste con el acto puntualmente reclamado, que termina sancionando al recurrente ya no por contar con el porcentaje m\u00ednimo de estudiantes con ascendencia ind\u00edgena referido, sino por poseer un estudiante del pueblo Kaw\u00e9sqar, perteneciente a uno de los 5 pueblos que hacen obligatoria dicha implementaci\u00f3n, aspectos considerados, respectivamente, en preceptiva diversa contenida en el Decreto N\u00b097, ya transliterado\u201d, consigna el fallo.<\/p>\n<p style=\"font-weight: 400; text-align: justify;\">La resoluci\u00f3n agrega que: \u201c(\u2026)\u00a0en estricta relaci\u00f3n con los cargos originalmente formulados, se desprende que la recurrente apenas cuenta con un porcentaje del 4,73 de estudiantes con ascendencia ind\u00edgena, por lo que tampoco se halla inserta dentro de los supuestos que fundamentan dichos cargos, esto es, cumplir con un porcentaje m\u00ednimo del 20 por ciento que exige la norma\u201d.<\/p>\n<p style=\"font-weight: 400; text-align: justify;\">\u201cQue, en consecuencia, estos sentenciadores estiman que el actuar de la recurrida ha devenido en arbitraria, provocando una conculcaci\u00f3n de la garant\u00eda de igualdad ante la ley, consagrada en el numeral 2 del art\u00edculo 19 de la Carta Fundamental, desde que, de los antecedentes tenidos a la vista, se desprende una falta de razonabilidad y manifiesta incongruencia en su actuar, de manera tal que el recurso debe ser acogido en los t\u00e9rminos que se dir\u00e1n, resultando inoficioso referirse a los dem\u00e1s derechos y garant\u00edas que se dicen conculcados por la recurrente\u201d, concluye.<\/p>\n<p style=\"font-weight: 400; text-align: justify;\">Por tanto, se resuelve que:\u00a0\u201c<strong>SE ACOGE<\/strong>, sin costas, el recurso de protecci\u00f3n deducido por la FUNDACI\u00d3N EDUCACIONAL SANTA TERESA, sostenedora del establecimiento educacional LICEO BICENTENARIO SANTA TERESA DE LOS ANDES, en contra de la DIRECCI\u00d3N REGIONAL DE AYS\u00c9N DE LA SUPERINTENDENCIA DE \u00a0EDUCACI\u00d3N, orden\u00e1ndose, en consecuencia, dejar sin efecto la Resoluci\u00f3n Exenta N\u00ba2025\/PA\/11\/064, de 4 de julio de 2025, que aprob\u00f3 el proceso administrativo por contravenci\u00f3n a la normativa educacional, aplicando amonestaci\u00f3n por escrito al Liceo Bicentenario o Santa Teresa de los Andes\u201d.<\/p>\n<\/div><\/section><\/div><div  style='height:50px' class='hr hr-invisible   avia-builder-el-6  el_after_av_one_full  el_before_av_social_share '><span class='hr-inner ' ><span class='hr-inner-style'><\/span><\/span><\/div><\/p>\n<div  class='av-social-sharing-box  avia-builder-el-7  el_after_av_hr  el_before_av_hr  '><div class='av-share-box'><h5 class='av-share-link-description av-no-toc '>Compartir esta noticia<\/h5><ul class='av-share-box-list noLightbox'><li class='av-share-link av-social-link-facebook' ><a target=\"_blank\" aria-label=\"Compartir en Facebook\" href='https:\/\/www.facebook.com\/sharer.php?u=https:\/\/radiorevelacionfm.cl\/?p=59472&#038;t=Corte%20de%20Apelaciones%20de%20Coyhaique%20deja%20sin%20efecto%20sanci%C3%B3n%20aplicada%20a%20liceo%20de%20Puerto%20Ays%C3%A9n' aria-hidden='false' data-av_icon='\ue8f3' data-av_iconfont='entypo-fontello' title='' data-avia-related-tooltip='Compartir en Facebook' rel=\"noopener\"><span class='avia_hidden_link_text'>Compartir en Facebook<\/span><\/a><\/li><li class='av-share-link av-social-link-twitter' ><a target=\"_blank\" aria-label=\"Compartir en Twitter\" href='https:\/\/twitter.com\/share?text=Corte%20de%20Apelaciones%20de%20Coyhaique%20deja%20sin%20efecto%20sanci%C3%B3n%20aplicada%20a%20liceo%20de%20Puerto%20Ays%C3%A9n&#038;url=https:\/\/radiorevelacionfm.cl\/?p=59472' aria-hidden='false' data-av_icon='\ue8f1' data-av_iconfont='entypo-fontello' title='' data-avia-related-tooltip='Compartir en Twitter' rel=\"noopener\"><span class='avia_hidden_link_text'>Compartir en Twitter<\/span><\/a><\/li><li class='av-share-link av-social-link-whatsapp' ><a target=\"_blank\" aria-label=\"Compartir en Whatsapp\" href='https:\/\/api.whatsapp.com\/send?text=https:\/\/radiorevelacionfm.cl\/?p=59472' aria-hidden='false' data-av_icon='\uf232' data-av_iconfont='entypo-fontello' title='' data-avia-related-tooltip='Compartir en Whatsapp' rel=\"noopener\"><span class='avia_hidden_link_text'>Compartir en Whatsapp<\/span><\/a><\/li><li class='av-share-link av-social-link-linkedin' ><a target=\"_blank\" aria-label=\"Compartir en LinkedIn\" href='https:\/\/linkedin.com\/shareArticle?mini=true&#038;title=Corte%20de%20Apelaciones%20de%20Coyhaique%20deja%20sin%20efecto%20sanci%C3%B3n%20aplicada%20a%20liceo%20de%20Puerto%20Ays%C3%A9n&#038;url=https:\/\/radiorevelacionfm.cl\/?p=59472' aria-hidden='false' data-av_icon='\ue8fc' data-av_iconfont='entypo-fontello' title='' data-avia-related-tooltip='Compartir en LinkedIn' rel=\"noopener\"><span class='avia_hidden_link_text'>Compartir en LinkedIn<\/span><\/a><\/li><li class='av-share-link av-social-link-mail' ><a  aria-label=\"Compartir por correo\" href='mailto:?subject=Corte%20de%20Apelaciones%20de%20Coyhaique%20deja%20sin%20efecto%20sanci%C3%B3n%20aplicada%20a%20liceo%20de%20Puerto%20Ays%C3%A9n&#038;body=https:\/\/radiorevelacionfm.cl\/?p=59472' aria-hidden='false' data-av_icon='\ue805' data-av_iconfont='entypo-fontello' title='' data-avia-related-tooltip='Compartir por correo'><span class='avia_hidden_link_text'>Compartir por correo<\/span><\/a><\/li><\/ul><\/div><\/div>\n<div  style='height:50px' class='hr hr-invisible   avia-builder-el-8  el_after_av_social_share  el_before_av_comments_list '><span class='hr-inner ' ><span class='hr-inner-style'><\/span><\/span><\/div>\n<div  class='av-buildercomment  av-blog-meta-html-info-disabled av-blog-meta-tag-disabled  '><\/div>\n","protected":false},"excerpt":{"rendered":"","protected":false},"author":1,"featured_media":33022,"comment_status":"closed","ping_status":"closed","sticky":false,"template":"","format":"standard","meta":{"footnotes":""},"categories":[55],"tags":[],"class_list":["post-59472","post","type-post","status-publish","format-standard","has-post-thumbnail","hentry","category-justicia"],"jetpack_featured_media_url":"https:\/\/radiorevelacionfm.cl\/wp-content\/uploads\/2023\/07\/Foto-Corte-Coyhaique-002-2-1-1.jpg","_links":{"self":[{"href":"https:\/\/radiorevelacionfm.cl\/index.php?rest_route=\/wp\/v2\/posts\/59472","targetHints":{"allow":["GET"]}}],"collection":[{"href":"https:\/\/radiorevelacionfm.cl\/index.php?rest_route=\/wp\/v2\/posts"}],"about":[{"href":"https:\/\/radiorevelacionfm.cl\/index.php?rest_route=\/wp\/v2\/types\/post"}],"author":[{"embeddable":true,"href":"https:\/\/radiorevelacionfm.cl\/index.php?rest_route=\/wp\/v2\/users\/1"}],"replies":[{"embeddable":true,"href":"https:\/\/radiorevelacionfm.cl\/index.php?rest_route=%2Fwp%2Fv2%2Fcomments&post=59472"}],"version-history":[{"count":2,"href":"https:\/\/radiorevelacionfm.cl\/index.php?rest_route=\/wp\/v2\/posts\/59472\/revisions"}],"predecessor-version":[{"id":59478,"href":"https:\/\/radiorevelacionfm.cl\/index.php?rest_route=\/wp\/v2\/posts\/59472\/revisions\/59478"}],"wp:featuredmedia":[{"embeddable":true,"href":"https:\/\/radiorevelacionfm.cl\/index.php?rest_route=\/wp\/v2\/media\/33022"}],"wp:attachment":[{"href":"https:\/\/radiorevelacionfm.cl\/index.php?rest_route=%2Fwp%2Fv2%2Fmedia&parent=59472"}],"wp:term":[{"taxonomy":"category","embeddable":true,"href":"https:\/\/radiorevelacionfm.cl\/index.php?rest_route=%2Fwp%2Fv2%2Fcategories&post=59472"},{"taxonomy":"post_tag","embeddable":true,"href":"https:\/\/radiorevelacionfm.cl\/index.php?rest_route=%2Fwp%2Fv2%2Ftags&post=59472"}],"curies":[{"name":"wp","href":"https:\/\/api.w.org\/{rel}","templated":true}]}}