{"id":59464,"date":"2025-09-24T11:30:05","date_gmt":"2025-09-24T14:30:05","guid":{"rendered":"https:\/\/radiorevelacionfm.cl\/?p=59464"},"modified":"2025-09-24T11:30:05","modified_gmt":"2025-09-24T14:30:05","slug":"el-rio-baker-sera-escenario-del-tercer-festival-vista-baker-2025","status":"publish","type":"post","link":"https:\/\/radiorevelacionfm.cl\/?p=59464","title":{"rendered":"El R\u00edo Baker ser\u00e1 escenario del tercer Festival Vista Baker 2025"},"content":{"rendered":"<div class=\"flex_column av_one_full  flex_column_div av-zero-column-padding first  avia-builder-el-0  el_before_av_one_full  avia-builder-el-first  \" style='border-radius:0px; '><div  class='avia-image-container  av-styling-    avia-builder-el-1  avia-builder-el-no-sibling  avia-align-center '  itemprop=\"image\" itemscope=\"itemscope\" itemtype=\"https:\/\/schema.org\/ImageObject\"  ><div class='avia-image-container-inner'><div class='avia-image-overlay-wrap'><img decoding=\"async\" class='wp-image-59465 avia-img-lazy-loading-not-59465 avia_image' src=\"https:\/\/radiorevelacionfm.cl\/wp-content\/uploads\/2025\/09\/cochrane_festival-vista-baker-7-1_optimized.jpg\" alt='' title='cochrane_festival-vista-baker-(7)-(1)_optimized' height=\"600\" width=\"900\"  itemprop=\"thumbnailUrl\" srcset=\"https:\/\/radiorevelacionfm.cl\/wp-content\/uploads\/2025\/09\/cochrane_festival-vista-baker-7-1_optimized.jpg 900w, https:\/\/radiorevelacionfm.cl\/wp-content\/uploads\/2025\/09\/cochrane_festival-vista-baker-7-1_optimized-300x200.jpg 300w, https:\/\/radiorevelacionfm.cl\/wp-content\/uploads\/2025\/09\/cochrane_festival-vista-baker-7-1_optimized-768x512.jpg 768w, https:\/\/radiorevelacionfm.cl\/wp-content\/uploads\/2025\/09\/cochrane_festival-vista-baker-7-1_optimized-705x470.jpg 705w, https:\/\/radiorevelacionfm.cl\/wp-content\/uploads\/2025\/09\/cochrane_festival-vista-baker-7-1_optimized-450x300.jpg 450w, https:\/\/radiorevelacionfm.cl\/wp-content\/uploads\/2025\/09\/cochrane_festival-vista-baker-7-1_optimized-600x400.jpg 600w\" sizes=\"(max-width: 900px) 100vw, 900px\" \/><\/div><\/div><\/div><\/div><div class=\"flex_column av_one_full  flex_column_div av-zero-column-padding first  avia-builder-el-2  el_after_av_one_full  el_before_av_one_full  column-top-margin\" style='border-radius:0px; '><section class=\"av_textblock_section \"  itemscope=\"itemscope\" itemtype=\"https:\/\/schema.org\/BlogPosting\" itemprop=\"blogPost\" ><div class='avia_textblock  '   itemprop=\"text\" ><p style=\"text-align: center;\"><strong><span style=\"font-size: 18pt;\">El R\u00edo Baker ser\u00e1 escenario del tercer Festival Vista Baker 2025<\/span><\/strong><\/p>\n<div id=\"gtx-trans\" style=\"position: absolute; left: -50px; top: 4.31534px;\">\n<div class=\"gtx-trans-icon\"><\/div>\n<\/div>\n<\/div><\/section><\/div><div class=\"flex_column av_one_full  flex_column_div av-zero-column-padding first  avia-builder-el-4  el_after_av_one_full  el_before_av_hr  column-top-margin\" style='border-radius:0px; '><section class=\"av_textblock_section \"  itemscope=\"itemscope\" itemtype=\"https:\/\/schema.org\/BlogPosting\" itemprop=\"blogPost\" ><div class='avia_textblock  '   itemprop=\"text\" ><p style=\"text-align: justify;\">El pr\u00f3ximo s\u00e1bado 18 de octubre, desde las 08:00 horas y muy cerca de Cochrane, se desarrollar\u00e1 el Festival Vista Baker 2025, un encuentro que combina deporte, naturaleza y cultura, y que poco a poco se consolida como una nueva oferta deportiva en la Patagonia.<\/p>\n<p style=\"text-align: justify;\">En su tercera versi\u00f3n, el festival es organizado por Armoniza, consultora dedicada a crear proyectos de conservaci\u00f3n habitables con mantenci\u00f3n de la cultura local, junto al Club Deportivo X-Tri Race de Cochrane y bajo la coordinaci\u00f3n de la Municipalidad de Cochrane. La propuesta invita a deportistas y familias a ser parte de una jornada distinta, con rutas de <strong>7K, 14K, 21K y 32K<\/strong> que pondr\u00e1n a prueba la resistencia de los corredores en medio de paisajes \u00fanicos, como la majestuosidad del r\u00edo Baker y la belleza del Parque Patagonia.<\/p>\n<p style=\"text-align: justify;\">Pero esto no es solo una carrera. La jornada continuar\u00e1 con actividades para todas las edades: charlas de reconocidos exponentes en conservaci\u00f3n ambiental, producci\u00f3n regenerativa y sustentabilidad; el tradicional cordero al palo; juegos locales y actividades familiares, adem\u00e1s de una tarde cargada de m\u00fasica en vivo y fiesta, con la participaci\u00f3n de m\u00fasicos regionales como Atilio Cruces, Sandro S\u00e1nchez y Claudio Soto. Una propuesta integral que busca acercar el deporte y la vida saludable a la comunidad, al mismo tiempo que pone en valor la identidad local.<\/p>\n<p style=\"text-align: justify;\">El <strong>presidente del Club X-Tri Race, Rafael Vargas Ruay<\/strong>, destac\u00f3:<br \/>\n\u201cEstamos muy relacionados con la naturaleza y la vida sana, por eso aceptamos este reto. Nuestro compromiso es dar la seguridad a la actividad. Invitamos a todos los deportistas de la regi\u00f3n a unirse y compartir esta alegr\u00eda.\u201d<\/p>\n<p style=\"text-align: justify;\">Por su parte, <strong>Natalia de Rays Reyes, integrante del club<\/strong>, agreg\u00f3:<br \/>\n\u201cEstamos felices de ser parte de la organizaci\u00f3n del Festival. El evento se desarrollar\u00e1 en un entorno privilegiado, muy cerca del Parque Patagonia, con una vista espectacular al r\u00edo Baker. Todav\u00eda quedan inscripciones disponibles hasta fines de septiembre, en distancias de 7, 14, 21 y 32 kil\u00f3metros.\u201d<\/p>\n<p style=\"text-align: justify;\"><strong>Por su parte el destacado triatleta Cochranino y miembro de la organizaci\u00f3n, Yonathan Vargas Espinoza<\/strong>, comparti\u00f3 su experiencia: \u201cCorrer en el Festival es mucho m\u00e1s que una competencia: es conectarse con la naturaleza. Este a\u00f1o, adem\u00e1s, estoy colaborando en log\u00edstica y marcaje. Queremos que todos los competidores, de la comuna de Cochrane, la regi\u00f3n, el pa\u00eds e incluso del mundo, vivan y transmitan esta experiencia.\u201d<\/p>\n<p style=\"text-align: justify;\">Desde <strong>Armoniza, Benjam\u00edn Honour Manr\u00edquez<\/strong> recalc\u00f3 la novedad de esta edici\u00f3n: \u201cSer\u00e1 un solo d\u00eda en lugar de dos. Por la ma\u00f1ana se correr\u00e1n las distintas distancias de trail running y se realizar\u00e1n charlas; luego, tras las premiaciones, comenzar\u00e1n los asados, los conversatorios y la m\u00fasica con fiesta para cerrar la jornada.\u201d<\/p>\n<p style=\"text-align: justify;\">Finalmente, el <strong>encargado de Deportes de la Municipalidad de Cochrane, Manuel Pu\u00f1alef Domke,<\/strong> subray\u00f3: \u201cQueremos sumar esta iniciativa al calendario de actividades deportivas que desarrollamos durante todo el a\u00f1o. Adem\u00e1s, se realizar\u00e1 muy cerca de Cochrane, por lo que la invitaci\u00f3n est\u00e1 abierta para que inscriban y este 18 de octubre nos acompa\u00f1en y sean parte de esta gran jornada.\u201d<\/p>\n<p style=\"text-align: justify;\">Las inscripciones ya est\u00e1n abiertas y disponibles a trav\u00e9s de la plataforma oficial Passline. El Festival Vista Baker 2025 invita a la comunidad regional, nacional e internacional a ser parte de esta tercera versi\u00f3n, que re\u00fane deporte, naturaleza y cultura en un entorno \u00fanico de la Patagonia.<\/p>\n<\/div><\/section><\/div><div  style='height:50px' class='hr hr-invisible   avia-builder-el-6  el_after_av_one_full  el_before_av_social_share '><span class='hr-inner ' ><span class='hr-inner-style'><\/span><\/span><\/div><\/p>\n<div  class='av-social-sharing-box  avia-builder-el-7  el_after_av_hr  el_before_av_hr  '><div class='av-share-box'><h5 class='av-share-link-description av-no-toc '>Compartir esta noticia<\/h5><ul class='av-share-box-list noLightbox'><li class='av-share-link av-social-link-facebook' ><a target=\"_blank\" aria-label=\"Compartir en Facebook\" href='https:\/\/www.facebook.com\/sharer.php?u=https:\/\/radiorevelacionfm.cl\/?p=59464&#038;t=El%20R%C3%ADo%20Baker%20ser%C3%A1%20escenario%20del%20tercer%20Festival%20Vista%20Baker%202025' aria-hidden='false' data-av_icon='\ue8f3' data-av_iconfont='entypo-fontello' title='' data-avia-related-tooltip='Compartir en Facebook' rel=\"noopener\"><span class='avia_hidden_link_text'>Compartir en Facebook<\/span><\/a><\/li><li class='av-share-link av-social-link-twitter' ><a target=\"_blank\" aria-label=\"Compartir en Twitter\" href='https:\/\/twitter.com\/share?text=El%20R%C3%ADo%20Baker%20ser%C3%A1%20escenario%20del%20tercer%20Festival%20Vista%20Baker%202025&#038;url=https:\/\/radiorevelacionfm.cl\/?p=59464' aria-hidden='false' data-av_icon='\ue8f1' data-av_iconfont='entypo-fontello' title='' data-avia-related-tooltip='Compartir en Twitter' rel=\"noopener\"><span class='avia_hidden_link_text'>Compartir en Twitter<\/span><\/a><\/li><li class='av-share-link av-social-link-whatsapp' ><a target=\"_blank\" aria-label=\"Compartir en Whatsapp\" href='https:\/\/api.whatsapp.com\/send?text=https:\/\/radiorevelacionfm.cl\/?p=59464' aria-hidden='false' data-av_icon='\uf232' data-av_iconfont='entypo-fontello' title='' data-avia-related-tooltip='Compartir en Whatsapp' rel=\"noopener\"><span class='avia_hidden_link_text'>Compartir en Whatsapp<\/span><\/a><\/li><li class='av-share-link av-social-link-linkedin' ><a target=\"_blank\" aria-label=\"Compartir en LinkedIn\" href='https:\/\/linkedin.com\/shareArticle?mini=true&#038;title=El%20R%C3%ADo%20Baker%20ser%C3%A1%20escenario%20del%20tercer%20Festival%20Vista%20Baker%202025&#038;url=https:\/\/radiorevelacionfm.cl\/?p=59464' aria-hidden='false' data-av_icon='\ue8fc' data-av_iconfont='entypo-fontello' title='' data-avia-related-tooltip='Compartir en LinkedIn' rel=\"noopener\"><span class='avia_hidden_link_text'>Compartir en LinkedIn<\/span><\/a><\/li><li class='av-share-link av-social-link-mail' ><a  aria-label=\"Compartir por correo\" href='mailto:?subject=El%20R%C3%ADo%20Baker%20ser%C3%A1%20escenario%20del%20tercer%20Festival%20Vista%20Baker%202025&#038;body=https:\/\/radiorevelacionfm.cl\/?p=59464' aria-hidden='false' data-av_icon='\ue805' data-av_iconfont='entypo-fontello' title='' data-avia-related-tooltip='Compartir por correo'><span class='avia_hidden_link_text'>Compartir por correo<\/span><\/a><\/li><\/ul><\/div><\/div>\n<div  style='height:50px' class='hr hr-invisible   avia-builder-el-8  el_after_av_social_share  el_before_av_comments_list '><span class='hr-inner ' ><span class='hr-inner-style'><\/span><\/span><\/div>\n<div  class='av-buildercomment  av-blog-meta-html-info-disabled av-blog-meta-tag-disabled  '><\/div>\n","protected":false},"excerpt":{"rendered":"","protected":false},"author":1,"featured_media":59465,"comment_status":"closed","ping_status":"closed","sticky":false,"template":"","format":"standard","meta":{"footnotes":""},"categories":[38],"tags":[],"class_list":["post-59464","post","type-post","status-publish","format-standard","has-post-thumbnail","hentry","category-regional"],"jetpack_featured_media_url":"https:\/\/radiorevelacionfm.cl\/wp-content\/uploads\/2025\/09\/cochrane_festival-vista-baker-7-1_optimized.jpg","_links":{"self":[{"href":"https:\/\/radiorevelacionfm.cl\/index.php?rest_route=\/wp\/v2\/posts\/59464","targetHints":{"allow":["GET"]}}],"collection":[{"href":"https:\/\/radiorevelacionfm.cl\/index.php?rest_route=\/wp\/v2\/posts"}],"about":[{"href":"https:\/\/radiorevelacionfm.cl\/index.php?rest_route=\/wp\/v2\/types\/post"}],"author":[{"embeddable":true,"href":"https:\/\/radiorevelacionfm.cl\/index.php?rest_route=\/wp\/v2\/users\/1"}],"replies":[{"embeddable":true,"href":"https:\/\/radiorevelacionfm.cl\/index.php?rest_route=%2Fwp%2Fv2%2Fcomments&post=59464"}],"version-history":[{"count":2,"href":"https:\/\/radiorevelacionfm.cl\/index.php?rest_route=\/wp\/v2\/posts\/59464\/revisions"}],"predecessor-version":[{"id":59467,"href":"https:\/\/radiorevelacionfm.cl\/index.php?rest_route=\/wp\/v2\/posts\/59464\/revisions\/59467"}],"wp:featuredmedia":[{"embeddable":true,"href":"https:\/\/radiorevelacionfm.cl\/index.php?rest_route=\/wp\/v2\/media\/59465"}],"wp:attachment":[{"href":"https:\/\/radiorevelacionfm.cl\/index.php?rest_route=%2Fwp%2Fv2%2Fmedia&parent=59464"}],"wp:term":[{"taxonomy":"category","embeddable":true,"href":"https:\/\/radiorevelacionfm.cl\/index.php?rest_route=%2Fwp%2Fv2%2Fcategories&post=59464"},{"taxonomy":"post_tag","embeddable":true,"href":"https:\/\/radiorevelacionfm.cl\/index.php?rest_route=%2Fwp%2Fv2%2Ftags&post=59464"}],"curies":[{"name":"wp","href":"https:\/\/api.w.org\/{rel}","templated":true}]}}