{"id":5946,"date":"2021-07-05T18:06:19","date_gmt":"2021-07-05T21:06:19","guid":{"rendered":"https:\/\/radiorevelacionfm.cl\/?p=5946"},"modified":"2021-07-05T18:24:53","modified_gmt":"2021-07-05T21:24:53","slug":"vacunacion-extramuro-por-covid-19-se-extiende-hacia-sectores-rurales-de-coyhaique","status":"publish","type":"post","link":"https:\/\/radiorevelacionfm.cl\/?p=5946","title":{"rendered":"Vacunaci\u00f3n extramuro por COVID-19 se extiende hacia sectores rurales de Coyhaique"},"content":{"rendered":"<div class=\"flex_column av_one_full  flex_column_div av-zero-column-padding first  avia-builder-el-0  el_before_av_one_full  avia-builder-el-first  \" style='border-radius:0px; '><div  class='avia-image-container  av-styling-    avia-builder-el-1  avia-builder-el-no-sibling  avia-align-center '  itemprop=\"image\" itemscope=\"itemscope\" itemtype=\"https:\/\/schema.org\/ImageObject\"  ><div class='avia-image-container-inner'><div class='avia-image-overlay-wrap'><img decoding=\"async\" class='wp-image-5951 avia-img-lazy-loading-not-5951 avia_image' src=\"https:\/\/radiorevelacionfm.cl\/wp-content\/uploads\/2021\/07\/vacunacion-rural0-1-1.jpg\" alt='' title='vacunaci\u00f3n rural0 (1) (1)' height=\"600\" width=\"880\"  itemprop=\"thumbnailUrl\" srcset=\"https:\/\/radiorevelacionfm.cl\/wp-content\/uploads\/2021\/07\/vacunacion-rural0-1-1.jpg 880w, https:\/\/radiorevelacionfm.cl\/wp-content\/uploads\/2021\/07\/vacunacion-rural0-1-1-300x205.jpg 300w, https:\/\/radiorevelacionfm.cl\/wp-content\/uploads\/2021\/07\/vacunacion-rural0-1-1-768x524.jpg 768w, https:\/\/radiorevelacionfm.cl\/wp-content\/uploads\/2021\/07\/vacunacion-rural0-1-1-705x481.jpg 705w, https:\/\/radiorevelacionfm.cl\/wp-content\/uploads\/2021\/07\/vacunacion-rural0-1-1-600x409.jpg 600w\" sizes=\"(max-width: 880px) 100vw, 880px\" \/><\/div><\/div><\/div><\/div><div class=\"flex_column av_one_full  flex_column_div av-zero-column-padding first  avia-builder-el-2  el_after_av_one_full  el_before_av_one_full  column-top-margin\" style='border-radius:0px; '><section class=\"av_textblock_section \"  itemscope=\"itemscope\" itemtype=\"https:\/\/schema.org\/BlogPosting\" itemprop=\"blogPost\" ><div class='avia_textblock  '   itemprop=\"text\" ><p style=\"text-align: center;\"><strong><span style=\"font-size: 18pt;\">Vacunaci\u00f3n extramuro por COVID-19 se extiende hacia sectores rurales de Coyhaique<\/span><\/strong><\/p>\n<div id=\"gtx-trans\" style=\"position: absolute; left: -50px; top: 4.31534px;\">\n<div class=\"gtx-trans-icon\"><\/div>\n<\/div>\n<\/div><\/section><\/div><\/p>\n<div class=\"flex_column av_one_full  flex_column_div av-zero-column-padding first  avia-builder-el-4  el_after_av_one_full  el_before_av_hr  column-top-margin\" style='border-radius:0px; '><section class=\"av_textblock_section \"  itemscope=\"itemscope\" itemtype=\"https:\/\/schema.org\/BlogPosting\" itemprop=\"blogPost\" ><div class='avia_textblock  '   itemprop=\"text\" ><p style=\"text-align: justify;\">Adultos mayores y personas que no han recibido a\u00fan ninguna vacuna contra el COVID-19, forman parte del p\u00fablico objetivo al cual, durante estos d\u00edas, est\u00e1n llegando los equipos de vacunaci\u00f3n, siendo las localidades rurales de la comuna de Coyhaique los primeros territorios que se est\u00e1n cubriendo a trav\u00e9s de la vacunaci\u00f3n extramuro. Tal como ocurri\u00f3 con adultos mayores de los sectores de Villa Frei, Valle Simpson y Santa Elena, quienes fueron visitados por profesionales de la Seremi de Salud Ays\u00e9n.<\/p>\n<p style=\"text-align: justify;\">Acciones de salud p\u00fablica que fueron valoradas por los adultos mayores, especialmente por la preocupaci\u00f3n de llegar hasta los propios hogares de estas personas para la entrega de estas vacunas contra el COVID-19, como lo explic\u00f3 Juan Guarda Soto. \u201cEstoy muy agradecido, esto es muy bueno, con la vacuna no sent\u00ed ning\u00fan dolor por lo que invito a las personas que se vacunen\u201d. Similar opini\u00f3n fue la que entreg\u00f3 Olinda Mansilla, pobladora de Villa Frei, quien tambi\u00e9n expres\u00f3 su alegr\u00eda al recibir la primera dosis de vacunaci\u00f3n contra el COVID-19, \u201cestoy feliz, es muy lindo todo esto porque es para el bien de nosotros mismos, los adultos mayores que muchas veces no tiene la facilidad de ir a Coyhaique, porque dec\u00edan tantas cosas de la vacuna entonces ten\u00edamos miedo, ahora yo le aconsejo a todos los adultos mayores que lo hagan. Estoy a gradecida que hayan venido hasta mi casa a entregarnos esta vacuna\u201d.<\/p>\n<p style=\"text-align: justify;\">Respecto a este trabajo en terreno, la Seremi de Salud Ays\u00e9n, Alejandra Valdebenito Torres, indic\u00f3 que si bien esta modalidad busca acercar la salud p\u00fablica a las personas a quienes a\u00fan no se han vacunado y los grupos de rezagados en segundas dosis. \u201cHoy, cuando alcanzamos un 92,44% (Primera dosis y dosis \u00fanica) de cobertura de vacunaci\u00f3n con 74.094 dosis administradas y 84,25% (segunda dosis) de cobertura con 67.530 dosis a nivel regional; no podemos detenernos en estas cifras, al contrario, debemos seguir extendiendo y facilitando los accesos de nuestra comunidad a cada una de las acciones de Salud P\u00fablica, tal como ocurre con este proceso de vacunaci\u00f3n contra el COVID-19, donde existen muchas personas que por diversos motivos les cuesta movilizarse hasta los puntos de vacunaci\u00f3n, es por eso que comenzamos a trabajar con los sectores rurales por es ah\u00ed donde existen adultos mayores y personas rezagadas que a\u00fan no cuentan con su esquema de vacunaci\u00f3n completo\u201d.<\/p>\n<p style=\"text-align: justify;\">Se estima que en la regi\u00f3n existen de 6 mil personas, de los cuales 4 mil pertenecen a la comuna de Coyhaique, quienes a\u00fan no se han vacunado contra el COVID-19, raz\u00f3n por la cual se implement\u00f3 el correo electr\u00f3nico <a href=\"mailto:yomevacunoaysen@redsalud.gov.cl\">yomevacunoaysen@redsalud.gov.cl<\/a> para coordinar vacunaciones extramuro entre poblaci\u00f3n objetivo y rezagados en segundas dosis.<\/p>\n<\/div><\/section><\/div>\n<div  style='height:50px' class='hr hr-invisible   avia-builder-el-6  el_after_av_one_full  el_before_av_social_share '><span class='hr-inner ' ><span class='hr-inner-style'><\/span><\/span><\/div>\n<div  class='av-social-sharing-box  avia-builder-el-7  el_after_av_hr  el_before_av_hr  '><div class='av-share-box'><h5 class='av-share-link-description av-no-toc '>Compartir esta noticia<\/h5><ul class='av-share-box-list noLightbox'><li class='av-share-link av-social-link-facebook' ><a target=\"_blank\" aria-label=\"Compartir en Facebook\" href='https:\/\/www.facebook.com\/sharer.php?u=https:\/\/radiorevelacionfm.cl\/?p=5946&#038;t=Vacunaci%C3%B3n%20extramuro%20por%20COVID-19%20se%20extiende%20hacia%20sectores%20rurales%20de%20Coyhaique' aria-hidden='false' data-av_icon='\ue8f3' data-av_iconfont='entypo-fontello' title='' data-avia-related-tooltip='Compartir en Facebook' rel=\"noopener\"><span class='avia_hidden_link_text'>Compartir en Facebook<\/span><\/a><\/li><li class='av-share-link av-social-link-twitter' ><a target=\"_blank\" aria-label=\"Compartir en Twitter\" href='https:\/\/twitter.com\/share?text=Vacunaci%C3%B3n%20extramuro%20por%20COVID-19%20se%20extiende%20hacia%20sectores%20rurales%20de%20Coyhaique&#038;url=https:\/\/radiorevelacionfm.cl\/?p=5946' aria-hidden='false' data-av_icon='\ue8f1' data-av_iconfont='entypo-fontello' title='' data-avia-related-tooltip='Compartir en Twitter' rel=\"noopener\"><span class='avia_hidden_link_text'>Compartir en Twitter<\/span><\/a><\/li><li class='av-share-link av-social-link-whatsapp' ><a target=\"_blank\" aria-label=\"Compartir en Whatsapp\" href='https:\/\/api.whatsapp.com\/send?text=https:\/\/radiorevelacionfm.cl\/?p=5946' aria-hidden='false' data-av_icon='\uf232' data-av_iconfont='entypo-fontello' title='' data-avia-related-tooltip='Compartir en Whatsapp' rel=\"noopener\"><span class='avia_hidden_link_text'>Compartir en Whatsapp<\/span><\/a><\/li><li class='av-share-link av-social-link-linkedin' ><a target=\"_blank\" aria-label=\"Compartir en LinkedIn\" href='https:\/\/linkedin.com\/shareArticle?mini=true&#038;title=Vacunaci%C3%B3n%20extramuro%20por%20COVID-19%20se%20extiende%20hacia%20sectores%20rurales%20de%20Coyhaique&#038;url=https:\/\/radiorevelacionfm.cl\/?p=5946' aria-hidden='false' data-av_icon='\ue8fc' data-av_iconfont='entypo-fontello' title='' data-avia-related-tooltip='Compartir en LinkedIn' rel=\"noopener\"><span class='avia_hidden_link_text'>Compartir en LinkedIn<\/span><\/a><\/li><li class='av-share-link av-social-link-mail' ><a  aria-label=\"Compartir por correo\" href='mailto:?subject=Vacunaci%C3%B3n%20extramuro%20por%20COVID-19%20se%20extiende%20hacia%20sectores%20rurales%20de%20Coyhaique&#038;body=https:\/\/radiorevelacionfm.cl\/?p=5946' aria-hidden='false' data-av_icon='\ue805' data-av_iconfont='entypo-fontello' title='' data-avia-related-tooltip='Compartir por correo'><span class='avia_hidden_link_text'>Compartir por correo<\/span><\/a><\/li><\/ul><\/div><\/div>\n<div  style='height:50px' class='hr hr-invisible   avia-builder-el-8  el_after_av_social_share  el_before_av_comments_list '><span class='hr-inner ' ><span class='hr-inner-style'><\/span><\/span><\/div>\n<div  class='av-buildercomment  av-blog-meta-html-info-disabled av-blog-meta-tag-disabled  '><\/div>\n","protected":false},"excerpt":{"rendered":"","protected":false},"author":1,"featured_media":5951,"comment_status":"open","ping_status":"open","sticky":false,"template":"","format":"standard","meta":{"footnotes":""},"categories":[46],"tags":[],"class_list":["post-5946","post","type-post","status-publish","format-standard","has-post-thumbnail","hentry","category-salud"],"jetpack_featured_media_url":"https:\/\/radiorevelacionfm.cl\/wp-content\/uploads\/2021\/07\/vacunacion-rural0-1-1.jpg","_links":{"self":[{"href":"https:\/\/radiorevelacionfm.cl\/index.php?rest_route=\/wp\/v2\/posts\/5946","targetHints":{"allow":["GET"]}}],"collection":[{"href":"https:\/\/radiorevelacionfm.cl\/index.php?rest_route=\/wp\/v2\/posts"}],"about":[{"href":"https:\/\/radiorevelacionfm.cl\/index.php?rest_route=\/wp\/v2\/types\/post"}],"author":[{"embeddable":true,"href":"https:\/\/radiorevelacionfm.cl\/index.php?rest_route=\/wp\/v2\/users\/1"}],"replies":[{"embeddable":true,"href":"https:\/\/radiorevelacionfm.cl\/index.php?rest_route=%2Fwp%2Fv2%2Fcomments&post=5946"}],"version-history":[{"count":3,"href":"https:\/\/radiorevelacionfm.cl\/index.php?rest_route=\/wp\/v2\/posts\/5946\/revisions"}],"predecessor-version":[{"id":5952,"href":"https:\/\/radiorevelacionfm.cl\/index.php?rest_route=\/wp\/v2\/posts\/5946\/revisions\/5952"}],"wp:featuredmedia":[{"embeddable":true,"href":"https:\/\/radiorevelacionfm.cl\/index.php?rest_route=\/wp\/v2\/media\/5951"}],"wp:attachment":[{"href":"https:\/\/radiorevelacionfm.cl\/index.php?rest_route=%2Fwp%2Fv2%2Fmedia&parent=5946"}],"wp:term":[{"taxonomy":"category","embeddable":true,"href":"https:\/\/radiorevelacionfm.cl\/index.php?rest_route=%2Fwp%2Fv2%2Fcategories&post=5946"},{"taxonomy":"post_tag","embeddable":true,"href":"https:\/\/radiorevelacionfm.cl\/index.php?rest_route=%2Fwp%2Fv2%2Ftags&post=5946"}],"curies":[{"name":"wp","href":"https:\/\/api.w.org\/{rel}","templated":true}]}}