{"id":59458,"date":"2025-09-24T10:12:58","date_gmt":"2025-09-24T13:12:58","guid":{"rendered":"https:\/\/radiorevelacionfm.cl\/?p=59458"},"modified":"2025-09-24T11:16:04","modified_gmt":"2025-09-24T14:16:04","slug":"continuan-labores-de-combate-de-incendio-forestal-en-la-comuna-de-rio-ibanez","status":"publish","type":"post","link":"https:\/\/radiorevelacionfm.cl\/?p=59458","title":{"rendered":"Contin\u00faan labores de combate de incendio forestal en la comuna de R\u00edo Iba\u00f1ez"},"content":{"rendered":"<div class=\"flex_column av_one_full  flex_column_div av-zero-column-padding first  avia-builder-el-0  el_before_av_one_full  avia-builder-el-first  \" style='border-radius:0px; '><div  class='avia-image-container  av-styling-    avia-builder-el-1  avia-builder-el-no-sibling  avia-align-center '  itemprop=\"image\" itemscope=\"itemscope\" itemtype=\"https:\/\/schema.org\/ImageObject\"  ><div class='avia-image-container-inner'><div class='avia-image-overlay-wrap'><img decoding=\"async\" class='wp-image-59459 avia-img-lazy-loading-not-59459 avia_image' src=\"https:\/\/radiorevelacionfm.cl\/wp-content\/uploads\/2025\/09\/Incendio-El-Maitenal-1.jpg\" alt='' title='Incendio El Maitenal (1)' height=\"600\" width=\"800\"  itemprop=\"thumbnailUrl\" srcset=\"https:\/\/radiorevelacionfm.cl\/wp-content\/uploads\/2025\/09\/Incendio-El-Maitenal-1.jpg 800w, https:\/\/radiorevelacionfm.cl\/wp-content\/uploads\/2025\/09\/Incendio-El-Maitenal-1-300x225.jpg 300w, https:\/\/radiorevelacionfm.cl\/wp-content\/uploads\/2025\/09\/Incendio-El-Maitenal-1-768x576.jpg 768w, https:\/\/radiorevelacionfm.cl\/wp-content\/uploads\/2025\/09\/Incendio-El-Maitenal-1-705x529.jpg 705w, https:\/\/radiorevelacionfm.cl\/wp-content\/uploads\/2025\/09\/Incendio-El-Maitenal-1-450x338.jpg 450w, https:\/\/radiorevelacionfm.cl\/wp-content\/uploads\/2025\/09\/Incendio-El-Maitenal-1-600x450.jpg 600w\" sizes=\"(max-width: 800px) 100vw, 800px\" \/><\/div><\/div><\/div><\/div>\n<div class=\"flex_column av_one_full  flex_column_div av-zero-column-padding first  avia-builder-el-2  el_after_av_one_full  el_before_av_one_full  column-top-margin\" style='border-radius:0px; '><section class=\"av_textblock_section \"  itemscope=\"itemscope\" itemtype=\"https:\/\/schema.org\/BlogPosting\" itemprop=\"blogPost\" ><div class='avia_textblock  '   itemprop=\"text\" ><p style=\"text-align: center;\"><strong><span style=\"font-size: 18pt;\">Contin\u00faan labores de combate de incendio forestal en la comuna de R\u00edo Iba\u00f1ez <\/span><\/strong><\/p>\n<div id=\"gtx-trans\" style=\"position: absolute; left: -50px; top: 4.31534px;\">\n<div class=\"gtx-trans-icon\"><\/div>\n<\/div>\n<\/div><\/section><\/div>\n<div class=\"flex_column av_one_full  flex_column_div av-zero-column-padding first  avia-builder-el-4  el_after_av_one_full  el_before_av_hr  column-top-margin\" style='border-radius:0px; '><section class=\"av_textblock_section \"  itemscope=\"itemscope\" itemtype=\"https:\/\/schema.org\/BlogPosting\" itemprop=\"blogPost\" ><div class='avia_textblock  '   itemprop=\"text\" ><p style=\"text-align: justify;\">De acuerdo con lo informado por CONAF, a trav\u00e9s de su plataforma de informaci\u00f3n SIDCO sobre el incendio forestal denominado El Maitenal, ubicado RUTA X-735 CAMINO A LEVICAN SECTOR EL MAITENAL. Se mantiene en estado de COMBATE, activo en todos sus sectores con propagaci\u00f3n media, afectando una superficie de 05 hect\u00e1reas.<\/p>\n<p style=\"text-align: justify;\">Cabe se\u00f1alar que no existe riesgo para bienes ni infraestructura en el sector, al momento no se reportan personas lesionadas producto de esta emergencia.<\/p>\n<p style=\"text-align: justify;\">Bomberos de Puerto Ib\u00e1\u00f1ez se mantiene en estado de Alerta, Carabineros y personal de CONAF en el sector quienes recorren y eval\u00faan para tener informaci\u00f3n sobre comportamiento, propagaci\u00f3n y labores de combate.<\/p>\n<p><strong>Declaran Alerta Amarilla<\/strong><\/p>\n<p style=\"text-align: justify;\">Incendio Forestal con propagaci\u00f3n y proyecci\u00f3n a bosque nativo que, por falta de recursos disponibles, ya sea en emergencias presentadas fuera del per\u00edodo operativo de las unidades de respuesta de CONAF (oto\u00f1o-invierno), o bien porque todos los recursos de la Regi\u00f3n est\u00e1n siendo utilizados en las emergencias presentadas.<\/p>\n<p style=\"text-align: justify;\">En consideraci\u00f3n a estos antecedentes y en base a la informaci\u00f3n t\u00e9cnica proporcionada por CONAF, en coordinaci\u00f3n con la Delegaci\u00f3n Presidencial Regional de Ays\u00e9n, la Direcci\u00f3n Regional de SENAPRED AYSEN declara Alerta Amarilla para la Comuna de R\u00edo Ib\u00e1\u00f1ez por incendio forestal, vigente desde hoy y hasta que las condiciones del incendio as\u00ed lo ameriten. Con la declaraci\u00f3n de la Alerta Amarilla, se alistar\u00e1n escalonadamente los recursos necesarios, en apoyo adicional a lo ya desplegado por CONAF y el Sistema Regional de Prevenci\u00f3n y Respuesta ante Desastres; para intervenir de acuerdo con la evoluci\u00f3n del evento, con el objeto de evitar que este crezca en extensi\u00f3n y severidad, minimizando los efectos negativos en las personas, sus bienes y el medio ambiente.<\/p>\n<\/div><\/section><\/div><div  style='height:50px' class='hr hr-invisible   avia-builder-el-6  el_after_av_one_full  el_before_av_social_share '><span class='hr-inner ' ><span class='hr-inner-style'><\/span><\/span><\/div><\/p>\n<div  class='av-social-sharing-box  avia-builder-el-7  el_after_av_hr  el_before_av_hr  '><div class='av-share-box'><h5 class='av-share-link-description av-no-toc '>Compartir esta noticia<\/h5><ul class='av-share-box-list noLightbox'><li class='av-share-link av-social-link-facebook' ><a target=\"_blank\" aria-label=\"Compartir en Facebook\" href='https:\/\/www.facebook.com\/sharer.php?u=https:\/\/radiorevelacionfm.cl\/?p=59458&#038;t=Contin%C3%BAan%20labores%20de%20combate%20de%20incendio%20forestal%20en%20la%20comuna%20de%20R%C3%ADo%20Iba%C3%B1ez' aria-hidden='false' data-av_icon='\ue8f3' data-av_iconfont='entypo-fontello' title='' data-avia-related-tooltip='Compartir en Facebook' rel=\"noopener\"><span class='avia_hidden_link_text'>Compartir en Facebook<\/span><\/a><\/li><li class='av-share-link av-social-link-twitter' ><a target=\"_blank\" aria-label=\"Compartir en Twitter\" href='https:\/\/twitter.com\/share?text=Contin%C3%BAan%20labores%20de%20combate%20de%20incendio%20forestal%20en%20la%20comuna%20de%20R%C3%ADo%20Iba%C3%B1ez&#038;url=https:\/\/radiorevelacionfm.cl\/?p=59458' aria-hidden='false' data-av_icon='\ue8f1' data-av_iconfont='entypo-fontello' title='' data-avia-related-tooltip='Compartir en Twitter' rel=\"noopener\"><span class='avia_hidden_link_text'>Compartir en Twitter<\/span><\/a><\/li><li class='av-share-link av-social-link-whatsapp' ><a target=\"_blank\" aria-label=\"Compartir en Whatsapp\" href='https:\/\/api.whatsapp.com\/send?text=https:\/\/radiorevelacionfm.cl\/?p=59458' aria-hidden='false' data-av_icon='\uf232' data-av_iconfont='entypo-fontello' title='' data-avia-related-tooltip='Compartir en Whatsapp' rel=\"noopener\"><span class='avia_hidden_link_text'>Compartir en Whatsapp<\/span><\/a><\/li><li class='av-share-link av-social-link-linkedin' ><a target=\"_blank\" aria-label=\"Compartir en LinkedIn\" href='https:\/\/linkedin.com\/shareArticle?mini=true&#038;title=Contin%C3%BAan%20labores%20de%20combate%20de%20incendio%20forestal%20en%20la%20comuna%20de%20R%C3%ADo%20Iba%C3%B1ez&#038;url=https:\/\/radiorevelacionfm.cl\/?p=59458' aria-hidden='false' data-av_icon='\ue8fc' data-av_iconfont='entypo-fontello' title='' data-avia-related-tooltip='Compartir en LinkedIn' rel=\"noopener\"><span class='avia_hidden_link_text'>Compartir en LinkedIn<\/span><\/a><\/li><li class='av-share-link av-social-link-mail' ><a  aria-label=\"Compartir por correo\" href='mailto:?subject=Contin%C3%BAan%20labores%20de%20combate%20de%20incendio%20forestal%20en%20la%20comuna%20de%20R%C3%ADo%20Iba%C3%B1ez&#038;body=https:\/\/radiorevelacionfm.cl\/?p=59458' aria-hidden='false' data-av_icon='\ue805' data-av_iconfont='entypo-fontello' title='' data-avia-related-tooltip='Compartir por correo'><span class='avia_hidden_link_text'>Compartir por correo<\/span><\/a><\/li><\/ul><\/div><\/div>\n<div  style='height:50px' class='hr hr-invisible   avia-builder-el-8  el_after_av_social_share  el_before_av_comments_list '><span class='hr-inner ' ><span class='hr-inner-style'><\/span><\/span><\/div>\n<div  class='av-buildercomment  av-blog-meta-html-info-disabled av-blog-meta-tag-disabled  '><\/div>\n","protected":false},"excerpt":{"rendered":"","protected":false},"author":1,"featured_media":59459,"comment_status":"closed","ping_status":"closed","sticky":false,"template":"","format":"standard","meta":{"footnotes":""},"categories":[38],"tags":[],"class_list":["post-59458","post","type-post","status-publish","format-standard","has-post-thumbnail","hentry","category-regional"],"jetpack_featured_media_url":"https:\/\/radiorevelacionfm.cl\/wp-content\/uploads\/2025\/09\/Incendio-El-Maitenal-1.jpg","_links":{"self":[{"href":"https:\/\/radiorevelacionfm.cl\/index.php?rest_route=\/wp\/v2\/posts\/59458","targetHints":{"allow":["GET"]}}],"collection":[{"href":"https:\/\/radiorevelacionfm.cl\/index.php?rest_route=\/wp\/v2\/posts"}],"about":[{"href":"https:\/\/radiorevelacionfm.cl\/index.php?rest_route=\/wp\/v2\/types\/post"}],"author":[{"embeddable":true,"href":"https:\/\/radiorevelacionfm.cl\/index.php?rest_route=\/wp\/v2\/users\/1"}],"replies":[{"embeddable":true,"href":"https:\/\/radiorevelacionfm.cl\/index.php?rest_route=%2Fwp%2Fv2%2Fcomments&post=59458"}],"version-history":[{"count":3,"href":"https:\/\/radiorevelacionfm.cl\/index.php?rest_route=\/wp\/v2\/posts\/59458\/revisions"}],"predecessor-version":[{"id":59462,"href":"https:\/\/radiorevelacionfm.cl\/index.php?rest_route=\/wp\/v2\/posts\/59458\/revisions\/59462"}],"wp:featuredmedia":[{"embeddable":true,"href":"https:\/\/radiorevelacionfm.cl\/index.php?rest_route=\/wp\/v2\/media\/59459"}],"wp:attachment":[{"href":"https:\/\/radiorevelacionfm.cl\/index.php?rest_route=%2Fwp%2Fv2%2Fmedia&parent=59458"}],"wp:term":[{"taxonomy":"category","embeddable":true,"href":"https:\/\/radiorevelacionfm.cl\/index.php?rest_route=%2Fwp%2Fv2%2Fcategories&post=59458"},{"taxonomy":"post_tag","embeddable":true,"href":"https:\/\/radiorevelacionfm.cl\/index.php?rest_route=%2Fwp%2Fv2%2Ftags&post=59458"}],"curies":[{"name":"wp","href":"https:\/\/api.w.org\/{rel}","templated":true}]}}