{"id":59451,"date":"2025-09-23T20:19:05","date_gmt":"2025-09-23T23:19:05","guid":{"rendered":"https:\/\/radiorevelacionfm.cl\/?p=59451"},"modified":"2025-09-23T20:19:05","modified_gmt":"2025-09-23T23:19:05","slug":"sernameg-se-querella-por-femicidio-tentado-ocurrido-en-coyhaique-previo-a-fiestas-patrias","status":"publish","type":"post","link":"https:\/\/radiorevelacionfm.cl\/?p=59451","title":{"rendered":"SernamEG se querella por femicidio tentado ocurrido en Coyhaique previo a Fiestas Patrias"},"content":{"rendered":"<div class=\"flex_column av_one_full  flex_column_div av-zero-column-padding first  avia-builder-el-0  el_before_av_one_full  avia-builder-el-first  \" style='border-radius:0px; '><div  class='avia-image-container  av-styling-    avia-builder-el-1  avia-builder-el-no-sibling  avia-align-center '  itemprop=\"image\" itemscope=\"itemscope\" itemtype=\"https:\/\/schema.org\/ImageObject\"  ><div class='avia-image-container-inner'><div class='avia-image-overlay-wrap'><img decoding=\"async\" class='wp-image-59453 avia-img-lazy-loading-not-59453 avia_image' src=\"https:\/\/radiorevelacionfm.cl\/wp-content\/uploads\/2025\/09\/ft-1-1_optimized-1.jpeg\" alt='' title='ft-1-(1)_optimized (1)' height=\"600\" width=\"800\"  itemprop=\"thumbnailUrl\" srcset=\"https:\/\/radiorevelacionfm.cl\/wp-content\/uploads\/2025\/09\/ft-1-1_optimized-1.jpeg 800w, https:\/\/radiorevelacionfm.cl\/wp-content\/uploads\/2025\/09\/ft-1-1_optimized-1-300x225.jpeg 300w, https:\/\/radiorevelacionfm.cl\/wp-content\/uploads\/2025\/09\/ft-1-1_optimized-1-768x576.jpeg 768w, https:\/\/radiorevelacionfm.cl\/wp-content\/uploads\/2025\/09\/ft-1-1_optimized-1-705x529.jpeg 705w, https:\/\/radiorevelacionfm.cl\/wp-content\/uploads\/2025\/09\/ft-1-1_optimized-1-450x338.jpeg 450w, https:\/\/radiorevelacionfm.cl\/wp-content\/uploads\/2025\/09\/ft-1-1_optimized-1-600x450.jpeg 600w\" sizes=\"(max-width: 800px) 100vw, 800px\" \/><\/div><\/div><\/div><\/div><div class=\"flex_column av_one_full  flex_column_div av-zero-column-padding first  avia-builder-el-2  el_after_av_one_full  el_before_av_one_full  column-top-margin\" style='border-radius:0px; '><section class=\"av_textblock_section \"  itemscope=\"itemscope\" itemtype=\"https:\/\/schema.org\/BlogPosting\" itemprop=\"blogPost\" ><div class='avia_textblock  '   itemprop=\"text\" ><p style=\"text-align: center;\"><strong><span style=\"font-size: 18pt;\">SernamEG se querella por femicidio tentado ocurrido en Coyhaique previo a Fiestas Patrias<\/span><\/strong><\/p>\n<div id=\"gtx-trans\" style=\"position: absolute; left: -50px; top: 4.31534px;\">\n<div class=\"gtx-trans-icon\"><\/div>\n<\/div>\n<\/div><\/section><\/div><div class=\"flex_column av_one_full  flex_column_div av-zero-column-padding first  avia-builder-el-4  el_after_av_one_full  el_before_av_hr  column-top-margin\" style='border-radius:0px; '><section class=\"av_textblock_section \"  itemscope=\"itemscope\" itemtype=\"https:\/\/schema.org\/BlogPosting\" itemprop=\"blogPost\" ><div class='avia_textblock  '   itemprop=\"text\" ><p dir=\"ltr\" style=\"text-align: justify;\">Desde el Servicio Nacional de la Mujer y la Equidad de G\u00e9nero (SernamEG), la directora regional, Patricia Baeza Cabezas, se pronunci\u00f3 respecto al caso de femicidio tentado ocurrido en la ciudad de Coyhaique el d\u00eda lunes 15 de septiembre, e inform\u00f3 que esta semana el servicio interpuso una querella por este delito ante el poder judicial, la cual ya fue declarada como admisible.<\/p>\n<p dir=\"ltr\" style=\"text-align: justify;\">\u201cQueremos comunicar que la mujer ya se encuentra siendo atendida por nuestros dispositivos y, por tanto, est\u00e1 recibiendo apoyo psicosocial, y tambi\u00e9n ha firmado el patrocinio con nuestro abogado de la direcci\u00f3n regional, confi\u00e1ndonos su representaci\u00f3n judicial en este caso\u201d, se\u00f1al\u00f3 la directora del SernamEG Ays\u00e9n.<\/p>\n<p dir=\"ltr\" style=\"text-align: justify;\">En ese sentido, Patricia Baeza tambi\u00e9n hizo hincapi\u00e9 en la relevancia de que las denunciantes acepten ser contactadas por el servicio. \u201cEs importante recordar que, al momento de que las mujeres hacen una denuncia por temas de violencia intrafamiliar y\/o de g\u00e9nero, Carabineros entrega un consentimiento informado, que es un documento que las mujeres pueden firmar y que implica que nosotras como servicio nos podemos poner en contacto con ellas, y de esa manera poder acompa\u00f1arlas en este proceso y brindarles los apoyos que tenemos disponibles como Estado para abordar esta problem\u00e1tica\u201d, explic\u00f3.<\/p>\n<p dir=\"ltr\" style=\"text-align: justify;\">Por \u00faltimo, la directora recalc\u00f3 que si alguna mujer est\u00e1 siendo v\u00edctima de violencias de g\u00e9nero, o si alguna persona de la comunidad presencia un hecho de este tipo, puede comunicarse con el n\u00famero de orientaci\u00f3n del SernamEG, que es el 1455, de lunes a domingo desde las 08.00 hasta las 00.00 horas. Tambi\u00e9n las mujeres pueden asistir con o sin denuncia a los Centros de las Mujeres ubicados en Coyhaique y Ays\u00e9n, donde los equipos les entregar\u00e1n la informaci\u00f3n y apoyo que requieran.<\/p>\n<p dir=\"ltr\" style=\"text-align: justify;\">Mientras que, para denunciar, es necesario contactarse con Carabineros o con la Polic\u00eda de Investigaciones, al 133 o 134 respectivamente.<\/p>\n<\/div><\/section><\/div><div  style='height:50px' class='hr hr-invisible   avia-builder-el-6  el_after_av_one_full  el_before_av_social_share '><span class='hr-inner ' ><span class='hr-inner-style'><\/span><\/span><\/div><\/p>\n<div  class='av-social-sharing-box  avia-builder-el-7  el_after_av_hr  el_before_av_hr  '><div class='av-share-box'><h5 class='av-share-link-description av-no-toc '>Compartir esta noticia<\/h5><ul class='av-share-box-list noLightbox'><li class='av-share-link av-social-link-facebook' ><a target=\"_blank\" aria-label=\"Compartir en Facebook\" href='https:\/\/www.facebook.com\/sharer.php?u=https:\/\/radiorevelacionfm.cl\/?p=59451&#038;t=SernamEG%20se%20querella%20por%20femicidio%20tentado%20ocurrido%20en%20Coyhaique%20previo%20a%20Fiestas%20Patrias' aria-hidden='false' data-av_icon='\ue8f3' data-av_iconfont='entypo-fontello' title='' data-avia-related-tooltip='Compartir en Facebook' rel=\"noopener\"><span class='avia_hidden_link_text'>Compartir en Facebook<\/span><\/a><\/li><li class='av-share-link av-social-link-twitter' ><a target=\"_blank\" aria-label=\"Compartir en Twitter\" href='https:\/\/twitter.com\/share?text=SernamEG%20se%20querella%20por%20femicidio%20tentado%20ocurrido%20en%20Coyhaique%20previo%20a%20Fiestas%20Patrias&#038;url=https:\/\/radiorevelacionfm.cl\/?p=59451' aria-hidden='false' data-av_icon='\ue8f1' data-av_iconfont='entypo-fontello' title='' data-avia-related-tooltip='Compartir en Twitter' rel=\"noopener\"><span class='avia_hidden_link_text'>Compartir en Twitter<\/span><\/a><\/li><li class='av-share-link av-social-link-whatsapp' ><a target=\"_blank\" aria-label=\"Compartir en Whatsapp\" href='https:\/\/api.whatsapp.com\/send?text=https:\/\/radiorevelacionfm.cl\/?p=59451' aria-hidden='false' data-av_icon='\uf232' data-av_iconfont='entypo-fontello' title='' data-avia-related-tooltip='Compartir en Whatsapp' rel=\"noopener\"><span class='avia_hidden_link_text'>Compartir en Whatsapp<\/span><\/a><\/li><li class='av-share-link av-social-link-linkedin' ><a target=\"_blank\" aria-label=\"Compartir en LinkedIn\" href='https:\/\/linkedin.com\/shareArticle?mini=true&#038;title=SernamEG%20se%20querella%20por%20femicidio%20tentado%20ocurrido%20en%20Coyhaique%20previo%20a%20Fiestas%20Patrias&#038;url=https:\/\/radiorevelacionfm.cl\/?p=59451' aria-hidden='false' data-av_icon='\ue8fc' data-av_iconfont='entypo-fontello' title='' data-avia-related-tooltip='Compartir en LinkedIn' rel=\"noopener\"><span class='avia_hidden_link_text'>Compartir en LinkedIn<\/span><\/a><\/li><li class='av-share-link av-social-link-mail' ><a  aria-label=\"Compartir por correo\" href='mailto:?subject=SernamEG%20se%20querella%20por%20femicidio%20tentado%20ocurrido%20en%20Coyhaique%20previo%20a%20Fiestas%20Patrias&#038;body=https:\/\/radiorevelacionfm.cl\/?p=59451' aria-hidden='false' data-av_icon='\ue805' data-av_iconfont='entypo-fontello' title='' data-avia-related-tooltip='Compartir por correo'><span class='avia_hidden_link_text'>Compartir por correo<\/span><\/a><\/li><\/ul><\/div><\/div>\n<div  style='height:50px' class='hr hr-invisible   avia-builder-el-8  el_after_av_social_share  el_before_av_comments_list '><span class='hr-inner ' ><span class='hr-inner-style'><\/span><\/span><\/div>\n<div  class='av-buildercomment  av-blog-meta-html-info-disabled av-blog-meta-tag-disabled  '><\/div>\n","protected":false},"excerpt":{"rendered":"","protected":false},"author":1,"featured_media":59453,"comment_status":"closed","ping_status":"closed","sticky":false,"template":"","format":"standard","meta":{"footnotes":""},"categories":[38],"tags":[],"class_list":["post-59451","post","type-post","status-publish","format-standard","has-post-thumbnail","hentry","category-regional"],"jetpack_featured_media_url":"https:\/\/radiorevelacionfm.cl\/wp-content\/uploads\/2025\/09\/ft-1-1_optimized-1.jpeg","_links":{"self":[{"href":"https:\/\/radiorevelacionfm.cl\/index.php?rest_route=\/wp\/v2\/posts\/59451","targetHints":{"allow":["GET"]}}],"collection":[{"href":"https:\/\/radiorevelacionfm.cl\/index.php?rest_route=\/wp\/v2\/posts"}],"about":[{"href":"https:\/\/radiorevelacionfm.cl\/index.php?rest_route=\/wp\/v2\/types\/post"}],"author":[{"embeddable":true,"href":"https:\/\/radiorevelacionfm.cl\/index.php?rest_route=\/wp\/v2\/users\/1"}],"replies":[{"embeddable":true,"href":"https:\/\/radiorevelacionfm.cl\/index.php?rest_route=%2Fwp%2Fv2%2Fcomments&post=59451"}],"version-history":[{"count":2,"href":"https:\/\/radiorevelacionfm.cl\/index.php?rest_route=\/wp\/v2\/posts\/59451\/revisions"}],"predecessor-version":[{"id":59456,"href":"https:\/\/radiorevelacionfm.cl\/index.php?rest_route=\/wp\/v2\/posts\/59451\/revisions\/59456"}],"wp:featuredmedia":[{"embeddable":true,"href":"https:\/\/radiorevelacionfm.cl\/index.php?rest_route=\/wp\/v2\/media\/59453"}],"wp:attachment":[{"href":"https:\/\/radiorevelacionfm.cl\/index.php?rest_route=%2Fwp%2Fv2%2Fmedia&parent=59451"}],"wp:term":[{"taxonomy":"category","embeddable":true,"href":"https:\/\/radiorevelacionfm.cl\/index.php?rest_route=%2Fwp%2Fv2%2Fcategories&post=59451"},{"taxonomy":"post_tag","embeddable":true,"href":"https:\/\/radiorevelacionfm.cl\/index.php?rest_route=%2Fwp%2Fv2%2Ftags&post=59451"}],"curies":[{"name":"wp","href":"https:\/\/api.w.org\/{rel}","templated":true}]}}