{"id":59447,"date":"2025-09-23T20:30:18","date_gmt":"2025-09-23T23:30:18","guid":{"rendered":"https:\/\/radiorevelacionfm.cl\/?p=59447"},"modified":"2025-09-26T20:30:31","modified_gmt":"2025-09-26T23:30:31","slug":"diputado-calisto-y-sindicato-de-colectiveros-manifiestan-sus-reparos-a-bases-de-licitacion-para-nuevo-recorrido-en-coyhaique","status":"publish","type":"post","link":"https:\/\/radiorevelacionfm.cl\/?p=59447","title":{"rendered":"Diputado Calisto y sindicato de colectiveros manifiestan sus reparos a bases de licitaci\u00f3n para nuevo recorrido en Coyhaique"},"content":{"rendered":"<div class=\"flex_column av_one_full  flex_column_div av-zero-column-padding first  avia-builder-el-0  el_before_av_one_full  avia-builder-el-first  \" style='border-radius:0px; '><div  class='avia-image-container  av-styling-    avia-builder-el-1  avia-builder-el-no-sibling  avia-align-center '  itemprop=\"image\" itemscope=\"itemscope\" itemtype=\"https:\/\/schema.org\/ImageObject\"  ><div class='avia-image-container-inner'><div class='avia-image-overlay-wrap'><img decoding=\"async\" class='wp-image-59448 avia-img-lazy-loading-not-59448 avia_image' src=\"https:\/\/radiorevelacionfm.cl\/wp-content\/uploads\/2025\/09\/foto-reu-colectiveros_optimized.jpeg\" alt='' title='foto-reu-colectiveros_optimized' height=\"535\" width=\"817\"  itemprop=\"thumbnailUrl\" srcset=\"https:\/\/radiorevelacionfm.cl\/wp-content\/uploads\/2025\/09\/foto-reu-colectiveros_optimized.jpeg 817w, https:\/\/radiorevelacionfm.cl\/wp-content\/uploads\/2025\/09\/foto-reu-colectiveros_optimized-300x196.jpeg 300w, https:\/\/radiorevelacionfm.cl\/wp-content\/uploads\/2025\/09\/foto-reu-colectiveros_optimized-768x503.jpeg 768w, https:\/\/radiorevelacionfm.cl\/wp-content\/uploads\/2025\/09\/foto-reu-colectiveros_optimized-705x462.jpeg 705w, https:\/\/radiorevelacionfm.cl\/wp-content\/uploads\/2025\/09\/foto-reu-colectiveros_optimized-450x295.jpeg 450w, https:\/\/radiorevelacionfm.cl\/wp-content\/uploads\/2025\/09\/foto-reu-colectiveros_optimized-600x393.jpeg 600w\" sizes=\"(max-width: 817px) 100vw, 817px\" \/><\/div><\/div><\/div><\/div><div class=\"flex_column av_one_full  flex_column_div av-zero-column-padding first  avia-builder-el-2  el_after_av_one_full  el_before_av_one_full  column-top-margin\" style='border-radius:0px; '><section class=\"av_textblock_section \"  itemscope=\"itemscope\" itemtype=\"https:\/\/schema.org\/BlogPosting\" itemprop=\"blogPost\" ><div class='avia_textblock  '   itemprop=\"text\" ><p style=\"text-align: center;\"><span style=\"font-size: 18pt;\"><b><span lang=\"ES-CL\">Diputado Calisto y sindicato de colectiveros manifiestan sus reparos a bases de licitaci\u00f3n para nuevo recorrido en Coyhaique<\/span><\/b><\/span><\/p>\n<div id=\"gtx-trans\" style=\"position: absolute; left: -50px; top: 4.31534px;\">\n<div class=\"gtx-trans-icon\"><\/div>\n<\/div>\n<\/div><\/section><\/div><div class=\"flex_column av_one_full  flex_column_div av-zero-column-padding first  avia-builder-el-4  el_after_av_one_full  el_before_av_hr  column-top-margin\" style='border-radius:0px; '><section class=\"av_textblock_section \"  itemscope=\"itemscope\" itemtype=\"https:\/\/schema.org\/BlogPosting\" itemprop=\"blogPost\" ><div class='avia_textblock  '   itemprop=\"text\" ><p style=\"font-weight: 400; text-align: justify;\">El diputado\u00a0Miguel \u00c1ngel Calisto\u00a0se reuni\u00f3 con el\u00a0sindicato de conductores Los Glaciares\u00a0y vecinos del sector alto de Coyhaique para abordar la necesidad de implementar un\u00a0nuevo recorrido de taxis colectivos\u00a0que responda a la demanda de transporte p\u00fablico en la ciudad. La iniciativa, que busca mejorar la conectividad y la frecuencia del servicio, ha generado preocupaciones entre los dirigentes respecto a las bases de licitaci\u00f3n propuestas por el Ministerio de Transportes y Telecomunicaciones.<\/p>\n<p style=\"font-weight: 400; text-align: justify;\">Tras el encuentro, el diputado Calisto enfatiz\u00f3 la importancia de la colaboraci\u00f3n para perfeccionar el proyecto. \u00abEstamos en total acuerdo con la necesidad de un nuevo recorrido para Coyhaique. Sin embargo, hemos levantado observaciones respecto al dise\u00f1o de las bases de licitaci\u00f3n\u00bb, afirm\u00f3. \u00abNos interesa que haya\u00a0m\u00e1s cupos y mayor frecuencia, elementos que, a nuestro juicio, no est\u00e1n bien reflejados en las bases actuales\u00bb.<\/p>\n<p style=\"font-weight: 400; text-align: justify;\">El parlamentario explic\u00f3 que estas modificaciones son cruciales para asegurar que el servicio sea eficiente y cubra las necesidades de los vecinos, especialmente en los\u00a0sectores altos de la ciudad, donde la falta de transporte afecta la vida diaria de los residentes. \u00abQueremos que este servicio de colectivos responda de manera efectiva al requerimiento de la gente, sobre todo en los sectores del sector alto que muchas veces les cuesta llegar a sus lugares de trabajo diariamente\u00bb, a\u00f1adi\u00f3 Calisto, anunciando una solicitud formal al Ministerio de Transportes para que se realicen los ajustes necesarios.<\/p>\n<p style=\"font-weight: 400; text-align: justify;\">Luis Cuiti\u00f1o, de la directiva del sindicato Los Glaciares, expres\u00f3 su agradecimiento al diputado Calisto y al representante municipal por el apoyo. \u00abAgradecemos al diputado Calisto por acompa\u00f1arnos desde el inicio en este proyecto. Hemos estado trabajando por muchos a\u00f1os en esto y ahora solicitamos su ayuda para viajar a Santiago y gestionar con el ministro los cambios que necesitamos en las bases de licitaci\u00f3n\u00bb, declar\u00f3.<\/p>\n<p style=\"font-weight: 400; text-align: justify;\">Por su parte,\u00a0Cecilia Opazo, dirigenta de la villa Los Glaciares, manifest\u00f3 la preocupaci\u00f3n de la comunidad ante los recientes cambios en el proyecto. \u00abLlevamos esperando mucho tiempo. Cre\u00edamos que el proyecto iba a salir adelante, pero ahora tenemos muchas dudas\u00bb, indic\u00f3.<\/p>\n<p style=\"font-weight: 400; text-align: justify;\">Opazo explic\u00f3 que, a pesar de las reuniones sostenidas con las autoridades regionales, persisten inquietudes sobre el n\u00famero de veh\u00edculos propuestos, que se redujo de\u00a050 a 30. \u00abLo que necesitamos como vecinos es que se aclare la situaci\u00f3n y que este proyecto se concrete lo antes posible para solucionar el problema de locomoci\u00f3n colectiva en la parte alta de la ciudad\u00bb, concluy\u00f3.<\/p>\n<p style=\"font-weight: 400; text-align: justify;\">El diputado Calisto, junto a los dirigentes, buscar\u00e1 una audiencia con el ministro de Transportes para asegurar que las bases de licitaci\u00f3n se modifiquen para reflejar de mejor manera las necesidades de los usuarios y garantizar un servicio de transporte p\u00fablico de calidad para Coyhaique.<\/p>\n<\/div><\/section><\/div><div  style='height:50px' class='hr hr-invisible   avia-builder-el-6  el_after_av_one_full  el_before_av_social_share '><span class='hr-inner ' ><span class='hr-inner-style'><\/span><\/span><\/div><\/p>\n<div  class='av-social-sharing-box  avia-builder-el-7  el_after_av_hr  el_before_av_hr  '><div class='av-share-box'><h5 class='av-share-link-description av-no-toc '>Compartir esta noticia<\/h5><ul class='av-share-box-list noLightbox'><li class='av-share-link av-social-link-facebook' ><a target=\"_blank\" aria-label=\"Compartir en Facebook\" href='https:\/\/www.facebook.com\/sharer.php?u=https:\/\/radiorevelacionfm.cl\/?p=59447&#038;t=Diputado%20Calisto%20y%20sindicato%20de%20colectiveros%20manifiestan%20sus%20reparos%20a%20bases%20de%20licitaci%C3%B3n%20para%20nuevo%20recorrido%20en%20Coyhaique' aria-hidden='false' data-av_icon='\ue8f3' data-av_iconfont='entypo-fontello' title='' data-avia-related-tooltip='Compartir en Facebook' rel=\"noopener\"><span class='avia_hidden_link_text'>Compartir en Facebook<\/span><\/a><\/li><li class='av-share-link av-social-link-twitter' ><a target=\"_blank\" aria-label=\"Compartir en Twitter\" href='https:\/\/twitter.com\/share?text=Diputado%20Calisto%20y%20sindicato%20de%20colectiveros%20manifiestan%20sus%20reparos%20a%20bases%20de%20licitaci%C3%B3n%20para%20nuevo%20recorrido%20en%20Coyhaique&#038;url=https:\/\/radiorevelacionfm.cl\/?p=59447' aria-hidden='false' data-av_icon='\ue8f1' data-av_iconfont='entypo-fontello' title='' data-avia-related-tooltip='Compartir en Twitter' rel=\"noopener\"><span class='avia_hidden_link_text'>Compartir en Twitter<\/span><\/a><\/li><li class='av-share-link av-social-link-whatsapp' ><a target=\"_blank\" aria-label=\"Compartir en Whatsapp\" href='https:\/\/api.whatsapp.com\/send?text=https:\/\/radiorevelacionfm.cl\/?p=59447' aria-hidden='false' data-av_icon='\uf232' data-av_iconfont='entypo-fontello' title='' data-avia-related-tooltip='Compartir en Whatsapp' rel=\"noopener\"><span class='avia_hidden_link_text'>Compartir en Whatsapp<\/span><\/a><\/li><li class='av-share-link av-social-link-linkedin' ><a target=\"_blank\" aria-label=\"Compartir en LinkedIn\" href='https:\/\/linkedin.com\/shareArticle?mini=true&#038;title=Diputado%20Calisto%20y%20sindicato%20de%20colectiveros%20manifiestan%20sus%20reparos%20a%20bases%20de%20licitaci%C3%B3n%20para%20nuevo%20recorrido%20en%20Coyhaique&#038;url=https:\/\/radiorevelacionfm.cl\/?p=59447' aria-hidden='false' data-av_icon='\ue8fc' data-av_iconfont='entypo-fontello' title='' data-avia-related-tooltip='Compartir en LinkedIn' rel=\"noopener\"><span class='avia_hidden_link_text'>Compartir en LinkedIn<\/span><\/a><\/li><li class='av-share-link av-social-link-mail' ><a  aria-label=\"Compartir por correo\" href='mailto:?subject=Diputado%20Calisto%20y%20sindicato%20de%20colectiveros%20manifiestan%20sus%20reparos%20a%20bases%20de%20licitaci%C3%B3n%20para%20nuevo%20recorrido%20en%20Coyhaique&#038;body=https:\/\/radiorevelacionfm.cl\/?p=59447' aria-hidden='false' data-av_icon='\ue805' data-av_iconfont='entypo-fontello' title='' data-avia-related-tooltip='Compartir por correo'><span class='avia_hidden_link_text'>Compartir por correo<\/span><\/a><\/li><\/ul><\/div><\/div>\n<div  style='height:50px' class='hr hr-invisible   avia-builder-el-8  el_after_av_social_share  el_before_av_comments_list '><span class='hr-inner ' ><span class='hr-inner-style'><\/span><\/span><\/div>\n<div  class='av-buildercomment  av-blog-meta-html-info-disabled av-blog-meta-tag-disabled  '><\/div>\n","protected":false},"excerpt":{"rendered":"","protected":false},"author":1,"featured_media":59448,"comment_status":"closed","ping_status":"closed","sticky":false,"template":"","format":"standard","meta":{"footnotes":""},"categories":[35],"tags":[],"class_list":["post-59447","post","type-post","status-publish","format-standard","has-post-thumbnail","hentry","category-politica"],"jetpack_featured_media_url":"https:\/\/radiorevelacionfm.cl\/wp-content\/uploads\/2025\/09\/foto-reu-colectiveros_optimized.jpeg","_links":{"self":[{"href":"https:\/\/radiorevelacionfm.cl\/index.php?rest_route=\/wp\/v2\/posts\/59447","targetHints":{"allow":["GET"]}}],"collection":[{"href":"https:\/\/radiorevelacionfm.cl\/index.php?rest_route=\/wp\/v2\/posts"}],"about":[{"href":"https:\/\/radiorevelacionfm.cl\/index.php?rest_route=\/wp\/v2\/types\/post"}],"author":[{"embeddable":true,"href":"https:\/\/radiorevelacionfm.cl\/index.php?rest_route=\/wp\/v2\/users\/1"}],"replies":[{"embeddable":true,"href":"https:\/\/radiorevelacionfm.cl\/index.php?rest_route=%2Fwp%2Fv2%2Fcomments&post=59447"}],"version-history":[{"count":2,"href":"https:\/\/radiorevelacionfm.cl\/index.php?rest_route=\/wp\/v2\/posts\/59447\/revisions"}],"predecessor-version":[{"id":59619,"href":"https:\/\/radiorevelacionfm.cl\/index.php?rest_route=\/wp\/v2\/posts\/59447\/revisions\/59619"}],"wp:featuredmedia":[{"embeddable":true,"href":"https:\/\/radiorevelacionfm.cl\/index.php?rest_route=\/wp\/v2\/media\/59448"}],"wp:attachment":[{"href":"https:\/\/radiorevelacionfm.cl\/index.php?rest_route=%2Fwp%2Fv2%2Fmedia&parent=59447"}],"wp:term":[{"taxonomy":"category","embeddable":true,"href":"https:\/\/radiorevelacionfm.cl\/index.php?rest_route=%2Fwp%2Fv2%2Fcategories&post=59447"},{"taxonomy":"post_tag","embeddable":true,"href":"https:\/\/radiorevelacionfm.cl\/index.php?rest_route=%2Fwp%2Fv2%2Ftags&post=59447"}],"curies":[{"name":"wp","href":"https:\/\/api.w.org\/{rel}","templated":true}]}}