{"id":59444,"date":"2025-09-23T18:01:24","date_gmt":"2025-09-23T21:01:24","guid":{"rendered":"https:\/\/radiorevelacionfm.cl\/?p=59444"},"modified":"2025-09-23T18:01:24","modified_gmt":"2025-09-23T21:01:24","slug":"con-importantes-avances-en-la-materializacion-del-convenio-firmado-entre-el-ssa-y-genchi-continua-el-trabajo-de-la-mesa-mujeres-privadas-de-libertad-embarazadas-y-con-hijos-lactantes-en-coyhaique","status":"publish","type":"post","link":"https:\/\/radiorevelacionfm.cl\/?p=59444","title":{"rendered":"Con importantes avances en la materializaci\u00f3n del convenio firmado entre el SSA y GENCHI: Contin\u00faa el trabajo de la Mesa Mujeres Privadas de Libertad Embarazadas y con Hijos Lactantes en Coyhaique"},"content":{"rendered":"<div class=\"flex_column av_one_full  flex_column_div av-zero-column-padding first  avia-builder-el-0  el_before_av_one_full  avia-builder-el-first  \" style='border-radius:0px; '><div  class='avia-image-container  av-styling-    avia-builder-el-1  avia-builder-el-no-sibling  avia-align-center '  itemprop=\"image\" itemscope=\"itemscope\" itemtype=\"https:\/\/schema.org\/ImageObject\"  ><div class='avia-image-container-inner'><div class='avia-image-overlay-wrap'><img decoding=\"async\" class='wp-image-59445 avia-img-lazy-loading-not-59445 avia_image' src=\"https:\/\/radiorevelacionfm.cl\/wp-content\/uploads\/2025\/09\/reunion-mesa-mujeres-1-1_optimized-1.jpg\" alt='' title='reuni\u00f3n-mesa-mujeres-1-(1)_optimized (1)' height=\"600\" width=\"800\"  itemprop=\"thumbnailUrl\" srcset=\"https:\/\/radiorevelacionfm.cl\/wp-content\/uploads\/2025\/09\/reunion-mesa-mujeres-1-1_optimized-1.jpg 800w, https:\/\/radiorevelacionfm.cl\/wp-content\/uploads\/2025\/09\/reunion-mesa-mujeres-1-1_optimized-1-300x225.jpg 300w, https:\/\/radiorevelacionfm.cl\/wp-content\/uploads\/2025\/09\/reunion-mesa-mujeres-1-1_optimized-1-768x576.jpg 768w, https:\/\/radiorevelacionfm.cl\/wp-content\/uploads\/2025\/09\/reunion-mesa-mujeres-1-1_optimized-1-705x529.jpg 705w, https:\/\/radiorevelacionfm.cl\/wp-content\/uploads\/2025\/09\/reunion-mesa-mujeres-1-1_optimized-1-450x338.jpg 450w, https:\/\/radiorevelacionfm.cl\/wp-content\/uploads\/2025\/09\/reunion-mesa-mujeres-1-1_optimized-1-600x450.jpg 600w\" sizes=\"(max-width: 800px) 100vw, 800px\" \/><\/div><\/div><\/div><\/div><div class=\"flex_column av_one_full  flex_column_div av-zero-column-padding first  avia-builder-el-2  el_after_av_one_full  el_before_av_one_full  column-top-margin\" style='border-radius:0px; '><section class=\"av_textblock_section \"  itemscope=\"itemscope\" itemtype=\"https:\/\/schema.org\/BlogPosting\" itemprop=\"blogPost\" ><div class='avia_textblock  '   itemprop=\"text\" ><p style=\"text-align: center;\"><span style=\"font-size: 18pt;\"><strong><em>Con importantes avances en la materializaci\u00f3n del convenio firmado entre el SSA y GENCHI: <\/em><\/strong><strong>Contin\u00faa el trabajo de la Mesa Mujeres Privadas de Libertad Embarazadas y con Hijos Lactantes en Coyhaique<\/strong><\/span><\/p>\n<div id=\"gtx-trans\" style=\"position: absolute; left: -50px; top: 4.31534px;\">\n<div class=\"gtx-trans-icon\"><\/div>\n<\/div>\n<\/div><\/section><\/div><div class=\"flex_column av_one_full  flex_column_div av-zero-column-padding first  avia-builder-el-4  el_after_av_one_full  el_before_av_hr  column-top-margin\" style='border-radius:0px; '><section class=\"av_textblock_section \"  itemscope=\"itemscope\" itemtype=\"https:\/\/schema.org\/BlogPosting\" itemprop=\"blogPost\" ><div class='avia_textblock  '   itemprop=\"text\" ><p style=\"text-align: justify;\">Este lunes en dependencias de la Secretar\u00eda Regional Ministerial de Justicia y Derechos Humanos se llev\u00f3 a cabo la tercera sesi\u00f3n a\u00f1o 2025 de la Mesa Mujeres Privadas de Libertad Embarazadas y con Hijos Lactantes, instancia que cont\u00f3 con la participaci\u00f3n de diversos servicios p\u00fablicos y que tiene como objetivo poder avanzar en la implementaci\u00f3n del convenio entre el Servicio de Salud Ays\u00e9n y Gendarmer\u00eda de Chile, el que contribuir\u00e1 a entregar mejores condiciones a mujeres privadas de libertad en condici\u00f3n de embarazo o con hijos lactantes menores a 2 a\u00f1os y a su vez a la poblaci\u00f3n penal en general de los recintos penitenciarios de Coyhaique y Puerto Ays\u00e9n.<\/p>\n<p style=\"text-align: justify;\">El seremi de Justicia y Derechos Humanos Samuel Navarro Castro se refiri\u00f3 a este tercer encuentro y a los avances indicando que \u201cse analizaron los avances y alcances del protocolo y convenio firmado entre el Servicio de Salud Ays\u00e9n y Gendarmer\u00eda de Chile b\u00e1sicamente para ver el estado de avance de los protocolos que derivan de este convenio y de las distintas prestaciones, planificaciones y organizaci\u00f3n del trabajo para el segundo semestre de este a\u00f1o en relaci\u00f3n a las acciones de salud, tanto preventivas como de otra naturaleza que se realizan a los usuarios del sistema penitenciario, particularmente mujeres, mujeres embarazadas y\/o con hijos lactantes\u201d.<\/p>\n<p style=\"text-align: justify;\">La autoridad regional destac\u00f3 tambi\u00e9n que \u201clas acciones de salud adem\u00e1s se expanden a toda la poblaci\u00f3n penal tanto hombres como mujeres de los principales centros penitenciarios, en esta oportunidad se abordaron tambi\u00e9n algunos aspectos que tienen que ver con las condiciones de la secci\u00f3n materno\/infantil con la necesidad de poder desarrollar procesos de estimulaci\u00f3n temprana para los ni\u00f1os\/ni\u00f1as que puedan estar con sus madres en los centros penitenciarios, y tambi\u00e9n lo que dice relaci\u00f3n con el tema de la inmunizaci\u00f3n, las vacunas que corresponden de acuerdo a los grupos etarios y las morbilidades del programa de salud, estamos muy contentos y esperamos seguir avanzando no solamente en Coyhaique en estas acciones de salud para asegurar ese derecho a las personas privadas de libertad, sino tambi\u00e9n en Ays\u00e9n y continuaremos fortaleciendo este trabajo conjunto intersectorial, interinstitucional que nos permite garantizar el derecho de la salud, particularmente a las mujeres privadas de libertad, pero en general a la poblaci\u00f3n penal que est\u00e1 bajo custodia de Gendarmer\u00eda de Chile\u201d.<\/p>\n<p style=\"text-align: justify;\">Finalmente, Samuel Navarro destac\u00f3 el trabajo de todas las instituciones que hoy son parte de este trabajo conjunto, tales como el Servicio de Salud Ays\u00e9n, Gendarmer\u00eda de Chile, seremi de Salud, seremi de la Mujer y Equidad de G\u00e9nero, Defensor\u00eda Penal P\u00fablica, y el Instituto Nacional de Derechos Humanos.<\/p>\n<\/div><\/section><\/div><div  style='height:50px' class='hr hr-invisible   avia-builder-el-6  el_after_av_one_full  el_before_av_social_share '><span class='hr-inner ' ><span class='hr-inner-style'><\/span><\/span><\/div><\/p>\n<div  class='av-social-sharing-box  avia-builder-el-7  el_after_av_hr  el_before_av_hr  '><div class='av-share-box'><h5 class='av-share-link-description av-no-toc '>Compartir esta noticia<\/h5><ul class='av-share-box-list noLightbox'><li class='av-share-link av-social-link-facebook' ><a target=\"_blank\" aria-label=\"Compartir en Facebook\" href='https:\/\/www.facebook.com\/sharer.php?u=https:\/\/radiorevelacionfm.cl\/?p=59444&#038;t=Con%20importantes%20avances%20en%20la%20materializaci%C3%B3n%20del%20convenio%20firmado%20entre%20el%20SSA%20y%20GENCHI%3A%20Contin%C3%BAa%20el%20trabajo%20de%20la%20Mesa%20Mujeres%20Privadas%20de%20Libertad%20Embarazadas%20y%20con%20Hijos%20Lactantes%20en%20Coyhaique' aria-hidden='false' data-av_icon='\ue8f3' data-av_iconfont='entypo-fontello' title='' data-avia-related-tooltip='Compartir en Facebook' rel=\"noopener\"><span class='avia_hidden_link_text'>Compartir en Facebook<\/span><\/a><\/li><li class='av-share-link av-social-link-twitter' ><a target=\"_blank\" aria-label=\"Compartir en Twitter\" href='https:\/\/twitter.com\/share?text=Con%20importantes%20avances%20en%20la%20materializaci%C3%B3n%20del%20convenio%20firmado%20entre%20el%20SSA%20y%20GENCHI%3A%20Contin%C3%BAa%20el%20trabajo%20de%20la%20Mesa%20Mujeres%20Privadas%20de%20Libertad%20Embarazadas%20y%20con%20Hijos%20Lactantes%20en%20Coyhaique&#038;url=https:\/\/radiorevelacionfm.cl\/?p=59444' aria-hidden='false' data-av_icon='\ue8f1' data-av_iconfont='entypo-fontello' title='' data-avia-related-tooltip='Compartir en Twitter' rel=\"noopener\"><span class='avia_hidden_link_text'>Compartir en Twitter<\/span><\/a><\/li><li class='av-share-link av-social-link-whatsapp' ><a target=\"_blank\" aria-label=\"Compartir en Whatsapp\" href='https:\/\/api.whatsapp.com\/send?text=https:\/\/radiorevelacionfm.cl\/?p=59444' aria-hidden='false' data-av_icon='\uf232' data-av_iconfont='entypo-fontello' title='' data-avia-related-tooltip='Compartir en Whatsapp' rel=\"noopener\"><span class='avia_hidden_link_text'>Compartir en Whatsapp<\/span><\/a><\/li><li class='av-share-link av-social-link-linkedin' ><a target=\"_blank\" aria-label=\"Compartir en LinkedIn\" href='https:\/\/linkedin.com\/shareArticle?mini=true&#038;title=Con%20importantes%20avances%20en%20la%20materializaci%C3%B3n%20del%20convenio%20firmado%20entre%20el%20SSA%20y%20GENCHI%3A%20Contin%C3%BAa%20el%20trabajo%20de%20la%20Mesa%20Mujeres%20Privadas%20de%20Libertad%20Embarazadas%20y%20con%20Hijos%20Lactantes%20en%20Coyhaique&#038;url=https:\/\/radiorevelacionfm.cl\/?p=59444' aria-hidden='false' data-av_icon='\ue8fc' data-av_iconfont='entypo-fontello' title='' data-avia-related-tooltip='Compartir en LinkedIn' rel=\"noopener\"><span class='avia_hidden_link_text'>Compartir en LinkedIn<\/span><\/a><\/li><li class='av-share-link av-social-link-mail' ><a  aria-label=\"Compartir por correo\" href='mailto:?subject=Con%20importantes%20avances%20en%20la%20materializaci%C3%B3n%20del%20convenio%20firmado%20entre%20el%20SSA%20y%20GENCHI%3A%20Contin%C3%BAa%20el%20trabajo%20de%20la%20Mesa%20Mujeres%20Privadas%20de%20Libertad%20Embarazadas%20y%20con%20Hijos%20Lactantes%20en%20Coyhaique&#038;body=https:\/\/radiorevelacionfm.cl\/?p=59444' aria-hidden='false' data-av_icon='\ue805' data-av_iconfont='entypo-fontello' title='' data-avia-related-tooltip='Compartir por correo'><span class='avia_hidden_link_text'>Compartir por correo<\/span><\/a><\/li><\/ul><\/div><\/div>\n<div  style='height:50px' class='hr hr-invisible   avia-builder-el-8  el_after_av_social_share  el_before_av_comments_list '><span class='hr-inner ' ><span class='hr-inner-style'><\/span><\/span><\/div>\n<div  class='av-buildercomment  av-blog-meta-html-info-disabled av-blog-meta-tag-disabled  '><\/div>\n","protected":false},"excerpt":{"rendered":"","protected":false},"author":1,"featured_media":59445,"comment_status":"closed","ping_status":"closed","sticky":false,"template":"","format":"standard","meta":{"footnotes":""},"categories":[55],"tags":[],"class_list":["post-59444","post","type-post","status-publish","format-standard","has-post-thumbnail","hentry","category-justicia"],"jetpack_featured_media_url":"https:\/\/radiorevelacionfm.cl\/wp-content\/uploads\/2025\/09\/reunion-mesa-mujeres-1-1_optimized-1.jpg","_links":{"self":[{"href":"https:\/\/radiorevelacionfm.cl\/index.php?rest_route=\/wp\/v2\/posts\/59444","targetHints":{"allow":["GET"]}}],"collection":[{"href":"https:\/\/radiorevelacionfm.cl\/index.php?rest_route=\/wp\/v2\/posts"}],"about":[{"href":"https:\/\/radiorevelacionfm.cl\/index.php?rest_route=\/wp\/v2\/types\/post"}],"author":[{"embeddable":true,"href":"https:\/\/radiorevelacionfm.cl\/index.php?rest_route=\/wp\/v2\/users\/1"}],"replies":[{"embeddable":true,"href":"https:\/\/radiorevelacionfm.cl\/index.php?rest_route=%2Fwp%2Fv2%2Fcomments&post=59444"}],"version-history":[{"count":2,"href":"https:\/\/radiorevelacionfm.cl\/index.php?rest_route=\/wp\/v2\/posts\/59444\/revisions"}],"predecessor-version":[{"id":59450,"href":"https:\/\/radiorevelacionfm.cl\/index.php?rest_route=\/wp\/v2\/posts\/59444\/revisions\/59450"}],"wp:featuredmedia":[{"embeddable":true,"href":"https:\/\/radiorevelacionfm.cl\/index.php?rest_route=\/wp\/v2\/media\/59445"}],"wp:attachment":[{"href":"https:\/\/radiorevelacionfm.cl\/index.php?rest_route=%2Fwp%2Fv2%2Fmedia&parent=59444"}],"wp:term":[{"taxonomy":"category","embeddable":true,"href":"https:\/\/radiorevelacionfm.cl\/index.php?rest_route=%2Fwp%2Fv2%2Fcategories&post=59444"},{"taxonomy":"post_tag","embeddable":true,"href":"https:\/\/radiorevelacionfm.cl\/index.php?rest_route=%2Fwp%2Fv2%2Ftags&post=59444"}],"curies":[{"name":"wp","href":"https:\/\/api.w.org\/{rel}","templated":true}]}}