{"id":59440,"date":"2025-09-24T10:00:09","date_gmt":"2025-09-24T13:00:09","guid":{"rendered":"https:\/\/radiorevelacionfm.cl\/?p=59440"},"modified":"2025-09-24T10:00:09","modified_gmt":"2025-09-24T13:00:09","slug":"invitan-a-la-inauguracion-del-primer-encuentro-interregional-de-fotografia-analoga-de-aysen-eifaa-2025","status":"publish","type":"post","link":"https:\/\/radiorevelacionfm.cl\/?p=59440","title":{"rendered":"Invitan a la inauguraci\u00f3n del Primer Encuentro Interregional de Fotograf\u00eda An\u00e1loga de Ays\u00e9n \u2013 EIFAA 2025"},"content":{"rendered":"<div class=\"flex_column av_one_full  flex_column_div av-zero-column-padding first  avia-builder-el-0  el_before_av_one_full  avia-builder-el-first  \" style='border-radius:0px; '><div  class='avia-image-container  av-styling-    avia-builder-el-1  avia-builder-el-no-sibling  avia-align-center '  itemprop=\"image\" itemscope=\"itemscope\" itemtype=\"https:\/\/schema.org\/ImageObject\"  ><div class='avia-image-container-inner'><div class='avia-image-overlay-wrap'><img decoding=\"async\" class='wp-image-59441 avia-img-lazy-loading-not-59441 avia_image' src=\"https:\/\/radiorevelacionfm.cl\/wp-content\/uploads\/2025\/09\/chi1786-1_optimized.jpg\" alt='' title='_chi1786-(1)_optimized' height=\"600\" width=\"900\"  itemprop=\"thumbnailUrl\" srcset=\"https:\/\/radiorevelacionfm.cl\/wp-content\/uploads\/2025\/09\/chi1786-1_optimized.jpg 900w, https:\/\/radiorevelacionfm.cl\/wp-content\/uploads\/2025\/09\/chi1786-1_optimized-300x200.jpg 300w, https:\/\/radiorevelacionfm.cl\/wp-content\/uploads\/2025\/09\/chi1786-1_optimized-768x512.jpg 768w, https:\/\/radiorevelacionfm.cl\/wp-content\/uploads\/2025\/09\/chi1786-1_optimized-705x470.jpg 705w, https:\/\/radiorevelacionfm.cl\/wp-content\/uploads\/2025\/09\/chi1786-1_optimized-450x300.jpg 450w, https:\/\/radiorevelacionfm.cl\/wp-content\/uploads\/2025\/09\/chi1786-1_optimized-600x400.jpg 600w\" sizes=\"(max-width: 900px) 100vw, 900px\" \/><\/div><\/div><\/div><\/div><div class=\"flex_column av_one_full  flex_column_div av-zero-column-padding first  avia-builder-el-2  el_after_av_one_full  el_before_av_one_full  column-top-margin\" style='border-radius:0px; '><section class=\"av_textblock_section \"  itemscope=\"itemscope\" itemtype=\"https:\/\/schema.org\/BlogPosting\" itemprop=\"blogPost\" ><div class='avia_textblock  '   itemprop=\"text\" ><p style=\"text-align: center;\"><strong><span style=\"font-size: 18pt;\">Invitan a la inauguraci\u00f3n del Primer Encuentro Interregional de Fotograf\u00eda An\u00e1loga de Ays\u00e9n \u2013 EIFAA 2025<\/span><\/strong><\/p>\n<div id=\"gtx-trans\" style=\"position: absolute; left: -50px; top: 4.31534px;\">\n<div class=\"gtx-trans-icon\"><\/div>\n<\/div>\n<\/div><\/section><\/div><div class=\"flex_column av_one_full  flex_column_div av-zero-column-padding first  avia-builder-el-4  el_after_av_one_full  el_before_av_hr  column-top-margin\" style='border-radius:0px; '><section class=\"av_textblock_section \"  itemscope=\"itemscope\" itemtype=\"https:\/\/schema.org\/BlogPosting\" itemprop=\"blogPost\" ><div class='avia_textblock  '   itemprop=\"text\" ><p style=\"text-align: justify;\">El Laboratorio Fotogr\u00e1fico Comunitario LAFOCO tiene el agrado de invitar a la comunidad a la inauguraci\u00f3n del Primer Encuentro Interregional de Fotograf\u00eda An\u00e1loga de Ays\u00e9n \u2013 EIFAA 2025, que se llevar\u00e1 a cabo el d\u00eda jueves 25 de septiembre a las 19:00 horas, en el hall del segundo piso del Centro Cultural de Coyhaique.<\/p>\n<p style=\"text-align: justify;\">La jornada inaugural contempla un conversatorio sobre el oficio y el arte de la fotograf\u00eda an\u00e1loga, instancia de di\u00e1logo comunitario con la participaci\u00f3n de Leonora Vicu\u00f1a \u2013fot\u00f3grafa invitada de honor\u2013 junto a Javier C\u00e1rcamo (fot\u00f3grafo hist\u00f3rico de la Regi\u00f3n de Ays\u00e9n) y Sebasti\u00e1n Saavedra (Antrop\u00f3logo). Adem\u00e1s, se dar\u00e1 inicio a la exposici\u00f3n de la destacada fot\u00f3grafa nacional Leonora Vicu\u00f1a, reconocida por su trabajo autoral y su aporte a la memoria visual del pa\u00eds.<\/p>\n<p style=\"text-align: justify;\">Sobre la importancia de este evento, el director de EIFA Ays\u00e9n, Felipe Soza, se\u00f1al\u00f3:<br \/>\n<em>\u201cEste primer encuentro busca abrir un espacio de di\u00e1logo e intercambio en torno a la fotograf\u00eda an\u00e1loga en el sur austral, revalorizando sus procesos artesanales, su fuerza expresiva y su aporte a la memoria cultural de nuestras comunidades. Queremos que sea un punto de encuentro entre artistas, fot\u00f3grafos, investigadores y vecinos de Ays\u00e9n en torno a esta pr\u00e1ctica que sigue viva y en constante transformaci\u00f3n.\u201d<\/em><\/p>\n<p style=\"text-align: justify;\">Por su parte, la coordinadora del encuentro, Ioana Radu, destac\u00f3:<br \/>\n<em>\u201cEIFA 2025 es tambi\u00e9n una invitaci\u00f3n a experimentar y aprender en comunidad. Creemos que la fotograf\u00eda an\u00e1loga ofrece un ritmo distinto, una forma de mirar y de vincularse con el entorno que necesitamos recuperar. Nuestro prop\u00f3sito es que cada actividad, desde los talleres hasta las exposiciones, sea una oportunidad de encuentro creativo y afectivo.\u201d<\/em><\/p>\n<p style=\"text-align: justify;\">El encuentro se extender\u00e1 hasta el 28 de septiembre e incluir\u00e1 una variada programaci\u00f3n con talleres de revelado, conservaci\u00f3n de archivos familiares, muestras fotogr\u00e1ficas, visionados y master class, con actividades abiertas y gratuitas en distintos espacios de Coyhaique.<\/p>\n<p style=\"text-align: justify;\">El EIFAA 2025 busca abrir un espacio de encuentro en el sur austral para reflexionar, dialogar y practicar la fotograf\u00eda anal\u00f3gica como oficio, arte y memoria viva.<\/p>\n<p style=\"text-align: justify;\">Toda la programaci\u00f3n est\u00e1 disponible en Instagram\u00a0 @EIFAA_2025<\/p>\n<p style=\"text-align: justify;\">Proyecto financiado por el Fondo Nacional de Desarrollo Cultural y las Artes, convocatoria 2025 del Ministerio de las Culturas, las Artes y el Patrimonio, a trav\u00e9s de la l\u00ednea de Organizaci\u00f3n de Muestras, Ferias y Encuentros Regionales.<\/p>\n<p style=\"text-align: justify;\">Organiza: Laboratorio Fotogr\u00e1fico Comunitario @lafoco_coyhaique<\/p>\n<p style=\"text-align: justify;\">Apoyan: Municipalidad de Coyhaique, Centro Cultural Coyhaique, Museo Regional de Ays\u00e9n, Biblioteca Regional de Ays\u00e9n, Feria las Quintas de Coyhaique, Escuela V\u00edctor Domingo Silva, Ays\u00e9n Patrimonio Fotogr\u00e1fico, Red de Artista Visuales de Ays\u00e9n, Malotun Ortiga, Cicleayque.<\/p>\n<\/div><\/section><\/div><div  style='height:50px' class='hr hr-invisible   avia-builder-el-6  el_after_av_one_full  el_before_av_social_share '><span class='hr-inner ' ><span class='hr-inner-style'><\/span><\/span><\/div><\/p>\n<div  class='av-social-sharing-box  avia-builder-el-7  el_after_av_hr  el_before_av_hr  '><div class='av-share-box'><h5 class='av-share-link-description av-no-toc '>Compartir esta noticia<\/h5><ul class='av-share-box-list noLightbox'><li class='av-share-link av-social-link-facebook' ><a target=\"_blank\" aria-label=\"Compartir en Facebook\" href='https:\/\/www.facebook.com\/sharer.php?u=https:\/\/radiorevelacionfm.cl\/?p=59440&#038;t=Invitan%20a%20la%20inauguraci%C3%B3n%20del%20Primer%20Encuentro%20Interregional%20de%20Fotograf%C3%ADa%20An%C3%A1loga%20de%20Ays%C3%A9n%20%E2%80%93%20EIFAA%202025' aria-hidden='false' data-av_icon='\ue8f3' data-av_iconfont='entypo-fontello' title='' data-avia-related-tooltip='Compartir en Facebook' rel=\"noopener\"><span class='avia_hidden_link_text'>Compartir en Facebook<\/span><\/a><\/li><li class='av-share-link av-social-link-twitter' ><a target=\"_blank\" aria-label=\"Compartir en Twitter\" href='https:\/\/twitter.com\/share?text=Invitan%20a%20la%20inauguraci%C3%B3n%20del%20Primer%20Encuentro%20Interregional%20de%20Fotograf%C3%ADa%20An%C3%A1loga%20de%20Ays%C3%A9n%20%E2%80%93%20EIFAA%202025&#038;url=https:\/\/radiorevelacionfm.cl\/?p=59440' aria-hidden='false' data-av_icon='\ue8f1' data-av_iconfont='entypo-fontello' title='' data-avia-related-tooltip='Compartir en Twitter' rel=\"noopener\"><span class='avia_hidden_link_text'>Compartir en Twitter<\/span><\/a><\/li><li class='av-share-link av-social-link-whatsapp' ><a target=\"_blank\" aria-label=\"Compartir en Whatsapp\" href='https:\/\/api.whatsapp.com\/send?text=https:\/\/radiorevelacionfm.cl\/?p=59440' aria-hidden='false' data-av_icon='\uf232' data-av_iconfont='entypo-fontello' title='' data-avia-related-tooltip='Compartir en Whatsapp' rel=\"noopener\"><span class='avia_hidden_link_text'>Compartir en Whatsapp<\/span><\/a><\/li><li class='av-share-link av-social-link-linkedin' ><a target=\"_blank\" aria-label=\"Compartir en LinkedIn\" href='https:\/\/linkedin.com\/shareArticle?mini=true&#038;title=Invitan%20a%20la%20inauguraci%C3%B3n%20del%20Primer%20Encuentro%20Interregional%20de%20Fotograf%C3%ADa%20An%C3%A1loga%20de%20Ays%C3%A9n%20%E2%80%93%20EIFAA%202025&#038;url=https:\/\/radiorevelacionfm.cl\/?p=59440' aria-hidden='false' data-av_icon='\ue8fc' data-av_iconfont='entypo-fontello' title='' data-avia-related-tooltip='Compartir en LinkedIn' rel=\"noopener\"><span class='avia_hidden_link_text'>Compartir en LinkedIn<\/span><\/a><\/li><li class='av-share-link av-social-link-mail' ><a  aria-label=\"Compartir por correo\" href='mailto:?subject=Invitan%20a%20la%20inauguraci%C3%B3n%20del%20Primer%20Encuentro%20Interregional%20de%20Fotograf%C3%ADa%20An%C3%A1loga%20de%20Ays%C3%A9n%20%E2%80%93%20EIFAA%202025&#038;body=https:\/\/radiorevelacionfm.cl\/?p=59440' aria-hidden='false' data-av_icon='\ue805' data-av_iconfont='entypo-fontello' title='' data-avia-related-tooltip='Compartir por correo'><span class='avia_hidden_link_text'>Compartir por correo<\/span><\/a><\/li><\/ul><\/div><\/div>\n<div  style='height:50px' class='hr hr-invisible   avia-builder-el-8  el_after_av_social_share  el_before_av_comments_list '><span class='hr-inner ' ><span class='hr-inner-style'><\/span><\/span><\/div>\n<div  class='av-buildercomment  av-blog-meta-html-info-disabled av-blog-meta-tag-disabled  '><\/div>\n","protected":false},"excerpt":{"rendered":"","protected":false},"author":1,"featured_media":59441,"comment_status":"closed","ping_status":"closed","sticky":false,"template":"","format":"standard","meta":{"footnotes":""},"categories":[52],"tags":[],"class_list":["post-59440","post","type-post","status-publish","format-standard","has-post-thumbnail","hentry","category-cultura"],"jetpack_featured_media_url":"https:\/\/radiorevelacionfm.cl\/wp-content\/uploads\/2025\/09\/chi1786-1_optimized.jpg","_links":{"self":[{"href":"https:\/\/radiorevelacionfm.cl\/index.php?rest_route=\/wp\/v2\/posts\/59440","targetHints":{"allow":["GET"]}}],"collection":[{"href":"https:\/\/radiorevelacionfm.cl\/index.php?rest_route=\/wp\/v2\/posts"}],"about":[{"href":"https:\/\/radiorevelacionfm.cl\/index.php?rest_route=\/wp\/v2\/types\/post"}],"author":[{"embeddable":true,"href":"https:\/\/radiorevelacionfm.cl\/index.php?rest_route=\/wp\/v2\/users\/1"}],"replies":[{"embeddable":true,"href":"https:\/\/radiorevelacionfm.cl\/index.php?rest_route=%2Fwp%2Fv2%2Fcomments&post=59440"}],"version-history":[{"count":2,"href":"https:\/\/radiorevelacionfm.cl\/index.php?rest_route=\/wp\/v2\/posts\/59440\/revisions"}],"predecessor-version":[{"id":59457,"href":"https:\/\/radiorevelacionfm.cl\/index.php?rest_route=\/wp\/v2\/posts\/59440\/revisions\/59457"}],"wp:featuredmedia":[{"embeddable":true,"href":"https:\/\/radiorevelacionfm.cl\/index.php?rest_route=\/wp\/v2\/media\/59441"}],"wp:attachment":[{"href":"https:\/\/radiorevelacionfm.cl\/index.php?rest_route=%2Fwp%2Fv2%2Fmedia&parent=59440"}],"wp:term":[{"taxonomy":"category","embeddable":true,"href":"https:\/\/radiorevelacionfm.cl\/index.php?rest_route=%2Fwp%2Fv2%2Fcategories&post=59440"},{"taxonomy":"post_tag","embeddable":true,"href":"https:\/\/radiorevelacionfm.cl\/index.php?rest_route=%2Fwp%2Fv2%2Ftags&post=59440"}],"curies":[{"name":"wp","href":"https:\/\/api.w.org\/{rel}","templated":true}]}}