{"id":59434,"date":"2025-09-24T17:16:31","date_gmt":"2025-09-24T20:16:31","guid":{"rendered":"https:\/\/radiorevelacionfm.cl\/?p=59434"},"modified":"2025-09-24T17:16:31","modified_gmt":"2025-09-24T20:16:31","slug":"segun-cifras-del-pib-region-de-aysen-anota-doce-meses-con-fuerte-crecimiento-economico","status":"publish","type":"post","link":"https:\/\/radiorevelacionfm.cl\/?p=59434","title":{"rendered":"Seg\u00fan cifras del PIB, Regi\u00f3n de Ays\u00e9n anota doce meses con fuerte crecimiento econ\u00f3mico"},"content":{"rendered":"<div class=\"flex_column av_one_full  flex_column_div av-zero-column-padding first  avia-builder-el-0  el_before_av_one_full  avia-builder-el-first  \" style='border-radius:0px; '><div  class='avia-image-container  av-styling-    avia-builder-el-1  avia-builder-el-no-sibling  avia-align-center '  itemprop=\"image\" itemscope=\"itemscope\" itemtype=\"https:\/\/schema.org\/ImageObject\"  ><div class='avia-image-container-inner'><div class='avia-image-overlay-wrap'><img decoding=\"async\" class='wp-image-59435 avia-img-lazy-loading-not-59435 avia_image' src=\"https:\/\/radiorevelacionfm.cl\/wp-content\/uploads\/2025\/09\/pib-regional-construccioin-viviendas-coyhaique-1-1_optimized-1.jpg\" alt='' title='pib-regional-construccio\u00ecn-viviendas-coyhaique-(1)-(1)_optimized (1)' height=\"600\" width=\"1174\"  itemprop=\"thumbnailUrl\" srcset=\"https:\/\/radiorevelacionfm.cl\/wp-content\/uploads\/2025\/09\/pib-regional-construccioin-viviendas-coyhaique-1-1_optimized-1.jpg 1174w, https:\/\/radiorevelacionfm.cl\/wp-content\/uploads\/2025\/09\/pib-regional-construccioin-viviendas-coyhaique-1-1_optimized-1-300x153.jpg 300w, https:\/\/radiorevelacionfm.cl\/wp-content\/uploads\/2025\/09\/pib-regional-construccioin-viviendas-coyhaique-1-1_optimized-1-1030x526.jpg 1030w, https:\/\/radiorevelacionfm.cl\/wp-content\/uploads\/2025\/09\/pib-regional-construccioin-viviendas-coyhaique-1-1_optimized-1-768x393.jpg 768w, https:\/\/radiorevelacionfm.cl\/wp-content\/uploads\/2025\/09\/pib-regional-construccioin-viviendas-coyhaique-1-1_optimized-1-705x360.jpg 705w, https:\/\/radiorevelacionfm.cl\/wp-content\/uploads\/2025\/09\/pib-regional-construccioin-viviendas-coyhaique-1-1_optimized-1-450x230.jpg 450w, https:\/\/radiorevelacionfm.cl\/wp-content\/uploads\/2025\/09\/pib-regional-construccioin-viviendas-coyhaique-1-1_optimized-1-600x307.jpg 600w\" sizes=\"(max-width: 1174px) 100vw, 1174px\" \/><\/div><\/div><\/div><\/div><div class=\"flex_column av_one_full  flex_column_div av-zero-column-padding first  avia-builder-el-2  el_after_av_one_full  el_before_av_one_full  column-top-margin\" style='border-radius:0px; '><section class=\"av_textblock_section \"  itemscope=\"itemscope\" itemtype=\"https:\/\/schema.org\/BlogPosting\" itemprop=\"blogPost\" ><div class='avia_textblock  '   itemprop=\"text\" ><p style=\"text-align: center;\"><span style=\"font-size: 18pt;\"><strong>Seg\u00fan cifras del PIB, Regi\u00f3n de Ays\u00e9n anota doce meses con fuerte crecimiento econ\u00f3mico<\/strong><\/span><\/p>\n<div id=\"gtx-trans\" style=\"position: absolute; left: -50px; top: 4.31534px;\">\n<div class=\"gtx-trans-icon\"><\/div>\n<\/div>\n<\/div><\/section><\/div><div class=\"flex_column av_one_full  flex_column_div av-zero-column-padding first  avia-builder-el-4  el_after_av_one_full  el_before_av_hr  column-top-margin\" style='border-radius:0px; '><section class=\"av_textblock_section \"  itemscope=\"itemscope\" itemtype=\"https:\/\/schema.org\/BlogPosting\" itemprop=\"blogPost\" ><div class='avia_textblock  '   itemprop=\"text\" ><p style=\"text-align: justify;\"><em>El Producto Interno Bruto (PIB) se define como el valor total de la producci\u00f3n de bienes y servicios de una econom\u00eda, para un per\u00edodo determinado. De este modo, el PIB es uno de los principales indicadores de la actividad econ\u00f3mica de un pa\u00eds, y se produce, t\u00edpicamente, en frecuencia trimestral<\/em><em>.<\/em><\/p>\n<p style=\"text-align: justify;\">En este contexto el Banco Central present\u00f3 las cifras correspondientes al segundo trimestre 2025, el que comprende abril-junio donde nuestra regi\u00f3n, present\u00f3 un crecimiento de 8,9, cifra que posiciona a la Regi\u00f3n de Ays\u00e9n en el segundo lugar a nivel pa\u00eds en crecimiento econ\u00f3mico. Estos positivos resultados para Ays\u00e9n, est\u00e1n incididos fuertemente por el sector acu\u00edcola. Tambi\u00e9n destaca la construcci\u00f3n mediante la cuantiosa inversi\u00f3n p\u00fablica y proyectos privados y el sector vivienda, impulsado fuertemente por las grandes obras que actualmente est\u00e1n en desarrollo en nuestra regi\u00f3n.<\/p>\n<p style=\"text-align: justify;\">El Seremi de Econom\u00eda, Fomento y Turismo de la Regi\u00f3n de Ays\u00e9n Felipe Rojas Pizarro, puso sobre relieve la importancia de estas cifras proporcionadas por el Banco Central, indicando que la econom\u00eda territorial es hoy robusta y presenta positivas expectativas para lo venidero, esto gracias a un trabajo constante y articulado desde el Estado y el mundo privado; <em>\u201cEl Banco Central public\u00f3 las cifras de crecimiento para cada una de las regiones de nuestro pa\u00eds. En este contexto, Ays\u00e9n destaca como la segunda regi\u00f3n con mayor crecimiento en Chile, con un 8,9%. Con esto completamos un a\u00f1o de crecimiento en cada uno de los trimestres, destacando principalmente los sectores tales como; acuicultura, pero tambi\u00e9n podemos destacar construcci\u00f3n, comercio y turismo. Esto da cuenta de un trabajo que como Gobierno estamos haciendo para el crecimiento econ\u00f3mico y para el mayor bienestar de las familias de nuestra regi\u00f3n\u201d.<\/em><\/p>\n<p style=\"text-align: justify;\">Por su parte el Delegado Presidencial Regional, Jorge D\u00edaz Guzm\u00e1n se refiri\u00f3 a estas cifras y relev\u00f3 el trabajo sostenido, el que ha tenido positivos frutos por ejemplo en la tasa de desempleo, que es la m\u00e1s baja del pa\u00eds; <em>\u201cEstamos muy contentos como Gobierno, porque nuevamente el trimestre ha generado n\u00famero azules; un 8,9% de crecimiento para la Regi\u00f3n de Ays\u00e9n es una gran noticia y que nos llena de optimismo y adem\u00e1s nos incentiva a seguir trabajando en esa direcci\u00f3n, como as\u00ed tambi\u00e9n relevar que esto ha sido una secuencia de un a\u00f1o de crecimiento consecutivo para la regi\u00f3n, y tenemos tambi\u00e9n el indicador de desempleo m\u00e1s bajo del pa\u00eds, y esas son muy buenas noticias para nuestra gente\u201d.<\/em><\/p>\n<p style=\"text-align: justify;\">El alto desarrollo econ\u00f3mico de Ays\u00e9n se explica mayoritariamente por el desempe\u00f1o de la industria acu\u00edcola y en este contexto Fernando Camiruaga, representante de Salm\u00f3n Chile AG, se refiri\u00f3 a la importancia de estas cifras: <em>\u201cEstamos muy felices de haber recibido la noticia por parte del Banco Central sobre el crecimiento de la Regi\u00f3n de Ays\u00e9n y particularmente de que este desarrollo, vaya de la mano con la acuicultura. Creemos que son buenas noticias, ya que son n\u00fameros que no se quedan solamente en una cifra, sino que tambi\u00e9n se traduce en hogares, en bienestar y en familias de la regi\u00f3n las que tienen mejores condiciones para vivir y tambi\u00e9n en un comercio que se reactiva de la mano esto\u201d.<\/em><\/p>\n<p style=\"text-align: justify;\">Finalmente y anexo a lo anterior se registraron incrementos en los servicios personales y empresariales. La miner\u00eda compens\u00f3 en parte los resultados anteriores. El consumo de los hogares, en tanto, registr\u00f3 un alza de 1,5%, que fue incidida, principalmente, por los servicios, en particular los servicios personales y restaurantes y hoteles. En menor medida, el vestuario y los productos farmac\u00e9uticos explicaron el aporte del gasto en bienes no durables.<\/p>\n<\/div><\/section><\/div><div  style='height:50px' class='hr hr-invisible   avia-builder-el-6  el_after_av_one_full  el_before_av_social_share '><span class='hr-inner ' ><span class='hr-inner-style'><\/span><\/span><\/div><\/p>\n<div  class='av-social-sharing-box  avia-builder-el-7  el_after_av_hr  el_before_av_hr  '><div class='av-share-box'><h5 class='av-share-link-description av-no-toc '>Compartir esta noticia<\/h5><ul class='av-share-box-list noLightbox'><li class='av-share-link av-social-link-facebook' ><a target=\"_blank\" aria-label=\"Compartir en Facebook\" href='https:\/\/www.facebook.com\/sharer.php?u=https:\/\/radiorevelacionfm.cl\/?p=59434&#038;t=Seg%C3%BAn%20cifras%20del%20PIB%2C%20Regi%C3%B3n%20de%20Ays%C3%A9n%20anota%20doce%20meses%20con%20fuerte%20crecimiento%20econ%C3%B3mico' aria-hidden='false' data-av_icon='\ue8f3' data-av_iconfont='entypo-fontello' title='' data-avia-related-tooltip='Compartir en Facebook' rel=\"noopener\"><span class='avia_hidden_link_text'>Compartir en Facebook<\/span><\/a><\/li><li class='av-share-link av-social-link-twitter' ><a target=\"_blank\" aria-label=\"Compartir en Twitter\" href='https:\/\/twitter.com\/share?text=Seg%C3%BAn%20cifras%20del%20PIB%2C%20Regi%C3%B3n%20de%20Ays%C3%A9n%20anota%20doce%20meses%20con%20fuerte%20crecimiento%20econ%C3%B3mico&#038;url=https:\/\/radiorevelacionfm.cl\/?p=59434' aria-hidden='false' data-av_icon='\ue8f1' data-av_iconfont='entypo-fontello' title='' data-avia-related-tooltip='Compartir en Twitter' rel=\"noopener\"><span class='avia_hidden_link_text'>Compartir en Twitter<\/span><\/a><\/li><li class='av-share-link av-social-link-whatsapp' ><a target=\"_blank\" aria-label=\"Compartir en Whatsapp\" href='https:\/\/api.whatsapp.com\/send?text=https:\/\/radiorevelacionfm.cl\/?p=59434' aria-hidden='false' data-av_icon='\uf232' data-av_iconfont='entypo-fontello' title='' data-avia-related-tooltip='Compartir en Whatsapp' rel=\"noopener\"><span class='avia_hidden_link_text'>Compartir en Whatsapp<\/span><\/a><\/li><li class='av-share-link av-social-link-linkedin' ><a target=\"_blank\" aria-label=\"Compartir en LinkedIn\" href='https:\/\/linkedin.com\/shareArticle?mini=true&#038;title=Seg%C3%BAn%20cifras%20del%20PIB%2C%20Regi%C3%B3n%20de%20Ays%C3%A9n%20anota%20doce%20meses%20con%20fuerte%20crecimiento%20econ%C3%B3mico&#038;url=https:\/\/radiorevelacionfm.cl\/?p=59434' aria-hidden='false' data-av_icon='\ue8fc' data-av_iconfont='entypo-fontello' title='' data-avia-related-tooltip='Compartir en LinkedIn' rel=\"noopener\"><span class='avia_hidden_link_text'>Compartir en LinkedIn<\/span><\/a><\/li><li class='av-share-link av-social-link-mail' ><a  aria-label=\"Compartir por correo\" href='mailto:?subject=Seg%C3%BAn%20cifras%20del%20PIB%2C%20Regi%C3%B3n%20de%20Ays%C3%A9n%20anota%20doce%20meses%20con%20fuerte%20crecimiento%20econ%C3%B3mico&#038;body=https:\/\/radiorevelacionfm.cl\/?p=59434' aria-hidden='false' data-av_icon='\ue805' data-av_iconfont='entypo-fontello' title='' data-avia-related-tooltip='Compartir por correo'><span class='avia_hidden_link_text'>Compartir por correo<\/span><\/a><\/li><\/ul><\/div><\/div>\n<div  style='height:50px' class='hr hr-invisible   avia-builder-el-8  el_after_av_social_share  el_before_av_comments_list '><span class='hr-inner ' ><span class='hr-inner-style'><\/span><\/span><\/div>\n<div  class='av-buildercomment  av-blog-meta-html-info-disabled av-blog-meta-tag-disabled  '><\/div>\n","protected":false},"excerpt":{"rendered":"","protected":false},"author":1,"featured_media":59435,"comment_status":"closed","ping_status":"closed","sticky":false,"template":"","format":"standard","meta":{"footnotes":""},"categories":[37],"tags":[],"class_list":["post-59434","post","type-post","status-publish","format-standard","has-post-thumbnail","hentry","category-economia"],"jetpack_featured_media_url":"https:\/\/radiorevelacionfm.cl\/wp-content\/uploads\/2025\/09\/pib-regional-construccioin-viviendas-coyhaique-1-1_optimized-1.jpg","_links":{"self":[{"href":"https:\/\/radiorevelacionfm.cl\/index.php?rest_route=\/wp\/v2\/posts\/59434","targetHints":{"allow":["GET"]}}],"collection":[{"href":"https:\/\/radiorevelacionfm.cl\/index.php?rest_route=\/wp\/v2\/posts"}],"about":[{"href":"https:\/\/radiorevelacionfm.cl\/index.php?rest_route=\/wp\/v2\/types\/post"}],"author":[{"embeddable":true,"href":"https:\/\/radiorevelacionfm.cl\/index.php?rest_route=\/wp\/v2\/users\/1"}],"replies":[{"embeddable":true,"href":"https:\/\/radiorevelacionfm.cl\/index.php?rest_route=%2Fwp%2Fv2%2Fcomments&post=59434"}],"version-history":[{"count":2,"href":"https:\/\/radiorevelacionfm.cl\/index.php?rest_route=\/wp\/v2\/posts\/59434\/revisions"}],"predecessor-version":[{"id":59484,"href":"https:\/\/radiorevelacionfm.cl\/index.php?rest_route=\/wp\/v2\/posts\/59434\/revisions\/59484"}],"wp:featuredmedia":[{"embeddable":true,"href":"https:\/\/radiorevelacionfm.cl\/index.php?rest_route=\/wp\/v2\/media\/59435"}],"wp:attachment":[{"href":"https:\/\/radiorevelacionfm.cl\/index.php?rest_route=%2Fwp%2Fv2%2Fmedia&parent=59434"}],"wp:term":[{"taxonomy":"category","embeddable":true,"href":"https:\/\/radiorevelacionfm.cl\/index.php?rest_route=%2Fwp%2Fv2%2Fcategories&post=59434"},{"taxonomy":"post_tag","embeddable":true,"href":"https:\/\/radiorevelacionfm.cl\/index.php?rest_route=%2Fwp%2Fv2%2Ftags&post=59434"}],"curies":[{"name":"wp","href":"https:\/\/api.w.org\/{rel}","templated":true}]}}