{"id":59430,"date":"2025-09-23T15:26:10","date_gmt":"2025-09-23T18:26:10","guid":{"rendered":"https:\/\/radiorevelacionfm.cl\/?p=59430"},"modified":"2025-09-23T15:26:10","modified_gmt":"2025-09-23T18:26:10","slug":"presidente-de-la-corte-de-coyhaique-se-reunio-con-autoridades-de-la-universidad-de-aysen-por-implementacion-de-futura-carrera-de-derecho","status":"publish","type":"post","link":"https:\/\/radiorevelacionfm.cl\/?p=59430","title":{"rendered":"Presidente de la Corte de Coyhaique se reuni\u00f3 con autoridades de la Universidad de Ays\u00e9n por implementaci\u00f3n de futura carrera de Derecho"},"content":{"rendered":"<div class=\"flex_column av_one_full  flex_column_div av-zero-column-padding first  avia-builder-el-0  el_before_av_one_full  avia-builder-el-first  \" style='border-radius:0px; '><div  class='avia-image-container  av-styling-    avia-builder-el-1  avia-builder-el-no-sibling  avia-align-center '  itemprop=\"image\" itemscope=\"itemscope\" itemtype=\"https:\/\/schema.org\/ImageObject\"  ><div class='avia-image-container-inner'><div class='avia-image-overlay-wrap'><img decoding=\"async\" class='wp-image-59431 avia-img-lazy-loading-not-59431 avia_image' src=\"https:\/\/radiorevelacionfm.cl\/wp-content\/uploads\/2025\/09\/foto-1-uaysen-1_optimized.jpg\" alt='' title='foto-1-uaysen-(1)_optimized' height=\"600\" width=\"1010\"  itemprop=\"thumbnailUrl\" srcset=\"https:\/\/radiorevelacionfm.cl\/wp-content\/uploads\/2025\/09\/foto-1-uaysen-1_optimized.jpg 1010w, https:\/\/radiorevelacionfm.cl\/wp-content\/uploads\/2025\/09\/foto-1-uaysen-1_optimized-300x178.jpg 300w, https:\/\/radiorevelacionfm.cl\/wp-content\/uploads\/2025\/09\/foto-1-uaysen-1_optimized-768x456.jpg 768w, https:\/\/radiorevelacionfm.cl\/wp-content\/uploads\/2025\/09\/foto-1-uaysen-1_optimized-705x419.jpg 705w, https:\/\/radiorevelacionfm.cl\/wp-content\/uploads\/2025\/09\/foto-1-uaysen-1_optimized-450x267.jpg 450w, https:\/\/radiorevelacionfm.cl\/wp-content\/uploads\/2025\/09\/foto-1-uaysen-1_optimized-600x356.jpg 600w\" sizes=\"(max-width: 1010px) 100vw, 1010px\" \/><\/div><\/div><\/div><\/div><div class=\"flex_column av_one_full  flex_column_div av-zero-column-padding first  avia-builder-el-2  el_after_av_one_full  el_before_av_one_full  column-top-margin\" style='border-radius:0px; '><section class=\"av_textblock_section \"  itemscope=\"itemscope\" itemtype=\"https:\/\/schema.org\/BlogPosting\" itemprop=\"blogPost\" ><div class='avia_textblock  '   itemprop=\"text\" ><p style=\"text-align: center;\"><span style=\"font-size: 18pt;\"><b>Presidente de la Corte de Coyhaique se reuni\u00f3 con autoridades de la Universidad de Ays\u00e9n por implementaci\u00f3n de futura carrera de Derecho<\/b><\/span><\/p>\n<div id=\"gtx-trans\" style=\"position: absolute; left: -50px; top: 4.31534px;\">\n<div class=\"gtx-trans-icon\"><\/div>\n<\/div>\n<\/div><\/section><\/div><div class=\"flex_column av_one_full  flex_column_div av-zero-column-padding first  avia-builder-el-4  el_after_av_one_full  el_before_av_hr  column-top-margin\" style='border-radius:0px; '><section class=\"av_textblock_section \"  itemscope=\"itemscope\" itemtype=\"https:\/\/schema.org\/BlogPosting\" itemprop=\"blogPost\" ><div class='avia_textblock  '   itemprop=\"text\" ><p style=\"font-weight: 400; text-align: justify;\">El presidente de la Corte de Apelaciones de Coyhaique, ministro Pedro Castro Espinoza, sostuvo una reuni\u00f3n con Juan Pablo Prieto Cox, administrador provisional de la Universidad de Ays\u00e9n, y Marcos Vega L\u00f3pez, director general acad\u00e9mico, para abordar la implementaci\u00f3n de la carrera de Derecho que comenzar\u00e1 a impartirse en marzo de 2026 en la regi\u00f3n.<\/p>\n<p style=\"font-weight: 400; text-align: justify;\">\u201cHa sido un encuentro sumamente fruct\u00edfero: conversamos sobre la malla curricular, que innova en algunos aspectos vinculados al sello local, particularmente en la formaci\u00f3n de profesionales especializados en legislaci\u00f3n ambiental, lo que constituye un rasgo distintivo de esta regi\u00f3n\u201d, expres\u00f3 el presidente del tribunal de alzada.<\/p>\n<p style=\"font-weight: 400; text-align: justify;\">El ministro agreg\u00f3:\u00a0\u201cNos informaron que ya se licit\u00f3 la contrataci\u00f3n de profesores de reconocida trayectoria nacional, altamente id\u00f3neos para desempe\u00f1arse en tal funci\u00f3n, lo que nos dej\u00f3 muy satisfechos respecto de quienes impartir\u00e1n las distintas materias que comprende el estudio del Derecho\u201d.<\/p>\n<p style=\"font-weight: 400; text-align: justify;\"><strong>Trabajo conjunto entre el Poder Judicial y la Universidad de Ays\u00e9n<\/strong><\/p>\n<p style=\"font-weight: 400; text-align: justify;\">En relaci\u00f3n con futuros convenios entre ambas instituciones, el administrador provisional de la Universidad de Ays\u00e9n, Juan Pablo Prieto Cox, se\u00f1al\u00f3: \u201cVinimos con la intenci\u00f3n de dialogar sobre el desarrollo institucional y, en particular, sobre la apertura de la nueva carrera de Derecho que comenzar\u00e1 a dictarse el pr\u00f3ximo a\u00f1o. Nuestro objetivo es generar un convenio que nos permita fortalecernos mutuamente y ampliar las posibilidades de formaci\u00f3n para los j\u00f3venes, potenciando al mismo tiempo el sistema acad\u00e9mico con el respaldo de nuestros docentes especialistas en diversas materias\u201d.<\/p>\n<p style=\"font-weight: 400; text-align: justify;\">Agreg\u00f3 que: \u201cEsperamos avanzar en una colaboraci\u00f3n estrecha con los actores del sistema de justicia, especialmente con la Corte de Apelaciones. Queremos que nuestros estudiantes participen en un proceso formativo de calidad y, al mismo tiempo, proyectar la oferta acad\u00e9mica hacia la formaci\u00f3n continua, mediante diplomados, cursos, conferencias y actividades de inter\u00e9s mutuo. Asimismo, aspiramos a que en el futuro los ministros y ministras puedan incorporarse como docentes y acompa\u00f1arnos en la formaci\u00f3n de nuestros estudiantes\u201d.<\/p>\n<p style=\"font-weight: 400; text-align: justify;\">En agosto de 2025 la Universidad de Ays\u00e9n recibi\u00f3 la aprobaci\u00f3n de la Comisi\u00f3n Nacional de Acreditaci\u00f3n para impartir nuevas carreras a partir de la admisi\u00f3n 2026, entre ellas: Derecho, Administraci\u00f3n P\u00fablica e Ingenier\u00eda Civil en Energ\u00edas Renovables.<\/p>\n<\/div><\/section><\/div><div  style='height:50px' class='hr hr-invisible   avia-builder-el-6  el_after_av_one_full  el_before_av_social_share '><span class='hr-inner ' ><span class='hr-inner-style'><\/span><\/span><\/div><\/p>\n<div  class='av-social-sharing-box  avia-builder-el-7  el_after_av_hr  el_before_av_hr  '><div class='av-share-box'><h5 class='av-share-link-description av-no-toc '>Compartir esta noticia<\/h5><ul class='av-share-box-list noLightbox'><li class='av-share-link av-social-link-facebook' ><a target=\"_blank\" aria-label=\"Compartir en Facebook\" href='https:\/\/www.facebook.com\/sharer.php?u=https:\/\/radiorevelacionfm.cl\/?p=59430&#038;t=Presidente%20de%20la%20Corte%20de%20Coyhaique%20se%20reuni%C3%B3%20con%20autoridades%20de%20la%20Universidad%20de%20Ays%C3%A9n%20por%20implementaci%C3%B3n%20de%20futura%20carrera%20de%20Derecho' aria-hidden='false' data-av_icon='\ue8f3' data-av_iconfont='entypo-fontello' title='' data-avia-related-tooltip='Compartir en Facebook' rel=\"noopener\"><span class='avia_hidden_link_text'>Compartir en Facebook<\/span><\/a><\/li><li class='av-share-link av-social-link-twitter' ><a target=\"_blank\" aria-label=\"Compartir en Twitter\" href='https:\/\/twitter.com\/share?text=Presidente%20de%20la%20Corte%20de%20Coyhaique%20se%20reuni%C3%B3%20con%20autoridades%20de%20la%20Universidad%20de%20Ays%C3%A9n%20por%20implementaci%C3%B3n%20de%20futura%20carrera%20de%20Derecho&#038;url=https:\/\/radiorevelacionfm.cl\/?p=59430' aria-hidden='false' data-av_icon='\ue8f1' data-av_iconfont='entypo-fontello' title='' data-avia-related-tooltip='Compartir en Twitter' rel=\"noopener\"><span class='avia_hidden_link_text'>Compartir en Twitter<\/span><\/a><\/li><li class='av-share-link av-social-link-whatsapp' ><a target=\"_blank\" aria-label=\"Compartir en Whatsapp\" href='https:\/\/api.whatsapp.com\/send?text=https:\/\/radiorevelacionfm.cl\/?p=59430' aria-hidden='false' data-av_icon='\uf232' data-av_iconfont='entypo-fontello' title='' data-avia-related-tooltip='Compartir en Whatsapp' rel=\"noopener\"><span class='avia_hidden_link_text'>Compartir en Whatsapp<\/span><\/a><\/li><li class='av-share-link av-social-link-linkedin' ><a target=\"_blank\" aria-label=\"Compartir en LinkedIn\" href='https:\/\/linkedin.com\/shareArticle?mini=true&#038;title=Presidente%20de%20la%20Corte%20de%20Coyhaique%20se%20reuni%C3%B3%20con%20autoridades%20de%20la%20Universidad%20de%20Ays%C3%A9n%20por%20implementaci%C3%B3n%20de%20futura%20carrera%20de%20Derecho&#038;url=https:\/\/radiorevelacionfm.cl\/?p=59430' aria-hidden='false' data-av_icon='\ue8fc' data-av_iconfont='entypo-fontello' title='' data-avia-related-tooltip='Compartir en LinkedIn' rel=\"noopener\"><span class='avia_hidden_link_text'>Compartir en LinkedIn<\/span><\/a><\/li><li class='av-share-link av-social-link-mail' ><a  aria-label=\"Compartir por correo\" href='mailto:?subject=Presidente%20de%20la%20Corte%20de%20Coyhaique%20se%20reuni%C3%B3%20con%20autoridades%20de%20la%20Universidad%20de%20Ays%C3%A9n%20por%20implementaci%C3%B3n%20de%20futura%20carrera%20de%20Derecho&#038;body=https:\/\/radiorevelacionfm.cl\/?p=59430' aria-hidden='false' data-av_icon='\ue805' data-av_iconfont='entypo-fontello' title='' data-avia-related-tooltip='Compartir por correo'><span class='avia_hidden_link_text'>Compartir por correo<\/span><\/a><\/li><\/ul><\/div><\/div>\n<div  style='height:50px' class='hr hr-invisible   avia-builder-el-8  el_after_av_social_share  el_before_av_comments_list '><span class='hr-inner ' ><span class='hr-inner-style'><\/span><\/span><\/div>\n<div  class='av-buildercomment  av-blog-meta-html-info-disabled av-blog-meta-tag-disabled  '><\/div>\n","protected":false},"excerpt":{"rendered":"","protected":false},"author":1,"featured_media":59431,"comment_status":"closed","ping_status":"closed","sticky":false,"template":"","format":"standard","meta":{"footnotes":""},"categories":[55],"tags":[],"class_list":["post-59430","post","type-post","status-publish","format-standard","has-post-thumbnail","hentry","category-justicia"],"jetpack_featured_media_url":"https:\/\/radiorevelacionfm.cl\/wp-content\/uploads\/2025\/09\/foto-1-uaysen-1_optimized.jpg","_links":{"self":[{"href":"https:\/\/radiorevelacionfm.cl\/index.php?rest_route=\/wp\/v2\/posts\/59430","targetHints":{"allow":["GET"]}}],"collection":[{"href":"https:\/\/radiorevelacionfm.cl\/index.php?rest_route=\/wp\/v2\/posts"}],"about":[{"href":"https:\/\/radiorevelacionfm.cl\/index.php?rest_route=\/wp\/v2\/types\/post"}],"author":[{"embeddable":true,"href":"https:\/\/radiorevelacionfm.cl\/index.php?rest_route=\/wp\/v2\/users\/1"}],"replies":[{"embeddable":true,"href":"https:\/\/radiorevelacionfm.cl\/index.php?rest_route=%2Fwp%2Fv2%2Fcomments&post=59430"}],"version-history":[{"count":2,"href":"https:\/\/radiorevelacionfm.cl\/index.php?rest_route=\/wp\/v2\/posts\/59430\/revisions"}],"predecessor-version":[{"id":59433,"href":"https:\/\/radiorevelacionfm.cl\/index.php?rest_route=\/wp\/v2\/posts\/59430\/revisions\/59433"}],"wp:featuredmedia":[{"embeddable":true,"href":"https:\/\/radiorevelacionfm.cl\/index.php?rest_route=\/wp\/v2\/media\/59431"}],"wp:attachment":[{"href":"https:\/\/radiorevelacionfm.cl\/index.php?rest_route=%2Fwp%2Fv2%2Fmedia&parent=59430"}],"wp:term":[{"taxonomy":"category","embeddable":true,"href":"https:\/\/radiorevelacionfm.cl\/index.php?rest_route=%2Fwp%2Fv2%2Fcategories&post=59430"},{"taxonomy":"post_tag","embeddable":true,"href":"https:\/\/radiorevelacionfm.cl\/index.php?rest_route=%2Fwp%2Fv2%2Ftags&post=59430"}],"curies":[{"name":"wp","href":"https:\/\/api.w.org\/{rel}","templated":true}]}}