{"id":5943,"date":"2021-07-05T17:49:12","date_gmt":"2021-07-05T20:49:12","guid":{"rendered":"https:\/\/radiorevelacionfm.cl\/?p=5943"},"modified":"2021-07-05T17:49:12","modified_gmt":"2021-07-05T20:49:12","slug":"pymes-de-la-provincia-de-aysen-se-informan-del-bono-alivio","status":"publish","type":"post","link":"https:\/\/radiorevelacionfm.cl\/?p=5943","title":{"rendered":"Pymes de la provincia de Ays\u00e9n se informan del Bono Alivio"},"content":{"rendered":"<div class=\"flex_column av_one_full  flex_column_div av-zero-column-padding first  avia-builder-el-0  el_before_av_one_full  avia-builder-el-first  \" style='border-radius:0px; '><div  class='avia-image-container  av-styling-    avia-builder-el-1  avia-builder-el-no-sibling  avia-align-center '  itemprop=\"image\" itemscope=\"itemscope\" itemtype=\"https:\/\/schema.org\/ImageObject\"  ><div class='avia-image-container-inner'><div class='avia-image-overlay-wrap'><img decoding=\"async\" class='wp-image-0 avia-img-lazy-loading-not-0 avia_image' src=\"https:\/\/radiorevelacionfm.cl\/wp-content\/uploads\/2021\/07\/GOB-Aysen-1.jpg\" alt='' title=''   itemprop=\"thumbnailUrl\"  \/><\/div><\/div><\/div><\/div><div class=\"flex_column av_one_full  flex_column_div av-zero-column-padding first  avia-builder-el-2  el_after_av_one_full  el_before_av_one_full  column-top-margin\" style='border-radius:0px; '><section class=\"av_textblock_section \"  itemscope=\"itemscope\" itemtype=\"https:\/\/schema.org\/BlogPosting\" itemprop=\"blogPost\" ><div class='avia_textblock  '   itemprop=\"text\" ><p style=\"text-align: center;\"><strong><span style=\"font-size: 18pt;\">Pymes de la provincia de Ays\u00e9n se informan del Bono Alivio <\/span><\/strong><\/p>\n<div id=\"gtx-trans\" style=\"position: absolute; left: -50px; top: 4.31534px;\">\n<div class=\"gtx-trans-icon\"><\/div>\n<\/div>\n<\/div><\/section><\/div><div class=\"flex_column av_one_full  flex_column_div av-zero-column-padding first  avia-builder-el-4  el_after_av_one_full  el_before_av_hr  column-top-margin\" style='border-radius:0px; '><section class=\"av_textblock_section \"  itemscope=\"itemscope\" itemtype=\"https:\/\/schema.org\/BlogPosting\" itemprop=\"blogPost\" ><div class='avia_textblock  '   itemprop=\"text\" ><p style=\"text-align: justify;\">Varios sectores productivos del pa\u00eds y de la provincia de Ays\u00e9n se han visto afectados producto de la pandemia, en donde algunas Pymes han bajado sus ingresos o lamentablemente han tenido que cerrar sus actividades, es por esta raz\u00f3n que el Presidente Sebasti\u00e1n Pi\u00f1era como una medida de reactivar econ\u00f3mica y socialmente al pa\u00eds decidi\u00f3 lanzar hace algunas semanas el Bono Alivio para las Pymes del pa\u00eds.<\/p>\n<p style=\"text-align: justify;\">El d\u00eda viernes reci\u00e9n pasado el Gobernador Manuel Ortiz encabez\u00f3 una reuni\u00f3n zoom junto al Seremi de Econom\u00eda Carlos Pacheco en donde asistieron potenciales beneficiarios\/as de esta importante ayuda econ\u00f3mica \u201ctuvimos una reuni\u00f3n muy importante con una convocatoria bastante satisfactoria de toda la provincia para poder informar de este Bono Alivio junto al Seremi de Econom\u00eda, un bono que va a venir sin duda muy bien a muchos\/as de nuestros\/as mini y peque\u00f1os empresarios que tenemos en los diferentes rubros, creemos que la convocatoria nos dio a nosotros absolutamente la confianza que la informaci\u00f3n previa que ya hab\u00edamos entregado fue sumamente clara\u201d indicaba la autoridad provincial.<\/p>\n<p style=\"text-align: justify;\">Para poder inscribirse y recibir este bono tiene que ingresar al siguiente link: <a href=\"https:\/\/homer.sii.cl\/bono_mypes_072021.html\">https:\/\/homer.sii.cl\/bono_mypes_072021.html<\/a>, en caso que usted no pueda acceder en la gobernaci\u00f3n habr\u00e1 un equipo de funcionarias apoy\u00e1ndoles en este tr\u00e1mite indicaba el Gobernador \u201cpara aquellos que no tienen como hacer esta inscripci\u00f3n se pueden acercar a la gobernaci\u00f3n donde tenemos dos funcionarias que est\u00e1n destinadas a ayudar a nuestros usuarios\/as\u201d.<\/p>\n<\/div><\/section><\/div><div  style='height:50px' class='hr hr-invisible   avia-builder-el-6  el_after_av_one_full  el_before_av_social_share '><span class='hr-inner ' ><span class='hr-inner-style'><\/span><\/span><\/div><\/p>\n<div  class='av-social-sharing-box  avia-builder-el-7  el_after_av_hr  el_before_av_hr  '><div class='av-share-box'><h5 class='av-share-link-description av-no-toc '>Compartir esta noticia<\/h5><ul class='av-share-box-list noLightbox'><li class='av-share-link av-social-link-facebook' ><a target=\"_blank\" aria-label=\"Compartir en Facebook\" href='https:\/\/www.facebook.com\/sharer.php?u=https:\/\/radiorevelacionfm.cl\/?p=5943&#038;t=Pymes%20de%20la%20provincia%20de%20Ays%C3%A9n%20se%20informan%20del%20Bono%20Alivio' aria-hidden='false' data-av_icon='\ue8f3' data-av_iconfont='entypo-fontello' title='' data-avia-related-tooltip='Compartir en Facebook' rel=\"noopener\"><span class='avia_hidden_link_text'>Compartir en Facebook<\/span><\/a><\/li><li class='av-share-link av-social-link-twitter' ><a target=\"_blank\" aria-label=\"Compartir en Twitter\" href='https:\/\/twitter.com\/share?text=Pymes%20de%20la%20provincia%20de%20Ays%C3%A9n%20se%20informan%20del%20Bono%20Alivio&#038;url=https:\/\/radiorevelacionfm.cl\/?p=5943' aria-hidden='false' data-av_icon='\ue8f1' data-av_iconfont='entypo-fontello' title='' data-avia-related-tooltip='Compartir en Twitter' rel=\"noopener\"><span class='avia_hidden_link_text'>Compartir en Twitter<\/span><\/a><\/li><li class='av-share-link av-social-link-whatsapp' ><a target=\"_blank\" aria-label=\"Compartir en Whatsapp\" href='https:\/\/api.whatsapp.com\/send?text=https:\/\/radiorevelacionfm.cl\/?p=5943' aria-hidden='false' data-av_icon='\uf232' data-av_iconfont='entypo-fontello' title='' data-avia-related-tooltip='Compartir en Whatsapp' rel=\"noopener\"><span class='avia_hidden_link_text'>Compartir en Whatsapp<\/span><\/a><\/li><li class='av-share-link av-social-link-linkedin' ><a target=\"_blank\" aria-label=\"Compartir en LinkedIn\" href='https:\/\/linkedin.com\/shareArticle?mini=true&#038;title=Pymes%20de%20la%20provincia%20de%20Ays%C3%A9n%20se%20informan%20del%20Bono%20Alivio&#038;url=https:\/\/radiorevelacionfm.cl\/?p=5943' aria-hidden='false' data-av_icon='\ue8fc' data-av_iconfont='entypo-fontello' title='' data-avia-related-tooltip='Compartir en LinkedIn' rel=\"noopener\"><span class='avia_hidden_link_text'>Compartir en LinkedIn<\/span><\/a><\/li><li class='av-share-link av-social-link-mail' ><a  aria-label=\"Compartir por correo\" href='mailto:?subject=Pymes%20de%20la%20provincia%20de%20Ays%C3%A9n%20se%20informan%20del%20Bono%20Alivio&#038;body=https:\/\/radiorevelacionfm.cl\/?p=5943' aria-hidden='false' data-av_icon='\ue805' data-av_iconfont='entypo-fontello' title='' data-avia-related-tooltip='Compartir por correo'><span class='avia_hidden_link_text'>Compartir por correo<\/span><\/a><\/li><\/ul><\/div><\/div>\n<div  style='height:50px' class='hr hr-invisible   avia-builder-el-8  el_after_av_social_share  el_before_av_comments_list '><span class='hr-inner ' ><span class='hr-inner-style'><\/span><\/span><\/div>\n<div  class='av-buildercomment  av-blog-meta-html-info-disabled av-blog-meta-tag-disabled  '><\/div>\n","protected":false},"excerpt":{"rendered":"","protected":false},"author":1,"featured_media":0,"comment_status":"open","ping_status":"open","sticky":false,"template":"","format":"standard","meta":{"footnotes":""},"categories":[38],"tags":[],"class_list":["post-5943","post","type-post","status-publish","format-standard","hentry","category-regional"],"jetpack_featured_media_url":"","_links":{"self":[{"href":"https:\/\/radiorevelacionfm.cl\/index.php?rest_route=\/wp\/v2\/posts\/5943","targetHints":{"allow":["GET"]}}],"collection":[{"href":"https:\/\/radiorevelacionfm.cl\/index.php?rest_route=\/wp\/v2\/posts"}],"about":[{"href":"https:\/\/radiorevelacionfm.cl\/index.php?rest_route=\/wp\/v2\/types\/post"}],"author":[{"embeddable":true,"href":"https:\/\/radiorevelacionfm.cl\/index.php?rest_route=\/wp\/v2\/users\/1"}],"replies":[{"embeddable":true,"href":"https:\/\/radiorevelacionfm.cl\/index.php?rest_route=%2Fwp%2Fv2%2Fcomments&post=5943"}],"version-history":[{"count":1,"href":"https:\/\/radiorevelacionfm.cl\/index.php?rest_route=\/wp\/v2\/posts\/5943\/revisions"}],"predecessor-version":[{"id":5945,"href":"https:\/\/radiorevelacionfm.cl\/index.php?rest_route=\/wp\/v2\/posts\/5943\/revisions\/5945"}],"wp:attachment":[{"href":"https:\/\/radiorevelacionfm.cl\/index.php?rest_route=%2Fwp%2Fv2%2Fmedia&parent=5943"}],"wp:term":[{"taxonomy":"category","embeddable":true,"href":"https:\/\/radiorevelacionfm.cl\/index.php?rest_route=%2Fwp%2Fv2%2Fcategories&post=5943"},{"taxonomy":"post_tag","embeddable":true,"href":"https:\/\/radiorevelacionfm.cl\/index.php?rest_route=%2Fwp%2Fv2%2Ftags&post=5943"}],"curies":[{"name":"wp","href":"https:\/\/api.w.org\/{rel}","templated":true}]}}