{"id":59425,"date":"2025-09-23T12:38:12","date_gmt":"2025-09-23T15:38:12","guid":{"rendered":"https:\/\/radiorevelacionfm.cl\/?p=59425"},"modified":"2025-09-23T12:38:12","modified_gmt":"2025-09-23T15:38:12","slug":"segunda-version-del-programa-la-aventura-del-salmon-conecto-a-jovenes-con-innovacion-y-desarrollo-productivo-en-aysen","status":"publish","type":"post","link":"https:\/\/radiorevelacionfm.cl\/?p=59425","title":{"rendered":"Segunda versi\u00f3n del programa La Aventura del Salm\u00f3n conect\u00f3 a j\u00f3venes con innovaci\u00f3n y desarrollo productivo en Ays\u00e9n"},"content":{"rendered":"<div class=\"flex_column av_one_full  flex_column_div av-zero-column-padding first  avia-builder-el-0  el_before_av_one_full  avia-builder-el-first  \" style='border-radius:0px; '><div  class='avia-image-container  av-styling-    avia-builder-el-1  avia-builder-el-no-sibling  avia-align-center '  itemprop=\"image\" itemscope=\"itemscope\" itemtype=\"https:\/\/schema.org\/ImageObject\"  ><div class='avia-image-container-inner'><div class='avia-image-overlay-wrap'><img decoding=\"async\" class='wp-image-59426 avia-img-lazy-loading-not-59426 avia_image' src=\"https:\/\/radiorevelacionfm.cl\/wp-content\/uploads\/2025\/09\/09_estudiantes-1-1_optimized-1.jpg\" alt='' title='09_estudiantes-(1)-(1)_optimized (1)' height=\"600\" width=\"989\"  itemprop=\"thumbnailUrl\" srcset=\"https:\/\/radiorevelacionfm.cl\/wp-content\/uploads\/2025\/09\/09_estudiantes-1-1_optimized-1.jpg 989w, https:\/\/radiorevelacionfm.cl\/wp-content\/uploads\/2025\/09\/09_estudiantes-1-1_optimized-1-300x182.jpg 300w, https:\/\/radiorevelacionfm.cl\/wp-content\/uploads\/2025\/09\/09_estudiantes-1-1_optimized-1-768x466.jpg 768w, https:\/\/radiorevelacionfm.cl\/wp-content\/uploads\/2025\/09\/09_estudiantes-1-1_optimized-1-705x428.jpg 705w, https:\/\/radiorevelacionfm.cl\/wp-content\/uploads\/2025\/09\/09_estudiantes-1-1_optimized-1-450x273.jpg 450w, https:\/\/radiorevelacionfm.cl\/wp-content\/uploads\/2025\/09\/09_estudiantes-1-1_optimized-1-600x364.jpg 600w\" sizes=\"(max-width: 989px) 100vw, 989px\" \/><\/div><\/div><\/div><\/div><div class=\"flex_column av_one_full  flex_column_div av-zero-column-padding first  avia-builder-el-2  el_after_av_one_full  el_before_av_one_full  column-top-margin\" style='border-radius:0px; '><section class=\"av_textblock_section \"  itemscope=\"itemscope\" itemtype=\"https:\/\/schema.org\/BlogPosting\" itemprop=\"blogPost\" ><div class='avia_textblock  '   itemprop=\"text\" ><p style=\"text-align: center;\"><span style=\"font-size: 18pt;\"><b>Segunda versi\u00f3n del programa\u00a0<i>La Aventura del Salm\u00f3n<\/i>\u00a0conect\u00f3 a j\u00f3venes con innovaci\u00f3n y desarrollo productivo en Ays\u00e9n<\/b><\/span><\/p>\n<div id=\"gtx-trans\" style=\"position: absolute; left: -50px; top: 4.31534px;\">\n<div class=\"gtx-trans-icon\"><\/div>\n<\/div>\n<\/div><\/section><\/div><div class=\"flex_column av_one_full  flex_column_div av-zero-column-padding first  avia-builder-el-4  el_after_av_one_full  el_before_av_hr  column-top-margin\" style='border-radius:0px; '><section class=\"av_textblock_section \"  itemscope=\"itemscope\" itemtype=\"https:\/\/schema.org\/BlogPosting\" itemprop=\"blogPost\" ><div class='avia_textblock  '   itemprop=\"text\" ><p style=\"text-align: justify;\"><em>Como parte del plan de visitas educativas de Mowi, el programa de Corfo Ays\u00e9n, con apoyo del Consejo del Salm\u00f3n, vincul\u00f3 educaci\u00f3n e industria, fortaleciendo la identidad gastron\u00f3mica de Ays\u00e9n.<\/em><\/p>\n<p style=\"text-align: justify;\">Conectar la educaci\u00f3n con la vida real de los sectores productivos m\u00e1s relevantes de Ays\u00e9n fue el prop\u00f3sito central de las visitas pedag\u00f3gicas que reunieron a estudiantes de gastronom\u00eda del Liceo Josefina Aguirre Montenegro con representantes de la industria salmonera y gastron\u00f3mica regional.<\/p>\n<p style=\"text-align: justify;\">La actividad se realiz\u00f3 en el marco del plan de visitas educativas que Mowi mantiene con establecimientos de la regi\u00f3n. En esta ocasi\u00f3n, se articul\u00f3 con el Programa de Difusi\u00f3n Tecnol\u00f3gica La Aventura del Salm\u00f3n 2 de Corfo, y cont\u00f3 con la colaboraci\u00f3n del Consejo del Salm\u00f3n y del restaurante A Modo M\u00edo de Puerto Ays\u00e9n.<\/p>\n<p style=\"text-align: justify;\">Las jornadas incluyeron un recorrido por la planta de procesamiento de Mowi y una pr\u00e1ctica culinaria dirigida por el chef Rodrigo Castillo, propietario de A Modo M\u00edo, donde los estudiantes siguieron la \u201cruta del salm\u00f3n\u201d desde el proceso productivo hasta su proyecci\u00f3n gastron\u00f3mica como atractivo tur\u00edstico.<\/p>\n<p style=\"text-align: justify;\">Rodrigo Castillo valor\u00f3 la experiencia ya que \u201ces una forma de inspirarlos, mostrarles la exigencia y creatividad del oficio, y motivarlos a que sue\u00f1en con proyectar la riqueza de Ays\u00e9n al mundo a trav\u00e9s de sus preparaciones\u201d.<\/p>\n<p style=\"text-align: justify;\">En esa misma l\u00ednea, Humberto Mar\u00edn, director de Corfo Ays\u00e9n, subray\u00f3 el rol institucional. \u00a0\u201cNuestro rol fue articular y abrir oportunidades. Al acompa\u00f1ar a quienes estudian y conectar el mundo productivo con el educativo, avanzamos hacia un modelo de desarrollo territorial m\u00e1s inclusivo, sostenible y con identidad local\u201d. Por su parte, \u00c1lvaro P\u00e9rez, gerente de Sustentabilidad y Asuntos P\u00fablicos de Mowi Chile, se\u00f1al\u00f3 que \u201cabrir las puertas de nuestra planta a los estudiantes y acompa\u00f1arlos en esta experiencia nos permiti\u00f3 mostrarles de cerca c\u00f3mo trabajamos y motivarlos a proyectar sus talentos en un sector que es parte de la identidad de Ays\u00e9n\u201d.<\/p>\n<p style=\"text-align: justify;\">La experiencia tambi\u00e9n destac\u00f3 por su car\u00e1cter inclusivo: un estudiante con hipoacusia particip\u00f3 con apoyo de un int\u00e9rprete en lengua de se\u00f1as, lo que garantiz\u00f3 su plena integraci\u00f3n.<\/p>\n<p style=\"text-align: justify;\"><strong>EDUCACI\u00d3N Y TERRITORIO<\/strong><\/p>\n<p style=\"text-align: justify;\">La mirada pedag\u00f3gica estuvo presente en la profesora Soledad M\u00e1rtinez, docente de la especialidad de gastronom\u00eda del liceo Josefina Aguirre. \u201cPara mis estudiantes y para m\u00ed, la oportunidad de conocer de cerca el ciclo productivo del salm\u00f3n fue sumamente enriquecedora. Comprendimos cada etapa, valoramos la calidad de los ingredientes y fortalecimos nuestra conexi\u00f3n con la materia prima que llevamos a la mesa\u201d.<\/p>\n<p style=\"text-align: justify;\">Los j\u00f3venes tambi\u00e9n dieron su testimonio. Jimmy Fern\u00e1ndez, de 3ro medio expres\u00f3 que \u201cfue una experiencia muy buena porque nos uni\u00f3 m\u00e1s como grupo, como compa\u00f1eros y equipo\u201d. Su compa\u00f1ero, Franco Vargas relat\u00f3: \u201cMe sorprendi\u00f3 la tecnolog\u00eda y la coordinaci\u00f3n del personal. Pens\u00e9 que en nuestra regi\u00f3n no habr\u00eda tanto nivel de innovaci\u00f3n, y fue entretenido ver c\u00f3mo el salm\u00f3n llega al mundo\u201d. Otra de las estudiantes, Gicell Godoy, indic\u00f3 que la actividad fue integral porque \u201caprend\u00ed c\u00f3mo procesan el salm\u00f3n hasta que llega al consumo final. El trato en la planta y luego en el restaurante A Modo M\u00edo fue muy lindo, y degustar un plato preparado para nosotros fue inolvidable\u201d. Finalmente, Catalina Gueicha destac\u00f3 que se sorprendi\u00f3 con \u201cel uso de maquinarias y c\u00f3mo realizan todo el proceso. En el restaurante aprendimos nuevas formas de preparar y presentar el salm\u00f3n, con acompa\u00f1amientos distintos a los habituales, y eso me gust\u00f3 mucho\u201d.<\/p>\n<p style=\"text-align: justify;\">Rolf Traeger, representante del Consejo del Salm\u00f3n, subray\u00f3 que \u201cel v\u00ednculo entre educaci\u00f3n, empresa y gastronom\u00eda fortalece no solo la cadena productiva, sino tambi\u00e9n la identidad cultural y tur\u00edstica de la Patagonia\u201d. En tanto, Yaser Soleman, asesor estrat\u00e9gico del programa, recalc\u00f3 que \u201cestas visitas evidencian el talento y motivaci\u00f3n de la juventud de Ays\u00e9n. Al acercarlos tempranamente al sector productivo y gastron\u00f3mico, se generan oportunidades reales para que sean protagonistas del futuro sostenible de la regi\u00f3n\u201d.<\/p>\n<p style=\"text-align: justify;\">De esta forma, La Aventura del Salm\u00f3n no solo reafirm\u00f3 el valor del sector acu\u00edcola como motor econ\u00f3mico de Ays\u00e9n, sino que tambi\u00e9n lo proyect\u00f3 como un s\u00edmbolo cultural e identitario. La articulaci\u00f3n entre educaci\u00f3n, gastronom\u00eda y turismo abri\u00f3 un espacio de aprendizaje inclusivo y sostenible, donde las y los j\u00f3venes de Coyhaique asumieron un rol protag\u00f3nico en la construcci\u00f3n de un futuro que vincula pertenencia territorial con desarrollo productivo.<\/p>\n<\/div><\/section><\/div><div  style='height:50px' class='hr hr-invisible   avia-builder-el-6  el_after_av_one_full  el_before_av_social_share '><span class='hr-inner ' ><span class='hr-inner-style'><\/span><\/span><\/div><\/p>\n<div  class='av-social-sharing-box  avia-builder-el-7  el_after_av_hr  el_before_av_hr  '><div class='av-share-box'><h5 class='av-share-link-description av-no-toc '>Compartir esta noticia<\/h5><ul class='av-share-box-list noLightbox'><li class='av-share-link av-social-link-facebook' ><a target=\"_blank\" aria-label=\"Compartir en Facebook\" href='https:\/\/www.facebook.com\/sharer.php?u=https:\/\/radiorevelacionfm.cl\/?p=59425&#038;t=Segunda%20versi%C3%B3n%20del%20programa%20La%20Aventura%20del%20Salm%C3%B3n%20conect%C3%B3%20a%20j%C3%B3venes%20con%20innovaci%C3%B3n%20y%20desarrollo%20productivo%20en%20Ays%C3%A9n' aria-hidden='false' data-av_icon='\ue8f3' data-av_iconfont='entypo-fontello' title='' data-avia-related-tooltip='Compartir en Facebook' rel=\"noopener\"><span class='avia_hidden_link_text'>Compartir en Facebook<\/span><\/a><\/li><li class='av-share-link av-social-link-twitter' ><a target=\"_blank\" aria-label=\"Compartir en Twitter\" href='https:\/\/twitter.com\/share?text=Segunda%20versi%C3%B3n%20del%20programa%20La%20Aventura%20del%20Salm%C3%B3n%20conect%C3%B3%20a%20j%C3%B3venes%20con%20innovaci%C3%B3n%20y%20desarrollo%20productivo%20en%20Ays%C3%A9n&#038;url=https:\/\/radiorevelacionfm.cl\/?p=59425' aria-hidden='false' data-av_icon='\ue8f1' data-av_iconfont='entypo-fontello' title='' data-avia-related-tooltip='Compartir en Twitter' rel=\"noopener\"><span class='avia_hidden_link_text'>Compartir en Twitter<\/span><\/a><\/li><li class='av-share-link av-social-link-whatsapp' ><a target=\"_blank\" aria-label=\"Compartir en Whatsapp\" href='https:\/\/api.whatsapp.com\/send?text=https:\/\/radiorevelacionfm.cl\/?p=59425' aria-hidden='false' data-av_icon='\uf232' data-av_iconfont='entypo-fontello' title='' data-avia-related-tooltip='Compartir en Whatsapp' rel=\"noopener\"><span class='avia_hidden_link_text'>Compartir en Whatsapp<\/span><\/a><\/li><li class='av-share-link av-social-link-linkedin' ><a target=\"_blank\" aria-label=\"Compartir en LinkedIn\" href='https:\/\/linkedin.com\/shareArticle?mini=true&#038;title=Segunda%20versi%C3%B3n%20del%20programa%20La%20Aventura%20del%20Salm%C3%B3n%20conect%C3%B3%20a%20j%C3%B3venes%20con%20innovaci%C3%B3n%20y%20desarrollo%20productivo%20en%20Ays%C3%A9n&#038;url=https:\/\/radiorevelacionfm.cl\/?p=59425' aria-hidden='false' data-av_icon='\ue8fc' data-av_iconfont='entypo-fontello' title='' data-avia-related-tooltip='Compartir en LinkedIn' rel=\"noopener\"><span class='avia_hidden_link_text'>Compartir en LinkedIn<\/span><\/a><\/li><li class='av-share-link av-social-link-mail' ><a  aria-label=\"Compartir por correo\" href='mailto:?subject=Segunda%20versi%C3%B3n%20del%20programa%20La%20Aventura%20del%20Salm%C3%B3n%20conect%C3%B3%20a%20j%C3%B3venes%20con%20innovaci%C3%B3n%20y%20desarrollo%20productivo%20en%20Ays%C3%A9n&#038;body=https:\/\/radiorevelacionfm.cl\/?p=59425' aria-hidden='false' data-av_icon='\ue805' data-av_iconfont='entypo-fontello' title='' data-avia-related-tooltip='Compartir por correo'><span class='avia_hidden_link_text'>Compartir por correo<\/span><\/a><\/li><\/ul><\/div><\/div>\n<div  style='height:50px' class='hr hr-invisible   avia-builder-el-8  el_after_av_social_share  el_before_av_comments_list '><span class='hr-inner ' ><span class='hr-inner-style'><\/span><\/span><\/div>\n<div  class='av-buildercomment  av-blog-meta-html-info-disabled av-blog-meta-tag-disabled  '><\/div>\n","protected":false},"excerpt":{"rendered":"","protected":false},"author":1,"featured_media":59426,"comment_status":"closed","ping_status":"closed","sticky":false,"template":"","format":"standard","meta":{"footnotes":""},"categories":[38],"tags":[],"class_list":["post-59425","post","type-post","status-publish","format-standard","has-post-thumbnail","hentry","category-regional"],"jetpack_featured_media_url":"https:\/\/radiorevelacionfm.cl\/wp-content\/uploads\/2025\/09\/09_estudiantes-1-1_optimized-1.jpg","_links":{"self":[{"href":"https:\/\/radiorevelacionfm.cl\/index.php?rest_route=\/wp\/v2\/posts\/59425","targetHints":{"allow":["GET"]}}],"collection":[{"href":"https:\/\/radiorevelacionfm.cl\/index.php?rest_route=\/wp\/v2\/posts"}],"about":[{"href":"https:\/\/radiorevelacionfm.cl\/index.php?rest_route=\/wp\/v2\/types\/post"}],"author":[{"embeddable":true,"href":"https:\/\/radiorevelacionfm.cl\/index.php?rest_route=\/wp\/v2\/users\/1"}],"replies":[{"embeddable":true,"href":"https:\/\/radiorevelacionfm.cl\/index.php?rest_route=%2Fwp%2Fv2%2Fcomments&post=59425"}],"version-history":[{"count":2,"href":"https:\/\/radiorevelacionfm.cl\/index.php?rest_route=\/wp\/v2\/posts\/59425\/revisions"}],"predecessor-version":[{"id":59429,"href":"https:\/\/radiorevelacionfm.cl\/index.php?rest_route=\/wp\/v2\/posts\/59425\/revisions\/59429"}],"wp:featuredmedia":[{"embeddable":true,"href":"https:\/\/radiorevelacionfm.cl\/index.php?rest_route=\/wp\/v2\/media\/59426"}],"wp:attachment":[{"href":"https:\/\/radiorevelacionfm.cl\/index.php?rest_route=%2Fwp%2Fv2%2Fmedia&parent=59425"}],"wp:term":[{"taxonomy":"category","embeddable":true,"href":"https:\/\/radiorevelacionfm.cl\/index.php?rest_route=%2Fwp%2Fv2%2Fcategories&post=59425"},{"taxonomy":"post_tag","embeddable":true,"href":"https:\/\/radiorevelacionfm.cl\/index.php?rest_route=%2Fwp%2Fv2%2Ftags&post=59425"}],"curies":[{"name":"wp","href":"https:\/\/api.w.org\/{rel}","templated":true}]}}