{"id":59422,"date":"2025-09-23T12:25:42","date_gmt":"2025-09-23T15:25:42","guid":{"rendered":"https:\/\/radiorevelacionfm.cl\/?p=59422"},"modified":"2025-09-23T12:25:42","modified_gmt":"2025-09-23T15:25:42","slug":"melinka-fiscalia-logra-condena-para-dos-imputados-por-robo-con-violencia","status":"publish","type":"post","link":"https:\/\/radiorevelacionfm.cl\/?p=59422","title":{"rendered":"Melinka: Fiscal\u00eda logra condena para dos imputados por robo con violencia"},"content":{"rendered":"<div class=\"flex_column av_one_full  flex_column_div av-zero-column-padding first  avia-builder-el-0  el_before_av_one_full  avia-builder-el-first  \" style='border-radius:0px; '><div  class='avia-image-container  av-styling-    avia-builder-el-1  avia-builder-el-no-sibling  avia-align-center '  itemprop=\"image\" itemscope=\"itemscope\" itemtype=\"https:\/\/schema.org\/ImageObject\"  ><div class='avia-image-container-inner'><div class='avia-image-overlay-wrap'><img decoding=\"async\" class='wp-image-48638 avia-img-lazy-loading-not-48638 avia_image' src=\"https:\/\/radiorevelacionfm.cl\/wp-content\/uploads\/2024\/12\/Fiscal-Alex_Olivero_diciembre-1.jpg\" alt='' title='Fiscal Alex_Olivero_diciembre (1)' height=\"599\" width=\"973\"  itemprop=\"thumbnailUrl\" srcset=\"https:\/\/radiorevelacionfm.cl\/wp-content\/uploads\/2024\/12\/Fiscal-Alex_Olivero_diciembre-1.jpg 973w, https:\/\/radiorevelacionfm.cl\/wp-content\/uploads\/2024\/12\/Fiscal-Alex_Olivero_diciembre-1-300x185.jpg 300w, https:\/\/radiorevelacionfm.cl\/wp-content\/uploads\/2024\/12\/Fiscal-Alex_Olivero_diciembre-1-768x473.jpg 768w, https:\/\/radiorevelacionfm.cl\/wp-content\/uploads\/2024\/12\/Fiscal-Alex_Olivero_diciembre-1-705x434.jpg 705w, https:\/\/radiorevelacionfm.cl\/wp-content\/uploads\/2024\/12\/Fiscal-Alex_Olivero_diciembre-1-450x277.jpg 450w, https:\/\/radiorevelacionfm.cl\/wp-content\/uploads\/2024\/12\/Fiscal-Alex_Olivero_diciembre-1-600x369.jpg 600w\" sizes=\"(max-width: 973px) 100vw, 973px\" \/><\/div><\/div><\/div><\/div><div class=\"flex_column av_one_full  flex_column_div av-zero-column-padding first  avia-builder-el-2  el_after_av_one_full  el_before_av_one_full  column-top-margin\" style='border-radius:0px; '><section class=\"av_textblock_section \"  itemscope=\"itemscope\" itemtype=\"https:\/\/schema.org\/BlogPosting\" itemprop=\"blogPost\" ><div class='avia_textblock  '   itemprop=\"text\" ><p style=\"text-align: center;\"><span style=\"font-size: 18pt;\"><b>Melinka: Fiscal\u00eda logra condena para dos imputados por robo con violencia<\/b><\/span><\/p>\n<div id=\"gtx-trans\" style=\"position: absolute; left: -50px; top: 4.31534px;\">\n<div class=\"gtx-trans-icon\"><\/div>\n<\/div>\n<\/div><\/section><\/div><div class=\"flex_column av_one_full  flex_column_div av-zero-column-padding first  avia-builder-el-4  el_after_av_one_full  el_before_av_hr  column-top-margin\" style='border-radius:0px; '><section class=\"av_textblock_section \"  itemscope=\"itemscope\" itemtype=\"https:\/\/schema.org\/BlogPosting\" itemprop=\"blogPost\" ><div class='avia_textblock  '   itemprop=\"text\" ><p style=\"font-weight: 400; text-align: justify;\">Tras la presentaci\u00f3n de pruebas y testigos por parte de la Fiscal\u00eda, el Tribunal de Juicio Oral en Lo Penal conden\u00f3 a penas de 7 y 6 a\u00f1os de presidio respectivamente, a dos sujetos por el delito de robo con violencia, hecho ocurrido en Melinka. La investigaci\u00f3n dirigida por el Fiscal Alex Olivero, incluy\u00f3 diligencias investigativas efectuadas por personal de Carabineros del ret\u00e9n de dicha localidad.<\/p>\n<p style=\"font-weight: 400; text-align: justify;\">ACREDITADO<\/p>\n<p style=\"font-weight: 400; text-align: justify;\">Seg\u00fan dio por acreditado el Tribunal, los imputados de 35 y 25 a\u00f1os, el 12 de septiembre de 2024, alrededor de las 04:30 horas, se encontraban con un tercero en un callej\u00f3n ubicado en la localidad de Melinka, comuna de Guaitecas.<\/p>\n<p style=\"font-weight: 400; text-align: justify;\">En dichas circunstancias, seg\u00fan expuso en el juicio oral el Fiscal Jefe de Puerto Ays\u00e9n, Pedro Poblete Viejo, uno de los sujetos comenz\u00f3 a increpar a la v\u00edctima, abalanz\u00e1ndose sobre \u00e9l, propin\u00e1ndole golpes de pu\u00f1o, agresi\u00f3n a la que se sum\u00f3 el segundo imputado.<\/p>\n<p style=\"font-weight: 400; text-align: justify;\">La v\u00edctima recibi\u00f3 un golpe con un elemento contundente cayendo al piso, situaci\u00f3n en la que el primer imputado sustrajo a la v\u00edctima su chaqueta y su celular marca IPhone 11, que se encontraba en su interior, adem\u00e1s de amenazarlo de muerte.<\/p>\n<p style=\"font-weight: 400; text-align: justify;\">El afectado de este delito logr\u00f3 huir del lugar, siendo seguido por uno de los sujetos, no logrando darle alcance. Al escapar, pidi\u00f3 auxilio en un domicilio de personas cercanas.<\/p>\n<p style=\"font-weight: 400; text-align: justify;\">A consecuencia de la agresi\u00f3n, la v\u00edctima result\u00f3 con lesiones en su cuero cabelludo y nariz. Al no reunir los requisitos para una pena sustitutiva, los sentenciados deber\u00e1n cumplir de forma efectiva la condena, es decir en la c\u00e1rcel.<\/p>\n<p style=\"font-weight: 400; text-align: justify;\">En este caso, la Unidad de Atenci\u00f3n a V\u00edctimas y Testigos de la Fiscal\u00eda Regional, URAVIT, efectu\u00f3 diversas gestiones para asegurar la comparecencia al juicio oral de la v\u00edctima y los testigos, entre otras acciones de protecci\u00f3n y apoyo.<\/p>\n<\/div><\/section><\/div><div  style='height:50px' class='hr hr-invisible   avia-builder-el-6  el_after_av_one_full  el_before_av_social_share '><span class='hr-inner ' ><span class='hr-inner-style'><\/span><\/span><\/div><\/p>\n<div  class='av-social-sharing-box  avia-builder-el-7  el_after_av_hr  el_before_av_hr  '><div class='av-share-box'><h5 class='av-share-link-description av-no-toc '>Compartir esta noticia<\/h5><ul class='av-share-box-list noLightbox'><li class='av-share-link av-social-link-facebook' ><a target=\"_blank\" aria-label=\"Compartir en Facebook\" href='https:\/\/www.facebook.com\/sharer.php?u=https:\/\/radiorevelacionfm.cl\/?p=59422&#038;t=Melinka%3A%20Fiscal%C3%ADa%20logra%20condena%20para%20dos%20imputados%20por%20robo%20con%20violencia' aria-hidden='false' data-av_icon='\ue8f3' data-av_iconfont='entypo-fontello' title='' data-avia-related-tooltip='Compartir en Facebook' rel=\"noopener\"><span class='avia_hidden_link_text'>Compartir en Facebook<\/span><\/a><\/li><li class='av-share-link av-social-link-twitter' ><a target=\"_blank\" aria-label=\"Compartir en Twitter\" href='https:\/\/twitter.com\/share?text=Melinka%3A%20Fiscal%C3%ADa%20logra%20condena%20para%20dos%20imputados%20por%20robo%20con%20violencia&#038;url=https:\/\/radiorevelacionfm.cl\/?p=59422' aria-hidden='false' data-av_icon='\ue8f1' data-av_iconfont='entypo-fontello' title='' data-avia-related-tooltip='Compartir en Twitter' rel=\"noopener\"><span class='avia_hidden_link_text'>Compartir en Twitter<\/span><\/a><\/li><li class='av-share-link av-social-link-whatsapp' ><a target=\"_blank\" aria-label=\"Compartir en Whatsapp\" href='https:\/\/api.whatsapp.com\/send?text=https:\/\/radiorevelacionfm.cl\/?p=59422' aria-hidden='false' data-av_icon='\uf232' data-av_iconfont='entypo-fontello' title='' data-avia-related-tooltip='Compartir en Whatsapp' rel=\"noopener\"><span class='avia_hidden_link_text'>Compartir en Whatsapp<\/span><\/a><\/li><li class='av-share-link av-social-link-linkedin' ><a target=\"_blank\" aria-label=\"Compartir en LinkedIn\" href='https:\/\/linkedin.com\/shareArticle?mini=true&#038;title=Melinka%3A%20Fiscal%C3%ADa%20logra%20condena%20para%20dos%20imputados%20por%20robo%20con%20violencia&#038;url=https:\/\/radiorevelacionfm.cl\/?p=59422' aria-hidden='false' data-av_icon='\ue8fc' data-av_iconfont='entypo-fontello' title='' data-avia-related-tooltip='Compartir en LinkedIn' rel=\"noopener\"><span class='avia_hidden_link_text'>Compartir en LinkedIn<\/span><\/a><\/li><li class='av-share-link av-social-link-mail' ><a  aria-label=\"Compartir por correo\" href='mailto:?subject=Melinka%3A%20Fiscal%C3%ADa%20logra%20condena%20para%20dos%20imputados%20por%20robo%20con%20violencia&#038;body=https:\/\/radiorevelacionfm.cl\/?p=59422' aria-hidden='false' data-av_icon='\ue805' data-av_iconfont='entypo-fontello' title='' data-avia-related-tooltip='Compartir por correo'><span class='avia_hidden_link_text'>Compartir por correo<\/span><\/a><\/li><\/ul><\/div><\/div>\n<div  style='height:50px' class='hr hr-invisible   avia-builder-el-8  el_after_av_social_share  el_before_av_comments_list '><span class='hr-inner ' ><span class='hr-inner-style'><\/span><\/span><\/div>\n<div  class='av-buildercomment  av-blog-meta-html-info-disabled av-blog-meta-tag-disabled  '><\/div>\n","protected":false},"excerpt":{"rendered":"","protected":false},"author":1,"featured_media":48638,"comment_status":"closed","ping_status":"closed","sticky":false,"template":"","format":"standard","meta":{"footnotes":""},"categories":[55],"tags":[],"class_list":["post-59422","post","type-post","status-publish","format-standard","has-post-thumbnail","hentry","category-justicia"],"jetpack_featured_media_url":"https:\/\/radiorevelacionfm.cl\/wp-content\/uploads\/2024\/12\/Fiscal-Alex_Olivero_diciembre-1.jpg","_links":{"self":[{"href":"https:\/\/radiorevelacionfm.cl\/index.php?rest_route=\/wp\/v2\/posts\/59422","targetHints":{"allow":["GET"]}}],"collection":[{"href":"https:\/\/radiorevelacionfm.cl\/index.php?rest_route=\/wp\/v2\/posts"}],"about":[{"href":"https:\/\/radiorevelacionfm.cl\/index.php?rest_route=\/wp\/v2\/types\/post"}],"author":[{"embeddable":true,"href":"https:\/\/radiorevelacionfm.cl\/index.php?rest_route=\/wp\/v2\/users\/1"}],"replies":[{"embeddable":true,"href":"https:\/\/radiorevelacionfm.cl\/index.php?rest_route=%2Fwp%2Fv2%2Fcomments&post=59422"}],"version-history":[{"count":2,"href":"https:\/\/radiorevelacionfm.cl\/index.php?rest_route=\/wp\/v2\/posts\/59422\/revisions"}],"predecessor-version":[{"id":59424,"href":"https:\/\/radiorevelacionfm.cl\/index.php?rest_route=\/wp\/v2\/posts\/59422\/revisions\/59424"}],"wp:featuredmedia":[{"embeddable":true,"href":"https:\/\/radiorevelacionfm.cl\/index.php?rest_route=\/wp\/v2\/media\/48638"}],"wp:attachment":[{"href":"https:\/\/radiorevelacionfm.cl\/index.php?rest_route=%2Fwp%2Fv2%2Fmedia&parent=59422"}],"wp:term":[{"taxonomy":"category","embeddable":true,"href":"https:\/\/radiorevelacionfm.cl\/index.php?rest_route=%2Fwp%2Fv2%2Fcategories&post=59422"},{"taxonomy":"post_tag","embeddable":true,"href":"https:\/\/radiorevelacionfm.cl\/index.php?rest_route=%2Fwp%2Fv2%2Ftags&post=59422"}],"curies":[{"name":"wp","href":"https:\/\/api.w.org\/{rel}","templated":true}]}}