{"id":59417,"date":"2025-09-23T10:00:35","date_gmt":"2025-09-23T13:00:35","guid":{"rendered":"https:\/\/radiorevelacionfm.cl\/?p=59417"},"modified":"2025-09-23T10:00:35","modified_gmt":"2025-09-23T13:00:35","slug":"mop-pone-en-marcha-mejoramiento-del-servicio-sanitario-rural-de-villa-la-tapera-que-traera-una-mejor-calidad-de-vida-a-191-familias-del-sector","status":"publish","type":"post","link":"https:\/\/radiorevelacionfm.cl\/?p=59417","title":{"rendered":"MOP pone en marcha mejoramiento del Servicio Sanitario Rural de Villa La Tapera que traer\u00e1 una mejor calidad de vida a 191 familias del sector"},"content":{"rendered":"<div class=\"flex_column av_one_full  flex_column_div av-zero-column-padding first  avia-builder-el-0  el_before_av_one_full  avia-builder-el-first  \" style='border-radius:0px; '><div  class='avia-image-container  av-styling-    avia-builder-el-1  avia-builder-el-no-sibling  avia-align-center '  itemprop=\"image\" itemscope=\"itemscope\" itemtype=\"https:\/\/schema.org\/ImageObject\"  ><div class='avia-image-container-inner'><div class='avia-image-overlay-wrap'><img decoding=\"async\" class='wp-image-59418 avia-img-lazy-loading-not-59418 avia_image' src=\"https:\/\/radiorevelacionfm.cl\/wp-content\/uploads\/2025\/09\/IMG-20250922-WA0011-1-1.jpg\" alt='' title='IMG-20250922-WA0011 (1) (1)' height=\"600\" width=\"800\"  itemprop=\"thumbnailUrl\" srcset=\"https:\/\/radiorevelacionfm.cl\/wp-content\/uploads\/2025\/09\/IMG-20250922-WA0011-1-1.jpg 800w, https:\/\/radiorevelacionfm.cl\/wp-content\/uploads\/2025\/09\/IMG-20250922-WA0011-1-1-300x225.jpg 300w, https:\/\/radiorevelacionfm.cl\/wp-content\/uploads\/2025\/09\/IMG-20250922-WA0011-1-1-768x576.jpg 768w, https:\/\/radiorevelacionfm.cl\/wp-content\/uploads\/2025\/09\/IMG-20250922-WA0011-1-1-705x529.jpg 705w, https:\/\/radiorevelacionfm.cl\/wp-content\/uploads\/2025\/09\/IMG-20250922-WA0011-1-1-450x338.jpg 450w, https:\/\/radiorevelacionfm.cl\/wp-content\/uploads\/2025\/09\/IMG-20250922-WA0011-1-1-600x450.jpg 600w\" sizes=\"(max-width: 800px) 100vw, 800px\" \/><\/div><\/div><\/div><\/div><div class=\"flex_column av_one_full  flex_column_div av-zero-column-padding first  avia-builder-el-2  el_after_av_one_full  el_before_av_one_full  column-top-margin\" style='border-radius:0px; '><section class=\"av_textblock_section \"  itemscope=\"itemscope\" itemtype=\"https:\/\/schema.org\/BlogPosting\" itemprop=\"blogPost\" ><div class='avia_textblock  '   itemprop=\"text\" ><p style=\"text-align: center;\"><strong><span style=\"font-size: 18pt;\">MOP pone en marcha mejoramiento del Servicio Sanitario Rural de Villa La Tapera que traer\u00e1 una mejor calidad de vida a 191 familias del sector<\/span><\/strong><\/p>\n<div id=\"gtx-trans\" style=\"position: absolute; left: -50px; top: 4.31534px;\">\n<div class=\"gtx-trans-icon\"><\/div>\n<\/div>\n<\/div><\/section><\/div><div class=\"flex_column av_one_full  flex_column_div av-zero-column-padding first  avia-builder-el-4  el_after_av_one_full  el_before_av_hr  column-top-margin\" style='border-radius:0px; '><section class=\"av_textblock_section \"  itemscope=\"itemscope\" itemtype=\"https:\/\/schema.org\/BlogPosting\" itemprop=\"blogPost\" ><div class='avia_textblock  '   itemprop=\"text\" ><p style=\"text-align: justify;\">Hasta Villa La Tapera viajaron recientemente el Secretario Regional Ministerial de Obras P\u00fablicas (S) Francisco Real Bahamonde junto al Director de Obras Hidr\u00e1ulicas del MOP (S) Pablo Rojas, para poner en marcha el Mejoramiento del Servicio Sanitario Rural de esta localidad, mediante la realizaci\u00f3n de la entrega de terreno a la empresa constructora Hydric Solution SPA quienes se adjudicaron contrato y comenzar\u00e1n la materializaci\u00f3n de las obras.<\/p>\n<p style=\"text-align: justify;\">En la oportunidad estuvieron presentes acompa\u00f1ando a los y las vecinas en este importante hito, el Delegado Presidencial Regional Jorge D\u00edaz Guzm\u00e1n, la Alcaldesa de la comuna de Lago Verde Claudia Vald\u00e9s V\u00e1squez, las dirigentas saliente y nueva del Comit\u00e9 de Agua Potable Rural de La Tapera \u00c1ngela Valenzuela y Eris Becerra respectivamente, entre otros y otras representantes de la comunidad.<\/p>\n<p style=\"text-align: justify;\">Acerca de esta importante inversi\u00f3n, el Delegado Presidencial Regional, Jorge D\u00edaz Guzm\u00e1n destac\u00f3 el rol que tiene el Estado para poder concretar estas obras. \u201cEl Estado es de todos y para el gobierno del presidente Gabriel Boric es prioritario acercar todos los Servicios del Estado a la gente, reduciendo las desigualdades, mejorando la calidad de los servicios b\u00e1sicos e invirtiendo en todos los sectores urbanos y rurales de nuestra amplia regi\u00f3n\u201d<\/p>\n<p style=\"text-align: justify;\">Las obras adjudicadas por 3.206 millones de pesos de inversi\u00f3n provenientes de la Direcci\u00f3n de Obras Hidr\u00e1ulicas del MOP contar\u00e1 con un plazo de ejecuci\u00f3n de 20 meses y se estima un total de mano de obra directa ocupada de 18 personas para las obras civiles, y nueve personas m\u00e1s asociados al contrato de Asesor\u00eda a la Inspecci\u00f3n Fiscal de estos trabajos.<\/p>\n<p style=\"text-align: justify;\">Para Claudia Vald\u00e9s V\u00e1squez, Alcaldesa de la comuna de Lago Verde estas obras son muy importantes, porque atienden las necesidades de la comunidad.<\/p>\n<p style=\"text-align: justify;\">\u201cPara nosotros como municipio es importante porque hemos recogido la necesidad de la comunidad de Villa La Tapera que tiene que ver con mejorar ciertos puntos como la captaci\u00f3n del agua y estos recursos y esta inversi\u00f3n va a permitir justamente mejorar el servicio y calidad de un servicio b\u00e1sico como es el agua potable, y adem\u00e1s mediante esta inversi\u00f3n tambi\u00e9n se realizar\u00e1 una ampliaci\u00f3n de la red proyectando tambi\u00e9n las nuevas viviendas que se contemplan para la localidad de Villa La Tapera, as\u00ed que muy agradecida de la importante inversi\u00f3n que est\u00e1 haciendo el MOP regi\u00f3n de Ays\u00e9n en la comuna de Lago Verde\u201d.<\/p>\n<p style=\"text-align: justify;\">El Seremi del MOP (S), Francisco Real Bahamonde destac\u00f3 el objetivo de esta iniciativa. \u201cLo que viene hacer este proyecto hoy, es mejorar de forma integral el sistema completo\u201d.<\/p>\n<p style=\"text-align: justify;\">De esta manera, Francisco Real\u00a0 describi\u00f3 algunos detalles de las obras. El\u00a0 mejoramiento de este sistema considera la limpieza de la captaci\u00f3n, cambio de compuerta desarenadora y modificaci\u00f3n en c\u00e1mara h\u00fameda para mejorar la capacidad de desarenado de la captaci\u00f3n; la reposici\u00f3n de la l\u00ednea de aducci\u00f3n en 4.450 metros, incluyendo c\u00e1maras de ventosa y desag\u00fce; se implementar\u00e1 tambi\u00e9n un filtro de abatimiento de turbiedad, que permita abatir las part\u00edculas suspendidas en el agua captada y eliminar al m\u00ednimo la turbiedad, para luego ser clorado por medio de bomba inyectora de hipoclorito de cloro. Adem\u00e1s, se considera un nuevo circuito el\u00e9ctrico, conectado a la red el\u00e9ctrica y a 6 paneles solares, que funcionar\u00e1n como respaldo para el sistema de potabilizaci\u00f3n; se construir\u00e1 un nuevo estanque de hormig\u00f3n armado tipo semi enterrado de capacidad 200 m3 que regular\u00e1 las presiones del Servicio; 3.373 metros de tuber\u00eda se conectar\u00e1n al estanque de regulaci\u00f3n con las redes de distribuci\u00f3n como alimentadora principal del sistema, y 5.646 metros en tuber\u00eda permitir\u00e1n distribuir presiones en la localidad. Tambi\u00e9n, se instalar\u00e1n 11 grifos para incendios distribuidos en la localidad, y\u00a0 se reemplazar\u00e1n\u00a0 191 arranques domiciliarios, lo que incluye collar\u00edn, tuber\u00eda, medidor y nicho protector.<\/p>\n<p style=\"text-align: justify;\">As\u00ed tambi\u00e9n lo corrobor\u00f3 la actual presidenta del Comit\u00e9 de Agua Potable Rural de Villa La Tapera, \u00c1ngela Valenzuela, quien destac\u00f3 estar muy contenta por la ejecuci\u00f3n de estos trabajos.<\/p>\n<p style=\"text-align: justify;\">\u201cComo comunidad estamos muy contentos porque ya se va a dar una soluci\u00f3n definitiva a todos los pobladores y a la comunidad porque es muy antigua la instalaci\u00f3n de agua potable y tenemos muchos problemas de fugas, entonces para nosotros este proyecto nos da una tremenda facilidad de poder tener en condiciones a los vecinos con sus instalaciones correspondientes de agua potable en cada hogar. Gracias al MOP y a Obras Hidr\u00e1ulicas que tambi\u00e9n han puesto harto hincapi\u00e9 en este proyecto para dar soluci\u00f3n a los vecinos de Villa La Tapera\u201d, indic\u00f3 la dirigenta.<\/p>\n<p style=\"text-align: justify;\">En tanto, Eris Becerra Sandoval, usuaria del Agua Potable Rural y nueva dirigenta del Comit\u00e9 de Agua Potable Rural resalt\u00f3 que la comunidad est\u00e1 creciendo m\u00e1s, as\u00ed que se necesita esta obra que se est\u00e1 ejecutando.<\/p>\n<p style=\"text-align: justify;\">\u201cComo usuaria me siento contenta de que estas obras se est\u00e9n realizando\u201d. Al consultarle a Eris por los cambios que traer\u00e1n las nuevas obras, ella agreg\u00f3: \u201cBueno la calidad del agua, la llegada del agua, porque siempre en invierno el agua se corta, se escarcha y ya los materiales con los que estaba funcionando el agua ya est\u00e1n malos, tan con muchos a\u00f1os; entonces, yo creo que estas nuevas obras van a contribuir mucho a la comunidad\u201d<\/p>\n<p style=\"text-align: justify;\">El Servicio Sanitario Rural (SSR) de Villa La Tapera, que inici\u00f3 su operaci\u00f3n el a\u00f1o 1982, actualmente abastece a 156 familias, las que hoy podr\u00e1n contar con el mejoramiento integral de toda su infraestructura y la ampliaci\u00f3n del sistema para al finalizar las obras totalizar 191 familias conectadas y con abastecimiento de agua potable en sus hogares, lo que claramente como mencionaron las dirigentas, permitir\u00e1 mejorar la calidad de su servicio de agua potable y sus vidas.<\/p>\n<\/div><\/section><\/div><div  style='height:50px' class='hr hr-invisible   avia-builder-el-6  el_after_av_one_full  el_before_av_social_share '><span class='hr-inner ' ><span class='hr-inner-style'><\/span><\/span><\/div><\/p>\n<div  class='av-social-sharing-box  avia-builder-el-7  el_after_av_hr  el_before_av_hr  '><div class='av-share-box'><h5 class='av-share-link-description av-no-toc '>Compartir esta noticia<\/h5><ul class='av-share-box-list noLightbox'><li class='av-share-link av-social-link-facebook' ><a target=\"_blank\" aria-label=\"Compartir en Facebook\" href='https:\/\/www.facebook.com\/sharer.php?u=https:\/\/radiorevelacionfm.cl\/?p=59417&#038;t=MOP%20pone%20en%20marcha%20mejoramiento%20del%20Servicio%20Sanitario%20Rural%20de%20Villa%20La%20Tapera%20que%20traer%C3%A1%20una%20mejor%20calidad%20de%20vida%20a%20191%20familias%20del%20sector' aria-hidden='false' data-av_icon='\ue8f3' data-av_iconfont='entypo-fontello' title='' data-avia-related-tooltip='Compartir en Facebook' rel=\"noopener\"><span class='avia_hidden_link_text'>Compartir en Facebook<\/span><\/a><\/li><li class='av-share-link av-social-link-twitter' ><a target=\"_blank\" aria-label=\"Compartir en Twitter\" href='https:\/\/twitter.com\/share?text=MOP%20pone%20en%20marcha%20mejoramiento%20del%20Servicio%20Sanitario%20Rural%20de%20Villa%20La%20Tapera%20que%20traer%C3%A1%20una%20mejor%20calidad%20de%20vida%20a%20191%20familias%20del%20sector&#038;url=https:\/\/radiorevelacionfm.cl\/?p=59417' aria-hidden='false' data-av_icon='\ue8f1' data-av_iconfont='entypo-fontello' title='' data-avia-related-tooltip='Compartir en Twitter' rel=\"noopener\"><span class='avia_hidden_link_text'>Compartir en Twitter<\/span><\/a><\/li><li class='av-share-link av-social-link-whatsapp' ><a target=\"_blank\" aria-label=\"Compartir en Whatsapp\" href='https:\/\/api.whatsapp.com\/send?text=https:\/\/radiorevelacionfm.cl\/?p=59417' aria-hidden='false' data-av_icon='\uf232' data-av_iconfont='entypo-fontello' title='' data-avia-related-tooltip='Compartir en Whatsapp' rel=\"noopener\"><span class='avia_hidden_link_text'>Compartir en Whatsapp<\/span><\/a><\/li><li class='av-share-link av-social-link-linkedin' ><a target=\"_blank\" aria-label=\"Compartir en LinkedIn\" href='https:\/\/linkedin.com\/shareArticle?mini=true&#038;title=MOP%20pone%20en%20marcha%20mejoramiento%20del%20Servicio%20Sanitario%20Rural%20de%20Villa%20La%20Tapera%20que%20traer%C3%A1%20una%20mejor%20calidad%20de%20vida%20a%20191%20familias%20del%20sector&#038;url=https:\/\/radiorevelacionfm.cl\/?p=59417' aria-hidden='false' data-av_icon='\ue8fc' data-av_iconfont='entypo-fontello' title='' data-avia-related-tooltip='Compartir en LinkedIn' rel=\"noopener\"><span class='avia_hidden_link_text'>Compartir en LinkedIn<\/span><\/a><\/li><li class='av-share-link av-social-link-mail' ><a  aria-label=\"Compartir por correo\" href='mailto:?subject=MOP%20pone%20en%20marcha%20mejoramiento%20del%20Servicio%20Sanitario%20Rural%20de%20Villa%20La%20Tapera%20que%20traer%C3%A1%20una%20mejor%20calidad%20de%20vida%20a%20191%20familias%20del%20sector&#038;body=https:\/\/radiorevelacionfm.cl\/?p=59417' aria-hidden='false' data-av_icon='\ue805' data-av_iconfont='entypo-fontello' title='' data-avia-related-tooltip='Compartir por correo'><span class='avia_hidden_link_text'>Compartir por correo<\/span><\/a><\/li><\/ul><\/div><\/div>\n<div  style='height:50px' class='hr hr-invisible   avia-builder-el-8  el_after_av_social_share  el_before_av_comments_list '><span class='hr-inner ' ><span class='hr-inner-style'><\/span><\/span><\/div>\n<div  class='av-buildercomment  av-blog-meta-html-info-disabled av-blog-meta-tag-disabled  '><\/div>\n","protected":false},"excerpt":{"rendered":"","protected":false},"author":1,"featured_media":59418,"comment_status":"closed","ping_status":"closed","sticky":false,"template":"","format":"standard","meta":{"footnotes":""},"categories":[38],"tags":[],"class_list":["post-59417","post","type-post","status-publish","format-standard","has-post-thumbnail","hentry","category-regional"],"jetpack_featured_media_url":"https:\/\/radiorevelacionfm.cl\/wp-content\/uploads\/2025\/09\/IMG-20250922-WA0011-1-1.jpg","_links":{"self":[{"href":"https:\/\/radiorevelacionfm.cl\/index.php?rest_route=\/wp\/v2\/posts\/59417","targetHints":{"allow":["GET"]}}],"collection":[{"href":"https:\/\/radiorevelacionfm.cl\/index.php?rest_route=\/wp\/v2\/posts"}],"about":[{"href":"https:\/\/radiorevelacionfm.cl\/index.php?rest_route=\/wp\/v2\/types\/post"}],"author":[{"embeddable":true,"href":"https:\/\/radiorevelacionfm.cl\/index.php?rest_route=\/wp\/v2\/users\/1"}],"replies":[{"embeddable":true,"href":"https:\/\/radiorevelacionfm.cl\/index.php?rest_route=%2Fwp%2Fv2%2Fcomments&post=59417"}],"version-history":[{"count":2,"href":"https:\/\/radiorevelacionfm.cl\/index.php?rest_route=\/wp\/v2\/posts\/59417\/revisions"}],"predecessor-version":[{"id":59420,"href":"https:\/\/radiorevelacionfm.cl\/index.php?rest_route=\/wp\/v2\/posts\/59417\/revisions\/59420"}],"wp:featuredmedia":[{"embeddable":true,"href":"https:\/\/radiorevelacionfm.cl\/index.php?rest_route=\/wp\/v2\/media\/59418"}],"wp:attachment":[{"href":"https:\/\/radiorevelacionfm.cl\/index.php?rest_route=%2Fwp%2Fv2%2Fmedia&parent=59417"}],"wp:term":[{"taxonomy":"category","embeddable":true,"href":"https:\/\/radiorevelacionfm.cl\/index.php?rest_route=%2Fwp%2Fv2%2Fcategories&post=59417"},{"taxonomy":"post_tag","embeddable":true,"href":"https:\/\/radiorevelacionfm.cl\/index.php?rest_route=%2Fwp%2Fv2%2Ftags&post=59417"}],"curies":[{"name":"wp","href":"https:\/\/api.w.org\/{rel}","templated":true}]}}