{"id":59412,"date":"2025-09-22T19:10:17","date_gmt":"2025-09-22T22:10:17","guid":{"rendered":"https:\/\/radiorevelacionfm.cl\/?p=59412"},"modified":"2025-09-22T19:10:17","modified_gmt":"2025-09-22T22:10:17","slug":"anuncian-inicio-de-traslados-nocturnos-de-carga-para-el-parque-eolico-alto-baguales","status":"publish","type":"post","link":"https:\/\/radiorevelacionfm.cl\/?p=59412","title":{"rendered":"Anuncian inicio de traslados nocturnos de carga para el Parque E\u00f3lico Alto Baguales"},"content":{"rendered":"<div class=\"flex_column av_one_full  flex_column_div av-zero-column-padding first  avia-builder-el-0  el_before_av_one_full  avia-builder-el-first  \" style='border-radius:0px; '><div  class='avia-image-container  av-styling-    avia-builder-el-1  avia-builder-el-no-sibling  avia-align-center '  itemprop=\"image\" itemscope=\"itemscope\" itemtype=\"https:\/\/schema.org\/ImageObject\"  ><div class='avia-image-container-inner'><div class='avia-image-overlay-wrap'><img decoding=\"async\" class='wp-image-59414 avia-img-lazy-loading-not-59414 avia_image' src=\"https:\/\/radiorevelacionfm.cl\/wp-content\/uploads\/2025\/09\/ab-arribo-1-1_optimized.jpeg\" alt='' title='ab-arribo-(1)-(1)_optimized' height=\"600\" width=\"900\"  itemprop=\"thumbnailUrl\" srcset=\"https:\/\/radiorevelacionfm.cl\/wp-content\/uploads\/2025\/09\/ab-arribo-1-1_optimized.jpeg 900w, https:\/\/radiorevelacionfm.cl\/wp-content\/uploads\/2025\/09\/ab-arribo-1-1_optimized-300x200.jpeg 300w, https:\/\/radiorevelacionfm.cl\/wp-content\/uploads\/2025\/09\/ab-arribo-1-1_optimized-768x512.jpeg 768w, https:\/\/radiorevelacionfm.cl\/wp-content\/uploads\/2025\/09\/ab-arribo-1-1_optimized-705x470.jpeg 705w, https:\/\/radiorevelacionfm.cl\/wp-content\/uploads\/2025\/09\/ab-arribo-1-1_optimized-450x300.jpeg 450w, https:\/\/radiorevelacionfm.cl\/wp-content\/uploads\/2025\/09\/ab-arribo-1-1_optimized-600x400.jpeg 600w\" sizes=\"(max-width: 900px) 100vw, 900px\" \/><\/div><\/div><\/div><\/div><div class=\"flex_column av_one_full  flex_column_div av-zero-column-padding first  avia-builder-el-2  el_after_av_one_full  el_before_av_one_full  column-top-margin\" style='border-radius:0px; '><section class=\"av_textblock_section \"  itemscope=\"itemscope\" itemtype=\"https:\/\/schema.org\/BlogPosting\" itemprop=\"blogPost\" ><div class='avia_textblock  '   itemprop=\"text\" ><p style=\"text-align: center;\"><strong><span style=\"font-size: 18pt;\">Anuncian inicio de traslados nocturnos de carga para el Parque E\u00f3lico Alto Baguales<\/span><\/strong><\/p>\n<div id=\"gtx-trans\" style=\"position: absolute; left: -50px; top: 4.31534px;\">\n<div class=\"gtx-trans-icon\"><\/div>\n<\/div>\n<\/div><\/section><\/div><div class=\"flex_column av_one_full  flex_column_div av-zero-column-padding first  avia-builder-el-4  el_after_av_one_full  el_before_av_hr  column-top-margin\" style='border-radius:0px; '><section class=\"av_textblock_section \"  itemscope=\"itemscope\" itemtype=\"https:\/\/schema.org\/BlogPosting\" itemprop=\"blogPost\" ><div class='avia_textblock  '   itemprop=\"text\" ><p style=\"text-align: justify;\"><em>Desde el pr\u00f3ximo 25 de septiembre y hasta el 15 de noviembre se realizar\u00e1n traslados a partir de las 23 hrs, desde Puerto Chacabuco hacia Alto Baguales. Las maniobras contemplan detenciones programadas y tr\u00e1nsito lento, sin cortes totales en la ruta.<\/em><\/p>\n<p style=\"text-align: justify;\">La el\u00e9ctrica inform\u00f3 que, en el marco de la construcci\u00f3n que dar\u00e1 vida a la ampliaci\u00f3n del Parque E\u00f3lico Alto Baguales, a partir del jueves 25 de septiembre se dar\u00e1 inicio al traslado nocturno de los componentes de este proyecto. En ese sentido, las maniobras se extender\u00e1n hasta el 15 de noviembre, considerando la ruta 240 desde Puerto Chacabuco en Ays\u00e9n, hasta Alto Baguales de Coyhaique.<\/p>\n<p style=\"text-align: justify;\">De acuerdo con la planificaci\u00f3n, los traslados con carga se efectuar\u00e1n los d\u00edas: lunes, jueves y s\u00e1bado, en horario de 23:00 a 06:00 horas. En tanto, los retornos sin carga se realizar\u00e1n los martes, viernes y domingo, entre las 13:00 y las 18:00 horas, a velocidad normal.<\/p>\n<p style=\"text-align: justify;\">Durante los d\u00edas de traslado con carga se contemplan detenciones programadas y tr\u00e1nsito lento, aunque no se prev\u00e9 el corte total de tr\u00e1nsito en la Ruta CH-240 ni en la Ruta 7. Por ello, desde Edelaysen recomendaron a los conductores transitar con precauci\u00f3n entre Coyhaique y Puerto Ays\u00e9n, evitando en lo posible circular en los horarios mencionados, y en caso de hacerlo, mantener siempre las distancias de seguridad.<\/p>\n<p style=\"text-align: justify;\">Al respecto Leonardo Mor\u00e1n, gerente de Proyectos e Inversiones de Edelaysen destac\u00f3: \u201cEl inicio de estos traslados marca un hito muy importante en el avance del proyecto, ya que significa que los componentes principales de los aerogeneradores muy pronto estar\u00e1n en Alto Baguales. En ese sentido, queremos trasmitir tranquilidad a la comunidad: si bien habr\u00e1 un tr\u00e1nsito m\u00e1s lento y detenciones programadas, en ning\u00fan caso se realizar\u00e1n cortes totales en la Ruta CH240 ni Ruta 7. Hemos trabajado coordinadamente con las autoridades para resguardar la seguridad y reducir las molestias. Agradecemos la comprensi\u00f3n y colaboraci\u00f3n de todos, porque este proyecto avanza firme y traer\u00e1 beneficios para toda la Regi\u00f3n de Ays\u00e9n con energ\u00eda m\u00e1s limpia y sostenible\u201d.<\/p>\n<p style=\"text-align: justify;\">Con estas acciones, Edelaysen junto al Grupo Saesa reafirman su compromiso con el desarrollo de una matriz energ\u00e9tica m\u00e1s limpia y sostenible para la regi\u00f3n, trabajando en conjunto con la comunidad y autoridades para avanzar en un sistema el\u00e9ctrico dotado de m\u00e1s energ\u00edas renovables.<\/p>\n<p style=\"text-align: justify;\">As\u00ed mismo, expusieron que, ante dudas o consultas de la comunidad, estas se pueden realizar directamente al correo contacto.altobaguales@saesa.cl<\/p>\n<\/div><\/section><\/div><div  style='height:50px' class='hr hr-invisible   avia-builder-el-6  el_after_av_one_full  el_before_av_social_share '><span class='hr-inner ' ><span class='hr-inner-style'><\/span><\/span><\/div><\/p>\n<div  class='av-social-sharing-box  avia-builder-el-7  el_after_av_hr  el_before_av_hr  '><div class='av-share-box'><h5 class='av-share-link-description av-no-toc '>Compartir esta noticia<\/h5><ul class='av-share-box-list noLightbox'><li class='av-share-link av-social-link-facebook' ><a target=\"_blank\" aria-label=\"Compartir en Facebook\" href='https:\/\/www.facebook.com\/sharer.php?u=https:\/\/radiorevelacionfm.cl\/?p=59412&#038;t=Anuncian%20inicio%20de%20traslados%20nocturnos%20de%20carga%20para%20el%20Parque%20E%C3%B3lico%20Alto%20Baguales' aria-hidden='false' data-av_icon='\ue8f3' data-av_iconfont='entypo-fontello' title='' data-avia-related-tooltip='Compartir en Facebook' rel=\"noopener\"><span class='avia_hidden_link_text'>Compartir en Facebook<\/span><\/a><\/li><li class='av-share-link av-social-link-twitter' ><a target=\"_blank\" aria-label=\"Compartir en Twitter\" href='https:\/\/twitter.com\/share?text=Anuncian%20inicio%20de%20traslados%20nocturnos%20de%20carga%20para%20el%20Parque%20E%C3%B3lico%20Alto%20Baguales&#038;url=https:\/\/radiorevelacionfm.cl\/?p=59412' aria-hidden='false' data-av_icon='\ue8f1' data-av_iconfont='entypo-fontello' title='' data-avia-related-tooltip='Compartir en Twitter' rel=\"noopener\"><span class='avia_hidden_link_text'>Compartir en Twitter<\/span><\/a><\/li><li class='av-share-link av-social-link-whatsapp' ><a target=\"_blank\" aria-label=\"Compartir en Whatsapp\" href='https:\/\/api.whatsapp.com\/send?text=https:\/\/radiorevelacionfm.cl\/?p=59412' aria-hidden='false' data-av_icon='\uf232' data-av_iconfont='entypo-fontello' title='' data-avia-related-tooltip='Compartir en Whatsapp' rel=\"noopener\"><span class='avia_hidden_link_text'>Compartir en Whatsapp<\/span><\/a><\/li><li class='av-share-link av-social-link-linkedin' ><a target=\"_blank\" aria-label=\"Compartir en LinkedIn\" href='https:\/\/linkedin.com\/shareArticle?mini=true&#038;title=Anuncian%20inicio%20de%20traslados%20nocturnos%20de%20carga%20para%20el%20Parque%20E%C3%B3lico%20Alto%20Baguales&#038;url=https:\/\/radiorevelacionfm.cl\/?p=59412' aria-hidden='false' data-av_icon='\ue8fc' data-av_iconfont='entypo-fontello' title='' data-avia-related-tooltip='Compartir en LinkedIn' rel=\"noopener\"><span class='avia_hidden_link_text'>Compartir en LinkedIn<\/span><\/a><\/li><li class='av-share-link av-social-link-mail' ><a  aria-label=\"Compartir por correo\" href='mailto:?subject=Anuncian%20inicio%20de%20traslados%20nocturnos%20de%20carga%20para%20el%20Parque%20E%C3%B3lico%20Alto%20Baguales&#038;body=https:\/\/radiorevelacionfm.cl\/?p=59412' aria-hidden='false' data-av_icon='\ue805' data-av_iconfont='entypo-fontello' title='' data-avia-related-tooltip='Compartir por correo'><span class='avia_hidden_link_text'>Compartir por correo<\/span><\/a><\/li><\/ul><\/div><\/div>\n<div  style='height:50px' class='hr hr-invisible   avia-builder-el-8  el_after_av_social_share  el_before_av_comments_list '><span class='hr-inner ' ><span class='hr-inner-style'><\/span><\/span><\/div>\n<div  class='av-buildercomment  av-blog-meta-html-info-disabled av-blog-meta-tag-disabled  '><\/div>\n","protected":false},"excerpt":{"rendered":"","protected":false},"author":1,"featured_media":59414,"comment_status":"closed","ping_status":"closed","sticky":false,"template":"","format":"standard","meta":{"footnotes":""},"categories":[38],"tags":[],"class_list":["post-59412","post","type-post","status-publish","format-standard","has-post-thumbnail","hentry","category-regional"],"jetpack_featured_media_url":"https:\/\/radiorevelacionfm.cl\/wp-content\/uploads\/2025\/09\/ab-arribo-1-1_optimized.jpeg","_links":{"self":[{"href":"https:\/\/radiorevelacionfm.cl\/index.php?rest_route=\/wp\/v2\/posts\/59412","targetHints":{"allow":["GET"]}}],"collection":[{"href":"https:\/\/radiorevelacionfm.cl\/index.php?rest_route=\/wp\/v2\/posts"}],"about":[{"href":"https:\/\/radiorevelacionfm.cl\/index.php?rest_route=\/wp\/v2\/types\/post"}],"author":[{"embeddable":true,"href":"https:\/\/radiorevelacionfm.cl\/index.php?rest_route=\/wp\/v2\/users\/1"}],"replies":[{"embeddable":true,"href":"https:\/\/radiorevelacionfm.cl\/index.php?rest_route=%2Fwp%2Fv2%2Fcomments&post=59412"}],"version-history":[{"count":2,"href":"https:\/\/radiorevelacionfm.cl\/index.php?rest_route=\/wp\/v2\/posts\/59412\/revisions"}],"predecessor-version":[{"id":59416,"href":"https:\/\/radiorevelacionfm.cl\/index.php?rest_route=\/wp\/v2\/posts\/59412\/revisions\/59416"}],"wp:featuredmedia":[{"embeddable":true,"href":"https:\/\/radiorevelacionfm.cl\/index.php?rest_route=\/wp\/v2\/media\/59414"}],"wp:attachment":[{"href":"https:\/\/radiorevelacionfm.cl\/index.php?rest_route=%2Fwp%2Fv2%2Fmedia&parent=59412"}],"wp:term":[{"taxonomy":"category","embeddable":true,"href":"https:\/\/radiorevelacionfm.cl\/index.php?rest_route=%2Fwp%2Fv2%2Fcategories&post=59412"},{"taxonomy":"post_tag","embeddable":true,"href":"https:\/\/radiorevelacionfm.cl\/index.php?rest_route=%2Fwp%2Fv2%2Ftags&post=59412"}],"curies":[{"name":"wp","href":"https:\/\/api.w.org\/{rel}","templated":true}]}}