{"id":59408,"date":"2025-09-22T17:00:21","date_gmt":"2025-09-22T20:00:21","guid":{"rendered":"https:\/\/radiorevelacionfm.cl\/?p=59408"},"modified":"2025-09-22T17:00:21","modified_gmt":"2025-09-22T20:00:21","slug":"gobierno-destaca-comportamiento-de-la-ciudadania-durante-fiestas-patrias","status":"publish","type":"post","link":"https:\/\/radiorevelacionfm.cl\/?p=59408","title":{"rendered":"Gobierno destaca comportamiento de la ciudadan\u00eda durante Fiestas Patrias"},"content":{"rendered":"<div class=\"flex_column av_one_full  flex_column_div av-zero-column-padding first  avia-builder-el-0  el_before_av_one_full  avia-builder-el-first  \" style='border-radius:0px; '><div  class='avia-image-container  av-styling-    avia-builder-el-1  avia-builder-el-no-sibling  avia-align-center '  itemprop=\"image\" itemscope=\"itemscope\" itemtype=\"https:\/\/schema.org\/ImageObject\"  ><div class='avia-image-container-inner'><div class='avia-image-overlay-wrap'><img decoding=\"async\" class='wp-image-59409 avia-img-lazy-loading-not-59409 avia_image' src=\"https:\/\/radiorevelacionfm.cl\/wp-content\/uploads\/2025\/09\/547258575_798379869242670_4316818207116899243_n-1_optimized.jpg\" alt='' title='547258575_798379869242670_4316818207116899243_n-(1)_optimized' height=\"600\" width=\"900\"  itemprop=\"thumbnailUrl\" srcset=\"https:\/\/radiorevelacionfm.cl\/wp-content\/uploads\/2025\/09\/547258575_798379869242670_4316818207116899243_n-1_optimized.jpg 900w, https:\/\/radiorevelacionfm.cl\/wp-content\/uploads\/2025\/09\/547258575_798379869242670_4316818207116899243_n-1_optimized-300x200.jpg 300w, https:\/\/radiorevelacionfm.cl\/wp-content\/uploads\/2025\/09\/547258575_798379869242670_4316818207116899243_n-1_optimized-768x512.jpg 768w, https:\/\/radiorevelacionfm.cl\/wp-content\/uploads\/2025\/09\/547258575_798379869242670_4316818207116899243_n-1_optimized-705x470.jpg 705w, https:\/\/radiorevelacionfm.cl\/wp-content\/uploads\/2025\/09\/547258575_798379869242670_4316818207116899243_n-1_optimized-450x300.jpg 450w, https:\/\/radiorevelacionfm.cl\/wp-content\/uploads\/2025\/09\/547258575_798379869242670_4316818207116899243_n-1_optimized-600x400.jpg 600w\" sizes=\"(max-width: 900px) 100vw, 900px\" \/><\/div><\/div><\/div><\/div><div class=\"flex_column av_one_full  flex_column_div av-zero-column-padding first  avia-builder-el-2  el_after_av_one_full  el_before_av_one_full  column-top-margin\" style='border-radius:0px; '><section class=\"av_textblock_section \"  itemscope=\"itemscope\" itemtype=\"https:\/\/schema.org\/BlogPosting\" itemprop=\"blogPost\" ><div class='avia_textblock  '   itemprop=\"text\" ><p style=\"text-align: center;\"><strong><span style=\"font-size: 18pt;\">Gobierno destaca comportamiento de la ciudadan\u00eda durante Fiestas Patrias<\/span><\/strong><\/p>\n<div id=\"gtx-trans\" style=\"position: absolute; left: -50px; top: 4.31534px;\">\n<div class=\"gtx-trans-icon\"><\/div>\n<\/div>\n<\/div><\/section><\/div><div class=\"flex_column av_one_full  flex_column_div av-zero-column-padding first  avia-builder-el-4  el_after_av_one_full  el_before_av_hr  column-top-margin\" style='border-radius:0px; '><section class=\"av_textblock_section \"  itemscope=\"itemscope\" itemtype=\"https:\/\/schema.org\/BlogPosting\" itemprop=\"blogPost\" ><div class='avia_textblock  '   itemprop=\"text\" ><p style=\"font-weight: 400; text-align: justify;\">Un reconocimiento al buen comportamiento de la ciudadan\u00eda durante los d\u00edas de Fiestas Patrias, realiz\u00f3 este lunes el Gobierno al hacer un balance de la labor desempe\u00f1ada por servicios p\u00fablicos que desarrollaron acciones preventivas y fiscalizadoras en la Regi\u00f3n de Ays\u00e9n.<\/p>\n<p style=\"font-weight: 400; text-align: justify;\">La instancia fue convocada por el Delegado Presidencial Regional, Jorge D\u00edaz Guzm\u00e1n, junto a seremis de Seguridad P\u00fablica, Ruth Vallejos; Salud, Gloria \u00c1guila; Mujer y Equidad de G\u00e9nero, Isidora Gacit\u00faa; Transportes y Telecomunicaciones, Hans Zimmermann; Gobierno, \u00darsula Mix; Prefecto de Carabineros, Juan Abarca; jefe de la Regi\u00f3n Policial de Ays\u00e9n, Javier Valenzuela; directora regional de Senda, Victoria Contreras; y de Senapred (s), Carlos Ureta.<\/p>\n<p style=\"font-weight: 400; text-align: justify;\">\u201cFelicitar a todos los servicios p\u00fablicos, a nuestras polic\u00edas, que se desplegaron no solamente el fin de semana, sino que tambi\u00e9n durante los d\u00edas previos. Desde un punto de vista estad\u00edstico, hemos obtenido un buen resultado y la familia regional entendi\u00f3 el mensaje del autocuidado, con cerca de 30 mil personas que acudieron al Parque Urbano de Coyhaique. Si bien las cifras son mejores que el a\u00f1o pasado, no vamos a descansar hasta que ojal\u00e1 podamos llegar a cero en cada\u00a0 una de las variables en que debemos mejorar\u201d, indic\u00f3 el Delegado Presidencial Regional.<\/p>\n<p style=\"font-weight: 400; text-align: justify;\">En cuanto a accidentabilidad, el seremi Hans Zimmermann detall\u00f3 que \u201cno hemos tenido accidentes de tr\u00e1nsito con resultados fatales, por lo que no estamos aportando a las estad\u00edsticas con fallecidos desde el a\u00f1o 2019, lo que tiene que ver con la responsabilidad de los conductores. Sin perjuicio de ello, hemos registrado cinco siniestros viales durante los d\u00edas de Fiestas Patrias, uno m\u00e1s que en el a\u00f1o 2023 \u2013cuando tuvimos la misma cantidad de d\u00edas- con resultado de una persona con lesiones graves, que se encuentra estable\u201d.<\/p>\n<p style=\"font-weight: 400; text-align: justify;\">\u201cEn salud \u2013agreg\u00f3 la seremi Gloria \u00c1guila-, realizamos 207 fiscalizaciones, tres decomisos con 720 kilos de carne en Puerto Ays\u00e9n y ocho sumarios sanitarios, no tenemos registros intoxicaciones o enfermedades de alimentos y no hubo ingresos hospitalarios por intoxicaciones alimentarias. Tuvimos tambi\u00e9n una labor preventiva importante en evitar exceso de alcohol, especialmente en los j\u00f3venes\u201d.<\/p>\n<p style=\"font-weight: 400; text-align: justify;\">El coronel Juan Abarca, prefecto de Carabineros de la Prefectura Ays\u00e9n dijo que en Coyhaique hubo cerca de 60 funcionarios y en Ays\u00e9n alrededor de 30 trabajando en labores preventivas para una mayor seguridad p\u00fablica.<\/p>\n<p style=\"font-weight: 400; text-align: justify;\">\u201cLos controles en patrullajes y servicios especiales en las fondas fueron 4.196; divididos en 1.818 controles de identidad; 82 a locales de alcoholes, 2.170 controles vehiculares, 110 controles a locales comerciales y 16 a la seguridad privada. Las infracciones cursadas fueron 156, siendo la mayor cantidad las infracciones de tr\u00e1nsito con 104, 31 a la Ley de Alcoholes, nueve notificaciones por infracci\u00f3n a las ordenanzas municipales; 4 a la Ley de Seguridad Privada y ocho infractores de drogas. Los detenidos fueron 45 sin homicidios, sin femicidios, ni ning\u00fan otro hecho grave que lamentar\u201d, detall\u00f3.<\/p>\n<p style=\"font-weight: 400; text-align: justify;\">Desde la PDI, el prefecto inspector Javier Valenzuela Riquelme, jefe de la Regi\u00f3n Policial de Ays\u00e9n, coment\u00f3 que, al igual que el resto de los servicio, el balance institucional es positivo.<\/p>\n<p style=\"font-weight: 400; text-align: justify;\">\u201cEn lo que respecta a investigaci\u00f3n criminal, tenemos un descenso ostensible en cuanto a denuncias recibidas, un 60% menos de denuncias recibidas respecto al mismo periodo del a\u00f1o pasado. Estamos hablando que bajamos de 10 denuncias a 4, y lo m\u00e1s importante resaltar es que no hay ninguna denuncia por hechos graves, solamente delitos ordinarios, comunes, y no hay ning\u00fan delito contra las personas, ll\u00e1mese alguna lesi\u00f3n grave, alg\u00fan homicidio, alg\u00fan femicidio, violencia interfamiliar o abuso sexual, no tuvimos este a\u00f1o, y eso es bastante positivo\u201d, coment\u00f3 el jefe policial.<\/p>\n<p style=\"font-weight: 400; text-align: justify;\">Respecto al movimiento migratorio durante estas fechas, el prefecto inspector Valenzuela detall\u00f3 que, \u201ctuvimos una afluencia a nivel regional de m\u00e1s o menos 3.000 personas que transitaron por los controles fronterizos, que fue bastante fluida y controlada, y a nivel nacional tuvimos un aumento de 5% de ingresos de turistas argentinos a Chile durante estas fiestas\u201d.<\/p>\n<p style=\"font-weight: 400; text-align: justify;\">Las autoridades presentes destacaron la importancia del trabajo intersectorial preventivo para la seguridad p\u00fablica, con un despliegue peri\u00f3dico que se mantendr\u00e1 considerando el aumento de actividades y visitantes que conlleva el inicio del per\u00edodo estival.<\/p>\n<\/div><\/section><\/div><div  style='height:50px' class='hr hr-invisible   avia-builder-el-6  el_after_av_one_full  el_before_av_social_share '><span class='hr-inner ' ><span class='hr-inner-style'><\/span><\/span><\/div><\/p>\n<div  class='av-social-sharing-box  avia-builder-el-7  el_after_av_hr  el_before_av_hr  '><div class='av-share-box'><h5 class='av-share-link-description av-no-toc '>Compartir esta noticia<\/h5><ul class='av-share-box-list noLightbox'><li class='av-share-link av-social-link-facebook' ><a target=\"_blank\" aria-label=\"Compartir en Facebook\" href='https:\/\/www.facebook.com\/sharer.php?u=https:\/\/radiorevelacionfm.cl\/?p=59408&#038;t=Gobierno%20destaca%20comportamiento%20de%20la%20ciudadan%C3%ADa%20durante%20Fiestas%20Patrias' aria-hidden='false' data-av_icon='\ue8f3' data-av_iconfont='entypo-fontello' title='' data-avia-related-tooltip='Compartir en Facebook' rel=\"noopener\"><span class='avia_hidden_link_text'>Compartir en Facebook<\/span><\/a><\/li><li class='av-share-link av-social-link-twitter' ><a target=\"_blank\" aria-label=\"Compartir en Twitter\" href='https:\/\/twitter.com\/share?text=Gobierno%20destaca%20comportamiento%20de%20la%20ciudadan%C3%ADa%20durante%20Fiestas%20Patrias&#038;url=https:\/\/radiorevelacionfm.cl\/?p=59408' aria-hidden='false' data-av_icon='\ue8f1' data-av_iconfont='entypo-fontello' title='' data-avia-related-tooltip='Compartir en Twitter' rel=\"noopener\"><span class='avia_hidden_link_text'>Compartir en Twitter<\/span><\/a><\/li><li class='av-share-link av-social-link-whatsapp' ><a target=\"_blank\" aria-label=\"Compartir en Whatsapp\" href='https:\/\/api.whatsapp.com\/send?text=https:\/\/radiorevelacionfm.cl\/?p=59408' aria-hidden='false' data-av_icon='\uf232' data-av_iconfont='entypo-fontello' title='' data-avia-related-tooltip='Compartir en Whatsapp' rel=\"noopener\"><span class='avia_hidden_link_text'>Compartir en Whatsapp<\/span><\/a><\/li><li class='av-share-link av-social-link-linkedin' ><a target=\"_blank\" aria-label=\"Compartir en LinkedIn\" href='https:\/\/linkedin.com\/shareArticle?mini=true&#038;title=Gobierno%20destaca%20comportamiento%20de%20la%20ciudadan%C3%ADa%20durante%20Fiestas%20Patrias&#038;url=https:\/\/radiorevelacionfm.cl\/?p=59408' aria-hidden='false' data-av_icon='\ue8fc' data-av_iconfont='entypo-fontello' title='' data-avia-related-tooltip='Compartir en LinkedIn' rel=\"noopener\"><span class='avia_hidden_link_text'>Compartir en LinkedIn<\/span><\/a><\/li><li class='av-share-link av-social-link-mail' ><a  aria-label=\"Compartir por correo\" href='mailto:?subject=Gobierno%20destaca%20comportamiento%20de%20la%20ciudadan%C3%ADa%20durante%20Fiestas%20Patrias&#038;body=https:\/\/radiorevelacionfm.cl\/?p=59408' aria-hidden='false' data-av_icon='\ue805' data-av_iconfont='entypo-fontello' title='' data-avia-related-tooltip='Compartir por correo'><span class='avia_hidden_link_text'>Compartir por correo<\/span><\/a><\/li><\/ul><\/div><\/div>\n<div  style='height:50px' class='hr hr-invisible   avia-builder-el-8  el_after_av_social_share  el_before_av_comments_list '><span class='hr-inner ' ><span class='hr-inner-style'><\/span><\/span><\/div>\n<div  class='av-buildercomment  av-blog-meta-html-info-disabled av-blog-meta-tag-disabled  '><\/div>\n","protected":false},"excerpt":{"rendered":"","protected":false},"author":1,"featured_media":59409,"comment_status":"closed","ping_status":"closed","sticky":false,"template":"","format":"standard","meta":{"footnotes":""},"categories":[38],"tags":[],"class_list":["post-59408","post","type-post","status-publish","format-standard","has-post-thumbnail","hentry","category-regional"],"jetpack_featured_media_url":"https:\/\/radiorevelacionfm.cl\/wp-content\/uploads\/2025\/09\/547258575_798379869242670_4316818207116899243_n-1_optimized.jpg","_links":{"self":[{"href":"https:\/\/radiorevelacionfm.cl\/index.php?rest_route=\/wp\/v2\/posts\/59408","targetHints":{"allow":["GET"]}}],"collection":[{"href":"https:\/\/radiorevelacionfm.cl\/index.php?rest_route=\/wp\/v2\/posts"}],"about":[{"href":"https:\/\/radiorevelacionfm.cl\/index.php?rest_route=\/wp\/v2\/types\/post"}],"author":[{"embeddable":true,"href":"https:\/\/radiorevelacionfm.cl\/index.php?rest_route=\/wp\/v2\/users\/1"}],"replies":[{"embeddable":true,"href":"https:\/\/radiorevelacionfm.cl\/index.php?rest_route=%2Fwp%2Fv2%2Fcomments&post=59408"}],"version-history":[{"count":2,"href":"https:\/\/radiorevelacionfm.cl\/index.php?rest_route=\/wp\/v2\/posts\/59408\/revisions"}],"predecessor-version":[{"id":59411,"href":"https:\/\/radiorevelacionfm.cl\/index.php?rest_route=\/wp\/v2\/posts\/59408\/revisions\/59411"}],"wp:featuredmedia":[{"embeddable":true,"href":"https:\/\/radiorevelacionfm.cl\/index.php?rest_route=\/wp\/v2\/media\/59409"}],"wp:attachment":[{"href":"https:\/\/radiorevelacionfm.cl\/index.php?rest_route=%2Fwp%2Fv2%2Fmedia&parent=59408"}],"wp:term":[{"taxonomy":"category","embeddable":true,"href":"https:\/\/radiorevelacionfm.cl\/index.php?rest_route=%2Fwp%2Fv2%2Fcategories&post=59408"},{"taxonomy":"post_tag","embeddable":true,"href":"https:\/\/radiorevelacionfm.cl\/index.php?rest_route=%2Fwp%2Fv2%2Ftags&post=59408"}],"curies":[{"name":"wp","href":"https:\/\/api.w.org\/{rel}","templated":true}]}}