{"id":59402,"date":"2025-09-22T15:20:08","date_gmt":"2025-09-22T18:20:08","guid":{"rendered":"https:\/\/radiorevelacionfm.cl\/?p=59402"},"modified":"2025-09-22T15:20:08","modified_gmt":"2025-09-22T18:20:08","slug":"personas-emprendedoras-de-lago-verde-impulsan-sus-negocios-con-apoyo-del-fosis","status":"publish","type":"post","link":"https:\/\/radiorevelacionfm.cl\/?p=59402","title":{"rendered":"Personas emprendedoras de Lago Verde impulsan sus negocios con apoyo del FOSIS"},"content":{"rendered":"<div class=\"flex_column av_one_full  flex_column_div av-zero-column-padding first  avia-builder-el-0  el_before_av_one_full  avia-builder-el-first  \" style='border-radius:0px; '><div  class='avia-image-container  av-styling-    avia-builder-el-1  avia-builder-el-no-sibling  avia-align-center '  itemprop=\"image\" itemscope=\"itemscope\" itemtype=\"https:\/\/schema.org\/ImageObject\"  ><div class='avia-image-container-inner'><div class='avia-image-overlay-wrap'><img decoding=\"async\" class='wp-image-59403 avia-img-lazy-loading-not-59403 avia_image' src=\"https:\/\/radiorevelacionfm.cl\/wp-content\/uploads\/2025\/09\/eslv1-1_optimized.jpeg\" alt='' title='eslv1-(1)_optimized' height=\"600\" width=\"1006\"  itemprop=\"thumbnailUrl\" srcset=\"https:\/\/radiorevelacionfm.cl\/wp-content\/uploads\/2025\/09\/eslv1-1_optimized.jpeg 1006w, https:\/\/radiorevelacionfm.cl\/wp-content\/uploads\/2025\/09\/eslv1-1_optimized-300x179.jpeg 300w, https:\/\/radiorevelacionfm.cl\/wp-content\/uploads\/2025\/09\/eslv1-1_optimized-768x458.jpeg 768w, https:\/\/radiorevelacionfm.cl\/wp-content\/uploads\/2025\/09\/eslv1-1_optimized-705x420.jpeg 705w, https:\/\/radiorevelacionfm.cl\/wp-content\/uploads\/2025\/09\/eslv1-1_optimized-450x268.jpeg 450w, https:\/\/radiorevelacionfm.cl\/wp-content\/uploads\/2025\/09\/eslv1-1_optimized-600x358.jpeg 600w\" sizes=\"(max-width: 1006px) 100vw, 1006px\" \/><\/div><\/div><\/div><\/div><div class=\"flex_column av_one_full  flex_column_div av-zero-column-padding first  avia-builder-el-2  el_after_av_one_full  el_before_av_one_full  column-top-margin\" style='border-radius:0px; '><section class=\"av_textblock_section \"  itemscope=\"itemscope\" itemtype=\"https:\/\/schema.org\/BlogPosting\" itemprop=\"blogPost\" ><div class='avia_textblock  '   itemprop=\"text\" ><p style=\"text-align: center;\"><strong><span style=\"font-size: 18pt;\">Personas emprendedoras de Lago Verde impulsan sus negocios con apoyo del FOSIS<\/span><\/strong><\/p>\n<div id=\"gtx-trans\" style=\"position: absolute; left: -50px; top: 4.31534px;\">\n<div class=\"gtx-trans-icon\"><\/div>\n<\/div>\n<\/div><\/section><\/div><div class=\"flex_column av_one_full  flex_column_div av-zero-column-padding first  avia-builder-el-4  el_after_av_one_full  el_before_av_hr  column-top-margin\" style='border-radius:0px; '><section class=\"av_textblock_section \"  itemscope=\"itemscope\" itemtype=\"https:\/\/schema.org\/BlogPosting\" itemprop=\"blogPost\" ><div class='avia_textblock  '   itemprop=\"text\" ><ul>\n<li style=\"text-align: justify;\"><em>Los quince usuarios y usuarias del programa Emprendamos Semilla reciben capacitaci\u00f3n, asesor\u00eda y financiamiento para concretar y potenciar sus negocios.<\/em><\/li>\n<\/ul>\n<p style=\"text-align: justify;\">Hasta la Biblioteca Municipal de Lago Verde lleg\u00f3 la directora regional del FOSIS, Fernanda Leiva Mu\u00f1oz, para compartir y conocer a las personas emprendedoras que est\u00e1n participando de las sesiones de capacitaci\u00f3n y asesor\u00eda que son parte del programa Emprendamos Semilla, financiado por el Fondo de Solidaridad e Inversi\u00f3n Social, FOSIS, y ejecutado con apoyo de Chelenko Consultores.<\/p>\n<p style=\"text-align: justify;\">Las quince personas participantes est\u00e1n fortaleciendo sus iniciativas productivas con capacitaci\u00f3n, asesor\u00eda t\u00e9cnica y la elaboraci\u00f3n de un plan de financiamiento que les permitir\u00e1 a estas usuarias y usuarios adquirir herramientas, maquinaria e insumos para concretar y desarrollar sus negocios, junto con poder aumentar sus ingresos y avanzar hacia su autonom\u00eda econ\u00f3mica.<\/p>\n<p style=\"text-align: justify;\">Graciela C\u00e1rdenas Nauto, emprendedora de Lago verde y usuaria del programa del FOSIS, asegur\u00f3, sobre su experiencia participando en las sesiones, que \u201cha sido muy buena y gratificante para m\u00ed, como soy no vidente tambi\u00e9n me ha ayudado mucho en lo emocional. Es muy bueno el programa porque podemos salir adelante y ganarnos otros pesitos extra. Lo encuentro muy bueno y estoy muy contenta Mi emprendimiento es cortar pasto con mi m\u00e1quina y tratar de hacer lo mejor posible para mis vecinos y mis clientes\u201d.<\/p>\n<p style=\"text-align: justify;\">La directora regional del FOSIS, Fernanda Leiva Mu\u00f1oz, destac\u00f3 que \u201cvinimos a saludar y visitar a las quince personas usuarias de este programa Emprendamos Semilla, que iniciaron su proceso de capacitaci\u00f3n en modalidad mixta, talleres remotos y presenciales, y ya est\u00e1n trabajando en su plan de financiamiento. Quisimos acercarnos a conocer sus proyectos e ideas y c\u00f3mo van a trabajar para concretar las compras e insumos que requieren para hacer crecer sus negocios. Estamos agradecidos del trabajo colaborativo con la Municipalidad de Lago Verde para volver a traer estos programas a la comuna\u201d.<\/p>\n<p style=\"text-align: justify;\">Los programas para la autonom\u00eda econ\u00f3mica del FOSIS permiten aumentar y hacer m\u00e1s estable la generaci\u00f3n de ingresos, a trav\u00e9s del fortalecimiento de negocios, que se puede encontrar en distinto nivel de avance, desde concretar una idea de negocio hasta la consolidaci\u00f3n de un emprendimiento que ya est\u00e1 en funcionamiento.<\/p>\n<\/div><\/section><\/div><div  style='height:50px' class='hr hr-invisible   avia-builder-el-6  el_after_av_one_full  el_before_av_social_share '><span class='hr-inner ' ><span class='hr-inner-style'><\/span><\/span><\/div><\/p>\n<div  class='av-social-sharing-box  avia-builder-el-7  el_after_av_hr  el_before_av_hr  '><div class='av-share-box'><h5 class='av-share-link-description av-no-toc '>Compartir esta noticia<\/h5><ul class='av-share-box-list noLightbox'><li class='av-share-link av-social-link-facebook' ><a target=\"_blank\" aria-label=\"Compartir en Facebook\" href='https:\/\/www.facebook.com\/sharer.php?u=https:\/\/radiorevelacionfm.cl\/?p=59402&#038;t=Personas%20emprendedoras%20de%20Lago%20Verde%20impulsan%20sus%20negocios%20con%20apoyo%20del%20FOSIS' aria-hidden='false' data-av_icon='\ue8f3' data-av_iconfont='entypo-fontello' title='' data-avia-related-tooltip='Compartir en Facebook' rel=\"noopener\"><span class='avia_hidden_link_text'>Compartir en Facebook<\/span><\/a><\/li><li class='av-share-link av-social-link-twitter' ><a target=\"_blank\" aria-label=\"Compartir en Twitter\" href='https:\/\/twitter.com\/share?text=Personas%20emprendedoras%20de%20Lago%20Verde%20impulsan%20sus%20negocios%20con%20apoyo%20del%20FOSIS&#038;url=https:\/\/radiorevelacionfm.cl\/?p=59402' aria-hidden='false' data-av_icon='\ue8f1' data-av_iconfont='entypo-fontello' title='' data-avia-related-tooltip='Compartir en Twitter' rel=\"noopener\"><span class='avia_hidden_link_text'>Compartir en Twitter<\/span><\/a><\/li><li class='av-share-link av-social-link-whatsapp' ><a target=\"_blank\" aria-label=\"Compartir en Whatsapp\" href='https:\/\/api.whatsapp.com\/send?text=https:\/\/radiorevelacionfm.cl\/?p=59402' aria-hidden='false' data-av_icon='\uf232' data-av_iconfont='entypo-fontello' title='' data-avia-related-tooltip='Compartir en Whatsapp' rel=\"noopener\"><span class='avia_hidden_link_text'>Compartir en Whatsapp<\/span><\/a><\/li><li class='av-share-link av-social-link-linkedin' ><a target=\"_blank\" aria-label=\"Compartir en LinkedIn\" href='https:\/\/linkedin.com\/shareArticle?mini=true&#038;title=Personas%20emprendedoras%20de%20Lago%20Verde%20impulsan%20sus%20negocios%20con%20apoyo%20del%20FOSIS&#038;url=https:\/\/radiorevelacionfm.cl\/?p=59402' aria-hidden='false' data-av_icon='\ue8fc' data-av_iconfont='entypo-fontello' title='' data-avia-related-tooltip='Compartir en LinkedIn' rel=\"noopener\"><span class='avia_hidden_link_text'>Compartir en LinkedIn<\/span><\/a><\/li><li class='av-share-link av-social-link-mail' ><a  aria-label=\"Compartir por correo\" href='mailto:?subject=Personas%20emprendedoras%20de%20Lago%20Verde%20impulsan%20sus%20negocios%20con%20apoyo%20del%20FOSIS&#038;body=https:\/\/radiorevelacionfm.cl\/?p=59402' aria-hidden='false' data-av_icon='\ue805' data-av_iconfont='entypo-fontello' title='' data-avia-related-tooltip='Compartir por correo'><span class='avia_hidden_link_text'>Compartir por correo<\/span><\/a><\/li><\/ul><\/div><\/div>\n<div  style='height:50px' class='hr hr-invisible   avia-builder-el-8  el_after_av_social_share  el_before_av_comments_list '><span class='hr-inner ' ><span class='hr-inner-style'><\/span><\/span><\/div>\n<div  class='av-buildercomment  av-blog-meta-html-info-disabled av-blog-meta-tag-disabled  '><\/div>\n","protected":false},"excerpt":{"rendered":"","protected":false},"author":1,"featured_media":59403,"comment_status":"closed","ping_status":"closed","sticky":false,"template":"","format":"standard","meta":{"footnotes":""},"categories":[38],"tags":[],"class_list":["post-59402","post","type-post","status-publish","format-standard","has-post-thumbnail","hentry","category-regional"],"jetpack_featured_media_url":"https:\/\/radiorevelacionfm.cl\/wp-content\/uploads\/2025\/09\/eslv1-1_optimized.jpeg","_links":{"self":[{"href":"https:\/\/radiorevelacionfm.cl\/index.php?rest_route=\/wp\/v2\/posts\/59402","targetHints":{"allow":["GET"]}}],"collection":[{"href":"https:\/\/radiorevelacionfm.cl\/index.php?rest_route=\/wp\/v2\/posts"}],"about":[{"href":"https:\/\/radiorevelacionfm.cl\/index.php?rest_route=\/wp\/v2\/types\/post"}],"author":[{"embeddable":true,"href":"https:\/\/radiorevelacionfm.cl\/index.php?rest_route=\/wp\/v2\/users\/1"}],"replies":[{"embeddable":true,"href":"https:\/\/radiorevelacionfm.cl\/index.php?rest_route=%2Fwp%2Fv2%2Fcomments&post=59402"}],"version-history":[{"count":2,"href":"https:\/\/radiorevelacionfm.cl\/index.php?rest_route=\/wp\/v2\/posts\/59402\/revisions"}],"predecessor-version":[{"id":59405,"href":"https:\/\/radiorevelacionfm.cl\/index.php?rest_route=\/wp\/v2\/posts\/59402\/revisions\/59405"}],"wp:featuredmedia":[{"embeddable":true,"href":"https:\/\/radiorevelacionfm.cl\/index.php?rest_route=\/wp\/v2\/media\/59403"}],"wp:attachment":[{"href":"https:\/\/radiorevelacionfm.cl\/index.php?rest_route=%2Fwp%2Fv2%2Fmedia&parent=59402"}],"wp:term":[{"taxonomy":"category","embeddable":true,"href":"https:\/\/radiorevelacionfm.cl\/index.php?rest_route=%2Fwp%2Fv2%2Fcategories&post=59402"},{"taxonomy":"post_tag","embeddable":true,"href":"https:\/\/radiorevelacionfm.cl\/index.php?rest_route=%2Fwp%2Fv2%2Ftags&post=59402"}],"curies":[{"name":"wp","href":"https:\/\/api.w.org\/{rel}","templated":true}]}}